{"id":261600,"date":"2020-12-08T08:02:56","date_gmt":"2020-12-08T08:02:56","guid":{"rendered":"http:\/\/diariodominicano.ddns.net\/?p=261600"},"modified":"2020-12-08T08:02:56","modified_gmt":"2020-12-08T08:02:56","slug":"dan-categoria-de-abogados-a-los-defensores-publicos-2","status":"publish","type":"post","link":"https:\/\/diariodominicano.com\/?p=261600","title":{"rendered":"Dan categor\u00eda de Abogados a los defensores p\u00fablicos"},"content":{"rendered":"<p><body><\/p>\n<p><strong>Diariodominicano.com<\/strong><\/p>\n<p><strong>Dan categor\u00eda de Abogados a los defensores p\u00fablicos<\/strong><\/p>\n<p>Los defensores p\u00fablicos, personas letradas, se desarrollaron aqu\u00ed durante los \u00faltimos a\u00f1os de la etapa colonial y la ocupaci\u00f3n Haitiana de 1822- 1844. Durante los dos per\u00edodos la Universidad de Santo Domingo estuvo cerrada.<\/p>\n<p><strong>Por HTN<\/strong><\/p>\n<p><strong>Diariodominicano.com<\/strong><\/p>\n<p><strong>SANTO DOMINGO,  el 8 de diciembre de 1862,<\/strong> la Monarqu\u00eda de Espa\u00f1a en virtud de una Orden Real,  les dio categor\u00eda de abogados a los ciudadanos que trabajaban como defensores p\u00fablicos en el Santo Domingo Espa\u00f1ol.<\/p>\n<\/p>\n<p>    Los defensores p\u00fablicos, personas letradas, se desarrollaron aqu\u00ed durante los \u00faltimos a\u00f1os de la etapa colonial y la ocupaci\u00f3n Haitiana de 1822- 1844. Durante los dos per\u00edodos la Universidad de Santo Domingo estuvo cerrada.<\/p>\n<\/p>\n<p>   No  hab\u00eda donde formar abogados. Por ello, surgieron los defensores p\u00fablicos que eran personas que asist\u00edan a las personas acusadas de violar las disposiciones legales y municipales.<\/p>\n<\/p>\n<p>    Entre los defensores p\u00fablicos hubo personas que se destacaron en la sociedad por la calidad de su trabajo.<\/p>\n<\/p>\n<p>    En el grupo de los primeros que fueron reconocidos como abogados por la Orden Real dictada por la Monarqu\u00eda de Espa\u00f1a, se encontraban F\u00e9lix Marcano, Tom\u00e1s Bobadilla, Jacinto de Castro, Apolinar Castro, Pedro Francisco Bono, Juli\u00e1n Belisario y Nepomuceno Tejera.<\/p>\n<\/p>\n<p>   Con el decurso del tiempo los miembros del grupo ocuparon posiciones pol\u00edticas relevantes.<\/p>\n<\/p>\n<p>    En el momento que fue emitida la Orden Real del  8 de diciembre de 1862, la Rep\u00fablica Dominicana estaba anexada a Espa\u00f1a.<\/p>\n<\/p>\n<h6> 2020-12-08 08:02:56 <\/h6>\n<p><!--\n<link rel=\"stylesheet\" href=\"css\/bootstrap.min.css\">\n\n\n<ul class=\"pagination\">\n\t    \n\t\n\n<li >\n\t<a href='?page_no=86'>Previous<\/a>\n\t<\/li>\n\n\n       \n    \n\n<li><a href='?page_no=1'>1<\/a><\/li>\n\n\n\n<li><a href='?page_no=2'>2<\/a><\/li>\n\n\n\n<li><a>...<\/a><\/li>\n\n\n\n<li><a href='?page_no=85'>85<\/a><\/li>\n\n\n\n<li><a href='?page_no=86'>86<\/a><\/li>\n\n\n\n<li class='active'><a>87<\/a><\/li>\n\n\n\n<li><a href='?page_no=88'>88<\/a><\/li>\n\n\n\n<li><a href='?page_no=89'>89<\/a><\/li>\n\n\n\n<li><a>...<\/a><\/li>\n\n\n\n<li><a href='?page_no=110'>110<\/a><\/li>\n\n\n\n<li><a href='?page_no=111'>111<\/a><\/li>\n\n    \n\t\n\n<li >\n\t<a href='?page_no=88'>Next<\/a>\n\t<\/li>\n\n\n    \n\n<li><a href='?page_no=111'>Last &rsaquo;&rsaquo;<\/a><\/li>\n\n<\/ul>\n\n\n--><br \/>\n<\/body><\/p>\n","protected":false},"excerpt":{"rendered":"<p>Diariodominicano.com Dan categor\u00eda de Abogados a los defensores p\u00fablicos Los defensores p\u00fablicos, personas letradas, se desarrollaron aqu\u00ed durante los \u00faltimos a\u00f1os de la etapa colonial y la ocupaci\u00f3n Haitiana de 1822- 1844. Durante los dos per\u00edodos la Universidad de Santo Domingo estuvo cerrada. Por HTN Diariodominicano.com SANTO DOMINGO, el 8 de diciembre de 1862, la [&hellip;]<\/p>\n","protected":false},"author":3,"featured_media":0,"comment_status":"open","ping_status":"open","sticky":false,"template":"","format":"standard","meta":{"footnotes":""},"categories":[21],"tags":[],"class_list":["post-261600","post","type-post","status-publish","format-standard","hentry","category-cultura"],"_links":{"self":[{"href":"https:\/\/diariodominicano.com\/index.php?rest_route=\/wp\/v2\/posts\/261600","targetHints":{"allow":["GET"]}}],"collection":[{"href":"https:\/\/diariodominicano.com\/index.php?rest_route=\/wp\/v2\/posts"}],"about":[{"href":"https:\/\/diariodominicano.com\/index.php?rest_route=\/wp\/v2\/types\/post"}],"author":[{"embeddable":true,"href":"https:\/\/diariodominicano.com\/index.php?rest_route=\/wp\/v2\/users\/3"}],"replies":[{"embeddable":true,"href":"https:\/\/diariodominicano.com\/index.php?rest_route=%2Fwp%2Fv2%2Fcomments&post=261600"}],"version-history":[{"count":0,"href":"https:\/\/diariodominicano.com\/index.php?rest_route=\/wp\/v2\/posts\/261600\/revisions"}],"wp:attachment":[{"href":"https:\/\/diariodominicano.com\/index.php?rest_route=%2Fwp%2Fv2%2Fmedia&parent=261600"}],"wp:term":[{"taxonomy":"category","embeddable":true,"href":"https:\/\/diariodominicano.com\/index.php?rest_route=%2Fwp%2Fv2%2Fcategories&post=261600"},{"taxonomy":"post_tag","embeddable":true,"href":"https:\/\/diariodominicano.com\/index.php?rest_route=%2Fwp%2Fv2%2Ftags&post=261600"}],"curies":[{"name":"wp","href":"https:\/\/api.w.org\/{rel}","templated":true}]}}