{"id":261599,"date":"2020-12-08T21:56:17","date_gmt":"2020-12-08T21:56:17","guid":{"rendered":"http:\/\/diariodominicano.ddns.net\/?p=261599"},"modified":"2020-12-08T21:56:17","modified_gmt":"2020-12-08T21:56:17","slug":"presidente-exhorta-a-militares-y-policias-a-trabajar-juntos-durante-investidura-de-2400-nuevos-militares","status":"publish","type":"post","link":"https:\/\/diariodominicano.com\/?p=261599","title":{"rendered":"Presidente exhorta a militares y polic\u00edas a trabajar juntos durante investidura de 2,400 nuevos militares"},"content":{"rendered":"<p><body><\/p>\n<p><img decoding=\"async\" src=\"http:\/\/localhost:8080\/img3\/Abinaderposgrado8-12-20.jpeg\" \/>  <\/p>\n<p><strong><span class=\"text1noticias\"> <\/span><\/strong><\/p>\n<p><strong><span class=\"text1noticias\">diariodominicano.com<\/span><\/strong><\/p>\n<p><strong><span class=\"text1noticias\"> <\/span><\/strong><\/p>\n<p><strong><span class=\"text1noticias\">Santo Domingo, R. D., 8 de diciembre, 2020.-<\/span><\/strong><span class=\"text1noticias\"> El presidente Luis Abinader encabez\u00f3 el martes la XVI Graduaci\u00f3n Ordinaria Conjunta de Posgrado, Educaci\u00f3n Continua y Pasant\u00eda Militar del Instituto Superior para la Defensa \u00abGeneral Juan Pablo Duarte D\u00edez\u00bb (INSUDE), acto en que fueron investidos m\u00e1s de 2,400 profesionales en distintas \u00e1reas.<\/span><\/p>\n<p><span class=\"text1noticias\"> <\/span><\/p>\n<p><span class=\"text1noticias\">Abinader aprovech\u00f3 la ocasi\u00f3n para expresar sus buenos deseos, a prop\u00f3sito de la Navidad, y pidi\u00f3 por \u00abla salud de todos los militares y las familias de las Fuerzas Armadas y la Polic\u00eda Nacional\u00bb.<\/span><\/p>\n<p><span class=\"text1noticias\"> <\/span><\/p>\n<p><span class=\"text1noticias\">El mandatario exhort\u00f3 a los militares y polic\u00edas a unificarse para que juntos se preparen para un nuevo a\u00f1o de grandes retos y grandes satisfacciones.<\/span><\/p>\n<p><span class=\"text1noticias\"> <\/span><\/p>\n<p><span class=\"text1noticias\">En la ceremonia estuvo junto al presidente, el vicealmirante Joaqu\u00edn Peignand, de la Armada de la Rep\u00fablica Dominicana (ARD) y viceministro de Defensa para Asuntos Navales y Costeros, quien represent\u00f3 al ministro de Defensa, teniente general Carlos D\u00edaz Morfa.<\/span><\/p>\n<p><span class=\"text1noticias\"> <\/span><\/p>\n<p><span class=\"text1noticias\">Los nuevos profesionales fueron investidos en acto realizado en el Sal\u00f3n Independencia, del Ministerio de Defensa, bajo las medidas de seguridad y distanciamiento que sugieren las autoridades sanitarias, ante la pandemia de la COVID-19.<\/span><\/p>\n<p><span class=\"text1noticias\"> <\/span><\/p>\n<p><span class=\"text1noticias\">Los nuevos egresados tomaron juramento ante el presidente de la Rep\u00fablica, Luis Abinader, como autoridad suprema de las Fuerzas Armadas y la Polic\u00eda Nacional; quien hizo entrega de los certificados a los graduados especializados de pa\u00edses amigos, correspondientes a los cuerpos militares de Guatemala, El Salvador, Nicaragua, Panam\u00e1 y Honduras.<\/span><\/p>\n<p><span class=\"text1noticias\"> <\/span><\/p>\n<p><span class=\"text1noticias\">A su llegada, el presidente fue recibido con los honores militares de estilo, las 21 salvas de rigor y las notas del himno nacional para dar inicio al acto formal de investidura.<\/span><\/p>\n<p><span class=\"text1noticias\"> <\/span><\/p>\n<p><span class=\"text1noticias\">De su lado, el rector del INSUDE, general de Brigada del Ej\u00e9rcito, Francisco Ovalle Pichardo, resalt\u00f3 que \u00ablos logros alcanzados por este instituto no deben ser motivo de sorpresa; son el resultado de las pol\u00edticas p\u00fablicas que, en apoyo de la Educaci\u00f3n Superior, ha venido implementando el Gobierno del presidente Luis Abinader, a trav\u00e9s de los ministerios de Defensa y Educaci\u00f3n Superior\u00bb.<\/span><\/p>\n<p><span class=\"text1noticias\"> <\/span><\/p>\n<p><span class=\"text1noticias\">Destac\u00f3 adem\u00e1s el apoyo familiar de cada uno de los graduandos, como parte vital de este logro. \u00abHoy concluyen una etapa importante de su vida profesional, una meta alcanzada con dedicaci\u00f3n y sacrificio, un m\u00e9rito no solo de ustedes, sino que, por igual, de un consagrado n\u00facleo familiar que les acompa\u00f1\u00f3 durante largas noches de fatiga\u00bb.<\/span><\/p>\n<p><span class=\"text1noticias\"> <\/span><\/p>\n<p><span class=\"text1noticias\">Dijo que, \u00abson ustedes verdaderos embajadores y dignos representantes de naciones amigas, las que al igual que nuestra amada Rep\u00fablica Dominicana, apuesta por la paz, hermandad y respeto mutuo, y para cuyos fines estoy seguro ser\u00e1n destinados los conocimientos aqu\u00ed adquiridos\u00bb.<\/span><\/p>\n<p><span class=\"text1noticias\"> <\/span><\/p>\n<p><span class=\"text1noticias\">En la graduaci\u00f3n tambi\u00e9n participaron, Franklin Garc\u00eda Ferm\u00edn, ministro de Educaci\u00f3n Superior, Ciencia y Tecnolog\u00eda (MESCYT); general de Brigada V\u00edctor Mercedes Cepeda, viceministro de Asuntos Militares del Ministerio de Defensa (MIDE); mayor general Julio Flori\u00e1n P\u00e9rez, comandante general del Ej\u00e9rcito; y el mayor general Edward S\u00e1nchez, director de la Polic\u00eda Nacional.<\/span><\/p>\n<p><span class=\"text1noticias\"> <\/span><\/p>\n<p><span class=\"text1noticias\">La bendici\u00f3n del acto estuvo a cargo del cura p\u00e1rroco El\u00edas Camaa\u00f1o, del Ej\u00e9rcito de la Rep\u00fablica Dominicana (ERD).<\/span><\/p>\n<p><span class=\"text1noticias\"> <\/span><\/p>\n<p><span class=\"text1noticias\">Al finalizar el acto, el presidente comparti\u00f3 unos minutos con el vicealmirante Joaqu\u00edn Peignand, ARD, viceministro de Defensa para Asuntos Navales y Costeros, as\u00ed como con los dem\u00e1s altos mandos militares quienes agradecieron la presencia del mandatario.<\/span><\/p>\n<p><span class=\"text1noticias\"> <\/span><\/p>\n<p><span class=\"text1noticias\">Formaci\u00f3n orientada a la seguridad y defensa<\/span><\/p>\n<p><span class=\"text1noticias\"> <\/span><\/p>\n<p><span class=\"text1noticias\">Los m\u00e1s de 2,400 nuevos profesionales est\u00e1n formados en diferentes cursos y diplomados de grado, posgrado, educaci\u00f3n continua y pasant\u00eda militar en \u00e1reas como derechos humanos, derecho internacional humanitario y militar, geopol\u00edtica, operaciones militares, observadores militares, seguridad fronteriza terrestre, seguridad tur\u00edstica, personal militar, seguridad presidencial, seguridad portuaria, seguridad medioambiental, seguridad en control de combustibles, seguridad vi<\/span>al, entre otras.<\/p>\n<h6> 2020-12-08 21:56:17 <\/h6>\n<p><!--\n<link rel=\"stylesheet\" href=\"css\/bootstrap.min.css\">\n\n\n<ul class=\"pagination\">\n\t    \n\t\n\n<li >\n\t<a href='?page_no=85'>Previous<\/a>\n\t<\/li>\n\n\n       \n    \n\n<li><a href='?page_no=1'>1<\/a><\/li>\n\n\n\n<li><a href='?page_no=2'>2<\/a><\/li>\n\n\n\n<li><a>...<\/a><\/li>\n\n\n\n<li><a href='?page_no=84'>84<\/a><\/li>\n\n\n\n<li><a href='?page_no=85'>85<\/a><\/li>\n\n\n\n<li class='active'><a>86<\/a><\/li>\n\n\n\n<li><a href='?page_no=87'>87<\/a><\/li>\n\n\n\n<li><a href='?page_no=88'>88<\/a><\/li>\n\n\n\n<li><a>...<\/a><\/li>\n\n\n\n<li><a href='?page_no=110'>110<\/a><\/li>\n\n\n\n<li><a href='?page_no=111'>111<\/a><\/li>\n\n    \n\t\n\n<li >\n\t<a href='?page_no=87'>Next<\/a>\n\t<\/li>\n\n\n    \n\n<li><a href='?page_no=111'>Last &rsaquo;&rsaquo;<\/a><\/li>\n\n<\/ul>\n\n\n--><br \/>\n<\/body><\/p>\n","protected":false},"excerpt":{"rendered":"<p>diariodominicano.com Santo Domingo, R. D., 8 de diciembre, 2020.- El presidente Luis Abinader encabez\u00f3 el martes la XVI Graduaci\u00f3n Ordinaria Conjunta de Posgrado, Educaci\u00f3n Continua y Pasant\u00eda Militar del Instituto Superior para la Defensa \u00abGeneral Juan Pablo Duarte D\u00edez\u00bb (INSUDE), acto en que fueron investidos m\u00e1s de 2,400 profesionales en distintas \u00e1reas. Abinader aprovech\u00f3 la [&hellip;]<\/p>\n","protected":false},"author":3,"featured_media":0,"comment_status":"open","ping_status":"open","sticky":false,"template":"","format":"standard","meta":{"footnotes":""},"categories":[21],"tags":[],"class_list":["post-261599","post","type-post","status-publish","format-standard","hentry","category-cultura"],"_links":{"self":[{"href":"https:\/\/diariodominicano.com\/index.php?rest_route=\/wp\/v2\/posts\/261599","targetHints":{"allow":["GET"]}}],"collection":[{"href":"https:\/\/diariodominicano.com\/index.php?rest_route=\/wp\/v2\/posts"}],"about":[{"href":"https:\/\/diariodominicano.com\/index.php?rest_route=\/wp\/v2\/types\/post"}],"author":[{"embeddable":true,"href":"https:\/\/diariodominicano.com\/index.php?rest_route=\/wp\/v2\/users\/3"}],"replies":[{"embeddable":true,"href":"https:\/\/diariodominicano.com\/index.php?rest_route=%2Fwp%2Fv2%2Fcomments&post=261599"}],"version-history":[{"count":0,"href":"https:\/\/diariodominicano.com\/index.php?rest_route=\/wp\/v2\/posts\/261599\/revisions"}],"wp:attachment":[{"href":"https:\/\/diariodominicano.com\/index.php?rest_route=%2Fwp%2Fv2%2Fmedia&parent=261599"}],"wp:term":[{"taxonomy":"category","embeddable":true,"href":"https:\/\/diariodominicano.com\/index.php?rest_route=%2Fwp%2Fv2%2Fcategories&post=261599"},{"taxonomy":"post_tag","embeddable":true,"href":"https:\/\/diariodominicano.com\/index.php?rest_route=%2Fwp%2Fv2%2Ftags&post=261599"}],"curies":[{"name":"wp","href":"https:\/\/api.w.org\/{rel}","templated":true}]}}