{"id":261516,"date":"2020-11-30T13:11:26","date_gmt":"2020-11-30T13:11:26","guid":{"rendered":"http:\/\/diariodominicano.ddns.net\/?p=261516"},"modified":"2020-11-30T13:11:26","modified_gmt":"2020-11-30T13:11:26","slug":"union-europea-presenta-al-mescyt-dos-programas-de-investigacion-cientifica-2","status":"publish","type":"post","link":"https:\/\/diariodominicano.com\/?p=261516","title":{"rendered":"Uni\u00f3n Europea presenta al MESCYT dos programas de investigaci\u00f3n cient\u00edfica"},"content":{"rendered":"<p><body><\/p>\n<p><img decoding=\"async\" src=\"img3\/Mescyt30-11-20.jpg\" \/><br \/><img decoding=\"async\" src=\"img3\/Mescyt-Europa30-11-20.jpg\" \/>  <\/p>\n<p><span class=\"text1noticias\"> diariodominicano.com<\/span><\/p>\n<\/p>\n<p><span class=\"text1noticias\">Santo Domingo, R. D., 30 de noviembre, 2020.- El embajador de la Uni\u00f3n Europea en la Rep\u00fablica Dominicana, Gianluca Grippa, present\u00f3 al ministro de Educaci\u00f3n Superior, Ciencia y Tecnolog\u00eda (MESCYT),  doctor Franklin Garc\u00eda Ferm\u00edn, dos programas de investigaci\u00f3n cient\u00edfica que tiene a nivel mundial la UE, con el prop\u00f3sito de que puedan ser aprovechados como oportunidad de crecimiento en la educaci\u00f3n superior del pa\u00eds.<\/span><\/p>\n<p><span class=\"text1noticias\"> <\/span><\/p>\n<p><span class=\"text1noticias\">La jornada se llev\u00f3 a cabo en la Delegaci\u00f3n de la UE en el pa\u00eds, donde estuvieron presentes representantes de las asociaciones dominicanas de Universidades (ADRU), de Rectores de Universidades (ADOU) y Nacional de Universidades Privadas de la Rep\u00fablica Dominicana.<\/span><\/p>\n<p><span class=\"text1noticias\"> <\/span><\/p>\n<p><span class=\"text1noticias\">Durante una reuni\u00f3n, el diplom\u00e1tico manifest\u00f3 a Garc\u00eda Ferm\u00edn que desde que lleg\u00f3 al pa\u00eds estaba interesado en exponerles a las autoridades de educaci\u00f3n superior el fundamento, las oportunidades y facilidades que ofrecen los programas Horizonte 2020 y Erasmus+.<\/span><\/p>\n<p><span class=\"text1noticias\"> <\/span><\/p>\n<p><span class=\"text1noticias\">Grippa coment\u00f3 al funcionario que esos programas dispondr\u00e1n de mayores fondos a partir del 2021, para el desarrollo e investigaci\u00f3n cient\u00edfica.<\/span><\/p>\n<p><span class=\"text1noticias\"> <\/span><\/p>\n<p><span class=\"text1noticias\">El diplom\u00e1tico present\u00f3 el programa de investigaci\u00f3n e innovaci\u00f3n Horizonte 2020, punto de contactos y otros.<\/span><\/p>\n<p><span class=\"text1noticias\"> <\/span><\/p>\n<p><span class=\"text1noticias\">El mismo tiene como objetivo presentar, explicar y motivar a los gestores e investigadores de las universidades, centros, institutos, entre otros, las oportunidades e instrumentos que existen para conseguir financiamientos para sus proyectos de investigaci\u00f3n e innovaci\u00f3n.<\/span><\/p>\n<p><span class=\"text1noticias\"> <\/span><\/p>\n<p><span class=\"text1noticias\">Tambi\u00e9n tiene como finalidad exponer los diversos programas y\/o instituciones, nacionales e internacionales, que disponen de fondos para financiamiento de proyectos de investigaci\u00f3n e innovaci\u00f3n.<\/span><\/p>\n<p><span class=\"text1noticias\"> <\/span><\/p>\n<p><span class=\"text1noticias\">Horizonte 2020 es la principal herramienta de financiamiento para la investigaci\u00f3n y el desarrollo de Europa y el mundo, iniciativa emblem\u00e1tica de Europa 2020 dirigida a asegurar la competitividad global, cuya ejecuci\u00f3n presupuestaria es de unos ?79,000 millones.<\/span><\/p>\n<p><span class=\"text1noticias\"> <\/span><\/p>\n<p><span class=\"text1noticias\">Mientras que el Erasmus+ es el programa de la UE para apoyar la educaci\u00f3n, la formaci\u00f3n, la juventud y el deporte, que dispone de financiaci\u00f3n de proyectos y becas.<\/span><\/p>\n<p><span class=\"text1noticias\"> <\/span><\/p>\n<p><span class=\"text1noticias\">Su objetivo es desarrollar capacidades y ayudar a modernizar las instituciones de educaci\u00f3n superior en los pa\u00edses asociados, con un impacto estructural a largo plazo, para apoyar la internacionalizaci\u00f3n, desarrollar planes de estudios, mejorar la calidad y reforzar la gesti\u00f3n y gobernanza.<\/span><\/p>\n<p><span class=\"text1noticias\"> <\/span><\/p>\n<p><span class=\"text1noticias\">Garc\u00eda Ferm\u00edn agradeci\u00f3 al embajador de la UE por su inter\u00e9s de presentar al MESCYT esos programas de investigaci\u00f3n cient\u00edfica, mientras que Grippa expres\u00f3 que desde que lleg\u00f3 al pa\u00eds estaba interesado de que el MESCYT conociera los mismos.<\/span><\/p>\n<p><span class=\"text1noticias\"> <\/span><\/p>\n<p><span class=\"text1noticias\">En la reuni\u00f3n estuvieron presentes los representantes de ADOU, Francisco Ovalle Pichardo; Ricardo Winter, de la Nacional de Universidades Privadas de la Rep\u00fablica Dominicana; Epifanio Gonz\u00e1lez Minaya, de la ADRU; y el viceministro del MESCYT, Carlos Mendieta.<\/span><\/p>\n<p><span class=\"text1noticias\"> <\/span><\/p>\n<p><span class=\"text1noticias\">PIE DE FOTO: <\/span><\/p>\n<p><span class=\"text1noticias\">El ministro del MESCYT, doctor Franklin Garc\u00eda Ferm\u00edn, sostuvo una reuni\u00f3n con el embajador de la Uni\u00f3n Europea en la Rep\u00fablica Dominican<\/span>a, Gianluca Grippa.<\/p>\n<\/p>\n<p><span class=\"text1noticias\">Fuente: Federico Mendez Nova<\/span><\/p>\n<h6> 2020-11-30 13:11:26 <\/h6>\n<p><!--\n<link rel=\"stylesheet\" href=\"css\/bootstrap.min.css\">\n\n\n<ul class=\"pagination\">\n\t    \n\t\n\n<li >\n\t<a href='?page_no=109'>Previous<\/a>\n\t<\/li>\n\n\n       \n    \n\n<li><a href='?page_no=1'>1<\/a><\/li>\n\n\n\n<li><a href='?page_no=2'>2<\/a><\/li>\n\n\n\n<li><a>...<\/a><\/li>\n\n\n\n<li><a href='?page_no=105'>105<\/a><\/li>\n\n\n\n<li><a href='?page_no=106'>106<\/a><\/li>\n\n\n\n<li><a href='?page_no=107'>107<\/a><\/li>\n\n\n\n<li><a href='?page_no=108'>108<\/a><\/li>\n\n\n\n<li><a href='?page_no=109'>109<\/a><\/li>\n\n\n\n<li class='active'><a>110<\/a><\/li>\n\n\n\n<li><a href='?page_no=111'>111<\/a><\/li>\n\n    \n\t\n\n<li >\n\t<a href='?page_no=111'>Next<\/a>\n\t<\/li>\n\n\n    \n\n<li><a href='?page_no=111'>Last &rsaquo;&rsaquo;<\/a><\/li>\n\n<\/ul>\n\n\n--><br \/>\n<\/body><\/p>\n","protected":false},"excerpt":{"rendered":"<p>diariodominicano.com Santo Domingo, R. D., 30 de noviembre, 2020.- El embajador de la Uni\u00f3n Europea en la Rep\u00fablica Dominicana, Gianluca Grippa, present\u00f3 al ministro de Educaci\u00f3n Superior, Ciencia y Tecnolog\u00eda (MESCYT), doctor Franklin Garc\u00eda Ferm\u00edn, dos programas de investigaci\u00f3n cient\u00edfica que tiene a nivel mundial la UE, con el prop\u00f3sito de que puedan ser aprovechados [&hellip;]<\/p>\n","protected":false},"author":3,"featured_media":0,"comment_status":"open","ping_status":"open","sticky":false,"template":"","format":"standard","meta":{"footnotes":""},"categories":[21],"tags":[],"class_list":["post-261516","post","type-post","status-publish","format-standard","hentry","category-cultura"],"_links":{"self":[{"href":"https:\/\/diariodominicano.com\/index.php?rest_route=\/wp\/v2\/posts\/261516","targetHints":{"allow":["GET"]}}],"collection":[{"href":"https:\/\/diariodominicano.com\/index.php?rest_route=\/wp\/v2\/posts"}],"about":[{"href":"https:\/\/diariodominicano.com\/index.php?rest_route=\/wp\/v2\/types\/post"}],"author":[{"embeddable":true,"href":"https:\/\/diariodominicano.com\/index.php?rest_route=\/wp\/v2\/users\/3"}],"replies":[{"embeddable":true,"href":"https:\/\/diariodominicano.com\/index.php?rest_route=%2Fwp%2Fv2%2Fcomments&post=261516"}],"version-history":[{"count":0,"href":"https:\/\/diariodominicano.com\/index.php?rest_route=\/wp\/v2\/posts\/261516\/revisions"}],"wp:attachment":[{"href":"https:\/\/diariodominicano.com\/index.php?rest_route=%2Fwp%2Fv2%2Fmedia&parent=261516"}],"wp:term":[{"taxonomy":"category","embeddable":true,"href":"https:\/\/diariodominicano.com\/index.php?rest_route=%2Fwp%2Fv2%2Fcategories&post=261516"},{"taxonomy":"post_tag","embeddable":true,"href":"https:\/\/diariodominicano.com\/index.php?rest_route=%2Fwp%2Fv2%2Ftags&post=261516"}],"curies":[{"name":"wp","href":"https:\/\/api.w.org\/{rel}","templated":true}]}}