{"id":261514,"date":"2020-12-01T08:28:30","date_gmt":"2020-12-01T08:28:30","guid":{"rendered":"http:\/\/diariodominicano.ddns.net\/?p=261514"},"modified":"2020-12-01T08:28:30","modified_gmt":"2020-12-01T08:28:30","slug":"el-dia-que-jose-nunez-de-caceres-proclamo-el-santo-domingo-espanol","status":"publish","type":"post","link":"https:\/\/diariodominicano.com\/?p=261514","title":{"rendered":"El dia que Jos\u00e9 N\u00fa\u00f1ez de C\u00e1ceres proclam\u00f3 el Santo Domingo Espa\u00f1ol"},"content":{"rendered":"<p><body><\/p>\n<p><img decoding=\"async\" src=\"img3\/Jose Nunez de Cacerez.jpg\" \/>  <\/p>\n<p><strong>Diariodominicano.com<\/strong><\/p>\n<p><strong>El dia que Jos\u00e9 N\u00fa\u00f1ez de C\u00e1ceres proclam\u00f3 el Santo Domingo Espa\u00f1ol<\/strong><\/p>\n<p><strong>  Jos\u00e9 N\u00fa\u00f1ez de C\u00e1ceres proclam\u00f3 que \u00abla parte espa\u00f1ola de la Rep\u00fablica de Hait\u00ed queda desde este d\u00eda constituida en un Estado libre e independiente: que el buen pueblo dominicano ni ahora, ni en adelante, ni nunca se someter\u00e1 a las leyes y Gobierno de Espa\u00f1a, consider\u00e1ndose absuelto de toda obligaci\u00f3n de fidelidad y obediencia: que revestido de la dignidad y car\u00e1cter de naci\u00f3n soberana, tiene un pleno poder y facultades para establecer la forma de Gobierno que mejor le convenga,<\/strong><\/p>\n<p><strong>Por H\u00e9ctor Tineo Nolasco<\/strong><\/p>\n<p><strong>Diariodominicano.com<\/strong><\/p>\n<\/p>\n<p><strong>SANTO DOMINGO,  el  1 de diciembre de 1821<\/strong>, el licenciado Jos\u00e9 N\u00fa\u00f1ez de C\u00e1ceres hizo p\u00fablica su  declaratoria de independencia. En sus primeras palabras proclam\u00f3 el fin de la dependencia de la colonia de Santo Domingo a Espa\u00f1a.<\/p>\n<\/p>\n<p>    \u00abNo m\u00e1s dependencia, no m\u00e1s humillaci\u00f3n, no m\u00e1s sometimiento al capricho y veleidad del Gabinete de Madrid\u00bb, expres\u00f3  y sostuvo que en esas breves \u00aby compendiosas cl\u00e1usulas est\u00e1 cifrada la firme resoluci\u00f3n que jura y proclama en este d\u00eda el pueblo dominicano. Rompi\u00f3 ya para siempre desde este momento los gastados eslabones que lo encadenaban al pesado y opresivo carromato de la Antigua Metr\u00f3poli, y reasumiendo la dignidad y energ\u00eda de un pueblo libre protesta delante del Ser Supremo, que resuelto a constituirse en un Estado Independiente no habr\u00e1 sacrificio que no inmole en el altar de la Patria para llevar a cabo la heroica empresa de figurar y ser admitido al rango y consideraci\u00f3n de los dem\u00e1s pueblos libres del mundo pol\u00edtico\u00bb.<\/p>\n<p>     Proclam\u00f3 que \u00abla parte espa\u00f1ola de la Rep\u00fablica de Hait\u00ed queda desde este d\u00eda constituida en un Estado libre e independiente: que el buen pueblo dominicano ni ahora, ni en adelante, ni nunca se someter\u00e1 a las leyes y Gobierno de Espa\u00f1a, consider\u00e1ndose absuelto de toda obligaci\u00f3n de fidelidad y obediencia: que revestido de la dignidad y car\u00e1cter de naci\u00f3n soberana, tiene un pleno poder y facultades para establecer la forma de Gobierno que mejor le convenga, contraer alianzas, declarar la Guerra, concluir la paz, ajustar tratados de Comercio, y celebrar los dem\u00e1s actos, transacciones y convenios que pueden por derecho los dem\u00e1s pueblos libres e independientes\u00bb.<\/p>\n<p>     Jos\u00e9 N\u00fa\u00f1ez de C\u00e1ceres en su declaratoria de independencia el d\u00eda 1 de diciembre de 1821 dej\u00f3 claro que si Espa\u00f1a reconociera y aprobare la declaraci\u00f3n de Independencia \u00abser\u00e1 habida y reputada como amiga, pero si la impugnare o por cualquier v\u00eda y modo pretendiere estorbar nuestras instituciones y la marcha del nuevo Gobierno \u00aben que vamos a entrar, sabremos defenderlo  con nuestras vidas, fortuna y honor. !Viva la Patria, Viva la Independencia, Viva la Uni\u00f3n de Colombia\u00bb. <\/p>\n<p>     Jos\u00e9 N\u00fa\u00f1ez de C\u00e1ceres en la declaratoria de Independencia consider\u00f3 que \u00abEl ignominioso pupilaje de 328 a\u00f1os es ciertamente una lecci\u00f3n demasiado larga y costosa, que a todos desenga\u00f1a por s\u00ed sola y sin mayor esfuerzo del ninguna, fruto que se ha sacado de la fan\u00e1tica lealtad a los Reyes de Espa\u00f1a. Con este falso \u00eddolo, levantado por el error, y sostenido por una superstici\u00f3n pol\u00edtica, se hab\u00eda logrado aletargar el esp\u00edritu, y burlarse de la credulidad de un pueblo naturalmente bondadoso y sencillo\u00bb.<\/p>\n<p>    Resalt\u00f3 que \u00abSer fieles a Espa\u00f1a, aguantar con una paciencia est\u00fapida los desprecios de la Espa\u00f1a, no vivir, no moverse, no ser para nosotros, sino para la Espa\u00f1a, era todo y lo \u00fanico en que hac\u00edamos construir nuestra felicidad, la fama de nuestras virtudes y la recompensa de los m\u00e1s distinguidos servicios\u00bb.<\/p>\n<p><strong>      El licenciado Jos\u00e9 N\u00fa\u00f1ez de C\u00e1ceres  advirti\u00f3:<\/strong><\/p>\n<p>    \u00abSi hay todav\u00eda entre nosotros almas tan bajas y vendidas al servilismo, que se atrevan a contradecir estas verdades  de experiencia, vuelvan por un instante sus fascinados ojos al espantoso Estado de ruina y desolaci\u00f3n en que yace sumida la parte espa\u00f1ola de la Primada del Nuevo Mundo\u00bb.<\/p>\n<p>     Jos\u00e9 N\u00fa\u00f1ez de C\u00e1ceres proclam\u00f3 la Independencia bajo el protectorado de la Gran Colombia, pero no logr\u00f3 el apoyo que esperaba porque el pr\u00f3cer Sim\u00f3n Bol\u00edvar no se lo ofreci\u00f3.<\/p>\n<p>    En ese momento en el Santo Domingo Espa\u00f1ol hab\u00eda una parte de la poblaci\u00f3n que abogaba porque el territorio del Este se sumara a Hait\u00ed. <\/p>\n<p>   El Movimiento era alentado por el Presidente haitiano Jean Pierre Boyer. Por ello, al no recibir el apoyo de la Gran Colombia el licenciado Jos\u00e9 N\u00fa\u00f1ez de C\u00e1ceres se vio obligado a desistir de su proyecto.<\/p>\n<p>   Esa circunstancia posibilit\u00f3 la ocupaci\u00f3n haitiana que se inici\u00f3 en el a\u00f1o fue 1822 y termin\u00f3 el 27 de febrero de 1844, cuando fue proclamada la Rep\u00fablica Dominicana.<\/p>\n<h6> 2020-12-01 08:28:30 <\/h6>\n<p><!--\n<link rel=\"stylesheet\" href=\"css\/bootstrap.min.css\">\n\n\n<ul class=\"pagination\">\n\t    \n\t\n\n<li >\n\t<a href='?page_no=108'>Previous<\/a>\n\t<\/li>\n\n\n       \n    \n\n<li><a href='?page_no=1'>1<\/a><\/li>\n\n\n\n<li><a href='?page_no=2'>2<\/a><\/li>\n\n\n\n<li><a>...<\/a><\/li>\n\n\n\n<li><a href='?page_no=105'>105<\/a><\/li>\n\n\n\n<li><a href='?page_no=106'>106<\/a><\/li>\n\n\n\n<li><a href='?page_no=107'>107<\/a><\/li>\n\n\n\n<li><a href='?page_no=108'>108<\/a><\/li>\n\n\n\n<li class='active'><a>109<\/a><\/li>\n\n\n\n<li><a href='?page_no=110'>110<\/a><\/li>\n\n\n\n<li><a href='?page_no=111'>111<\/a><\/li>\n\n    \n\t\n\n<li >\n\t<a href='?page_no=110'>Next<\/a>\n\t<\/li>\n\n\n    \n\n<li><a href='?page_no=111'>Last &rsaquo;&rsaquo;<\/a><\/li>\n\n<\/ul>\n\n\n--><br \/>\n<\/body><\/p>\n","protected":false},"excerpt":{"rendered":"<p>Diariodominicano.com El dia que Jos\u00e9 N\u00fa\u00f1ez de C\u00e1ceres proclam\u00f3 el Santo Domingo Espa\u00f1ol Jos\u00e9 N\u00fa\u00f1ez de C\u00e1ceres proclam\u00f3 que \u00abla parte espa\u00f1ola de la Rep\u00fablica de Hait\u00ed queda desde este d\u00eda constituida en un Estado libre e independiente: que el buen pueblo dominicano ni ahora, ni en adelante, ni nunca se someter\u00e1 a las leyes [&hellip;]<\/p>\n","protected":false},"author":3,"featured_media":0,"comment_status":"open","ping_status":"open","sticky":false,"template":"","format":"standard","meta":{"footnotes":""},"categories":[21],"tags":[],"class_list":["post-261514","post","type-post","status-publish","format-standard","hentry","category-cultura"],"_links":{"self":[{"href":"https:\/\/diariodominicano.com\/index.php?rest_route=\/wp\/v2\/posts\/261514","targetHints":{"allow":["GET"]}}],"collection":[{"href":"https:\/\/diariodominicano.com\/index.php?rest_route=\/wp\/v2\/posts"}],"about":[{"href":"https:\/\/diariodominicano.com\/index.php?rest_route=\/wp\/v2\/types\/post"}],"author":[{"embeddable":true,"href":"https:\/\/diariodominicano.com\/index.php?rest_route=\/wp\/v2\/users\/3"}],"replies":[{"embeddable":true,"href":"https:\/\/diariodominicano.com\/index.php?rest_route=%2Fwp%2Fv2%2Fcomments&post=261514"}],"version-history":[{"count":0,"href":"https:\/\/diariodominicano.com\/index.php?rest_route=\/wp\/v2\/posts\/261514\/revisions"}],"wp:attachment":[{"href":"https:\/\/diariodominicano.com\/index.php?rest_route=%2Fwp%2Fv2%2Fmedia&parent=261514"}],"wp:term":[{"taxonomy":"category","embeddable":true,"href":"https:\/\/diariodominicano.com\/index.php?rest_route=%2Fwp%2Fv2%2Fcategories&post=261514"},{"taxonomy":"post_tag","embeddable":true,"href":"https:\/\/diariodominicano.com\/index.php?rest_route=%2Fwp%2Fv2%2Ftags&post=261514"}],"curies":[{"name":"wp","href":"https:\/\/api.w.org\/{rel}","templated":true}]}}