{"id":261513,"date":"2020-12-01T08:37:15","date_gmt":"2020-12-01T08:37:15","guid":{"rendered":"http:\/\/diariodominicano.ddns.net\/?p=261513"},"modified":"2020-12-01T08:37:15","modified_gmt":"2020-12-01T08:37:15","slug":"el-dia-que-agentes-del-dictador-trujillo-secuestraron-en-la-habana-cuba-a-mauricio-baez","status":"publish","type":"post","link":"https:\/\/diariodominicano.com\/?p=261513","title":{"rendered":"El d\u00eda que agentes del dictador Trujillo secuestraron en la Habana, Cuba  a Mauricio B\u00e1ez"},"content":{"rendered":"<p><body><\/p>\n<p><img decoding=\"async\" src=\"http:\/\/localhost:8080\/img3\/Mauricio-Baez.jpg\" \/>  <\/p>\n<p><strong>Diariodominicano.com<\/strong><\/p>\n<p><strong>Mauricio B\u00e1ez hab\u00eda sido un l\u00edder de los trabajadores ca\u00f1eros de la regi\u00f3n oriental de la Rep\u00fablica Dominicana, donde estaban los principales ingenios azucareros del pa\u00eds.<\/strong><\/p>\n<p><strong>Por HTN<\/strong><\/p>\n<p><strong>Diariodominicano.com<\/strong><\/p>\n<\/p>\n<p><strong>El d\u00eda que agentes del dictador Trujillo secuestraron en la Habana, Cuba  a Mauricio B\u00e1ez <\/strong><\/p>\n<p><strong>LA HABANA, el  1 de diciembre de 1950<\/strong>, agentes  al servicio del dictador Rafael Le\u00f3nidas Trujillo desaparecieron en la Habana, Cuba al exiliado dominicano Mauricio B\u00e1ez.<\/p>\n<p>     Mauricio B\u00e1ez hab\u00eda sido un l\u00edder de los trabajadores ca\u00f1eros de la regi\u00f3n oriental de la Rep\u00fablica Dominicana, donde estaban los principales ingenios azucareros del pa\u00eds.<\/p>\n<p>    En el a\u00f1o 1941 organiz\u00f3 la primera huelga de trabajadores azucareros que se produjo en la dictadura de Trujillo. Por sus actividades estuvo en prisi\u00f3n.<\/p>\n<p>    Mauricio B\u00e1ez tambi\u00e9n fue el fundador del Partido Socialista Popular.<\/p>\n<p>   Luego sali\u00f3 al exilio y en Cuba fue sometido a vigilancia por  agentes de Trujillo.<\/p>\n<p>    Los diplom\u00e1ticos al servicio de la dictadura ten\u00edan la misi\u00f3n de enviar mensajes al r\u00e9gimen  sobre las actividades Mauricio B\u00e1ez y otros exiliados.<\/p>\n<p>   Su desaparici\u00f3n en la Habana, el 1 de diciembre de 1950, qued\u00f3 en la impunidad.<\/p>\n<\/p>\n<\/p>\n<\/p>\n<h6> 2020-12-01 08:37:15 <\/h6>\n<p><!--\n<link rel=\"stylesheet\" href=\"css\/bootstrap.min.css\">\n\n\n<ul class=\"pagination\">\n\t    \n\t\n\n<li >\n\t<a href='?page_no=107'>Previous<\/a>\n\t<\/li>\n\n\n       \n    \n\n<li><a href='?page_no=1'>1<\/a><\/li>\n\n\n\n<li><a href='?page_no=2'>2<\/a><\/li>\n\n\n\n<li><a>...<\/a><\/li>\n\n\n\n<li><a href='?page_no=105'>105<\/a><\/li>\n\n\n\n<li><a href='?page_no=106'>106<\/a><\/li>\n\n\n\n<li><a href='?page_no=107'>107<\/a><\/li>\n\n\n\n<li class='active'><a>108<\/a><\/li>\n\n\n\n<li><a href='?page_no=109'>109<\/a><\/li>\n\n\n\n<li><a href='?page_no=110'>110<\/a><\/li>\n\n\n\n<li><a href='?page_no=111'>111<\/a><\/li>\n\n    \n\t\n\n<li >\n\t<a href='?page_no=109'>Next<\/a>\n\t<\/li>\n\n\n    \n\n<li><a href='?page_no=111'>Last &rsaquo;&rsaquo;<\/a><\/li>\n\n<\/ul>\n\n\n--><br \/>\n<\/body><\/p>\n","protected":false},"excerpt":{"rendered":"<p>Diariodominicano.com Mauricio B\u00e1ez hab\u00eda sido un l\u00edder de los trabajadores ca\u00f1eros de la regi\u00f3n oriental de la Rep\u00fablica Dominicana, donde estaban los principales ingenios azucareros del pa\u00eds. Por HTN Diariodominicano.com El d\u00eda que agentes del dictador Trujillo secuestraron en la Habana, Cuba a Mauricio B\u00e1ez LA HABANA, el 1 de diciembre de 1950, agentes al [&hellip;]<\/p>\n","protected":false},"author":3,"featured_media":0,"comment_status":"open","ping_status":"open","sticky":false,"template":"","format":"standard","meta":{"footnotes":""},"categories":[21],"tags":[],"class_list":["post-261513","post","type-post","status-publish","format-standard","hentry","category-cultura"],"_links":{"self":[{"href":"https:\/\/diariodominicano.com\/index.php?rest_route=\/wp\/v2\/posts\/261513","targetHints":{"allow":["GET"]}}],"collection":[{"href":"https:\/\/diariodominicano.com\/index.php?rest_route=\/wp\/v2\/posts"}],"about":[{"href":"https:\/\/diariodominicano.com\/index.php?rest_route=\/wp\/v2\/types\/post"}],"author":[{"embeddable":true,"href":"https:\/\/diariodominicano.com\/index.php?rest_route=\/wp\/v2\/users\/3"}],"replies":[{"embeddable":true,"href":"https:\/\/diariodominicano.com\/index.php?rest_route=%2Fwp%2Fv2%2Fcomments&post=261513"}],"version-history":[{"count":0,"href":"https:\/\/diariodominicano.com\/index.php?rest_route=\/wp\/v2\/posts\/261513\/revisions"}],"wp:attachment":[{"href":"https:\/\/diariodominicano.com\/index.php?rest_route=%2Fwp%2Fv2%2Fmedia&parent=261513"}],"wp:term":[{"taxonomy":"category","embeddable":true,"href":"https:\/\/diariodominicano.com\/index.php?rest_route=%2Fwp%2Fv2%2Fcategories&post=261513"},{"taxonomy":"post_tag","embeddable":true,"href":"https:\/\/diariodominicano.com\/index.php?rest_route=%2Fwp%2Fv2%2Ftags&post=261513"}],"curies":[{"name":"wp","href":"https:\/\/api.w.org\/{rel}","templated":true}]}}