{"id":261512,"date":"2020-12-01T08:43:33","date_gmt":"2020-12-01T08:43:33","guid":{"rendered":"http:\/\/diariodominicano.ddns.net\/?p=261512"},"modified":"2020-12-01T08:43:33","modified_gmt":"2020-12-01T08:43:33","slug":"nace-francisco-xavier-billini-3","status":"publish","type":"post","link":"https:\/\/diariodominicano.com\/?p=261512","title":{"rendered":"Nace Francisco Xavier Billini"},"content":{"rendered":"<p><body><\/p>\n<p><img decoding=\"async\" src=\"http:\/\/localhost:8080\/img3\/Francisco-Xavier-Billini.jpg\" \/>  <\/p>\n<p><strong>Diariodominicano.com<\/strong><\/p>\n<p><strong>Nace Francisco Xavier Billini<\/strong><\/p>\n<p><strong>Fue ordenado sacerdote en abril de 1861, en Puerto Rico.  En la ciudad de Santo Domingo ofici\u00f3 su primera misa el d\u00eda 9 de julio en la Iglesia Regina Angelorum. En la Guerra de la Restauraci\u00f3n se declar\u00f3 en favor de la paz y sali\u00f3 del pa\u00eds con destino a Cuba en el a\u00f1o 1865. <\/strong><\/p>\n<p><strong>Por HTN<\/strong><\/p>\n<p><strong>Diariodominicano.com<\/strong><\/p>\n<p><strong>SANTO DOMINGO, el  1 de diciembre de 1837,<\/strong> naci\u00f3 en la ciudad de Santo Domingo, Francisco Xavier Billini, quien se distingui\u00f3 como sacerdote y fil\u00e1ntropo.<\/p>\n<p>    Fueron sus padres Juan Antonio Billini y Ruse, de nacionalidad italiana, y la se\u00f1ora Ana Hern\u00e1ndez y Gonz\u00e1lez, de Bayamo, Cuba.<\/p>\n<p>    Francisco Xavier Billini de  ni\u00f1o se inclin\u00f3 por la vida eclesi\u00e1stica. Estudi\u00f3 en el Seminario Conciliar Santo Tom\u00e1s de Aquino.<\/p>\n<p>   Fue ordenado sacerdote en abril de 1861, en Puerto Rico.  En la ciudad de Santo Domingo ofici\u00f3 su primera misa el d\u00eda 9 de julio en la Iglesia Regina Angelorum.<\/p>\n<p>   En la Guerra de la Restauraci\u00f3n se declar\u00f3 en favor de la paz y sali\u00f3 del pa\u00eds con destino a Cuba en el a\u00f1o 1865. <\/p>\n<p>En el a\u00f1o 1866 se encontr\u00f3 con el pr\u00f3cer Gregorio Luper\u00f3n Saint Thomas, quien lo convenci\u00f3 para que regresara al pa\u00eds.<\/p>\n<p>   Al regresar fund\u00f3 el Colegio San Luis Gonzaga y lo dirigi\u00f3 durante 24 a\u00f1os. Por sus aulas pasaron j\u00f3venes que luego se destacaron en las humanidades y la pol\u00edtica como Alejandro Woss y Gil y los poetas Fernando y Rafael Deligne.<\/p>\n<p>    Sus obras cumbres fueron la casa de la Beneficencia, el Orfelinato y el Manicomio, los cuales fueron los primeros en crearse en Rep\u00fablica Dominicana, dedicados al servicio de los indigentes y enfermos.<\/p>\n<p> Para obtener recursos fund\u00f3 la Loter\u00eda de la Junta de la Caridad.<\/p>\n<p>  Los recursos que recibi\u00f3 por esa v\u00eda los entregaba al hospital y a los pobres. Por su actitud se dice con frecuencia en Rep\u00fablica Dominicana  cuando a una persona se le pide mucho: \u00abT\u00fa crees que yo soy el padre Billini\u00bb.<\/p>\n<\/p>\n<p>     Una an\u00e9cdota sobre su muerte el 9 de marzo de 1990, da cuenta de que las \u00faltimas palabras del Padre Billini fueron: <\/p>\n<p>    \u00abAcu\u00e9stenme para reposar as\u00ed, con toda humildad\u00bb.<\/p>\n<\/p>\n<h6> 2020-12-01 08:43:33 <\/h6>\n<p><!--\n<link rel=\"stylesheet\" href=\"css\/bootstrap.min.css\">\n\n\n<ul class=\"pagination\">\n\t    \n\t\n\n<li >\n\t<a href='?page_no=106'>Previous<\/a>\n\t<\/li>\n\n\n       \n    \n\n<li><a href='?page_no=1'>1<\/a><\/li>\n\n\n\n<li><a href='?page_no=2'>2<\/a><\/li>\n\n\n\n<li><a>...<\/a><\/li>\n\n\n\n<li><a href='?page_no=105'>105<\/a><\/li>\n\n\n\n<li><a href='?page_no=106'>106<\/a><\/li>\n\n\n\n<li class='active'><a>107<\/a><\/li>\n\n\n\n<li><a href='?page_no=108'>108<\/a><\/li>\n\n\n\n<li><a href='?page_no=109'>109<\/a><\/li>\n\n\n\n<li><a href='?page_no=110'>110<\/a><\/li>\n\n\n\n<li><a href='?page_no=111'>111<\/a><\/li>\n\n    \n\t\n\n<li >\n\t<a href='?page_no=108'>Next<\/a>\n\t<\/li>\n\n\n    \n\n<li><a href='?page_no=111'>Last &rsaquo;&rsaquo;<\/a><\/li>\n\n<\/ul>\n\n\n--><br \/>\n<\/body><\/p>\n","protected":false},"excerpt":{"rendered":"<p>Diariodominicano.com Nace Francisco Xavier Billini Fue ordenado sacerdote en abril de 1861, en Puerto Rico. En la ciudad de Santo Domingo ofici\u00f3 su primera misa el d\u00eda 9 de julio en la Iglesia Regina Angelorum. En la Guerra de la Restauraci\u00f3n se declar\u00f3 en favor de la paz y sali\u00f3 del pa\u00eds con destino a [&hellip;]<\/p>\n","protected":false},"author":3,"featured_media":0,"comment_status":"open","ping_status":"open","sticky":false,"template":"","format":"standard","meta":{"footnotes":""},"categories":[21],"tags":[],"class_list":["post-261512","post","type-post","status-publish","format-standard","hentry","category-cultura"],"_links":{"self":[{"href":"https:\/\/diariodominicano.com\/index.php?rest_route=\/wp\/v2\/posts\/261512","targetHints":{"allow":["GET"]}}],"collection":[{"href":"https:\/\/diariodominicano.com\/index.php?rest_route=\/wp\/v2\/posts"}],"about":[{"href":"https:\/\/diariodominicano.com\/index.php?rest_route=\/wp\/v2\/types\/post"}],"author":[{"embeddable":true,"href":"https:\/\/diariodominicano.com\/index.php?rest_route=\/wp\/v2\/users\/3"}],"replies":[{"embeddable":true,"href":"https:\/\/diariodominicano.com\/index.php?rest_route=%2Fwp%2Fv2%2Fcomments&post=261512"}],"version-history":[{"count":0,"href":"https:\/\/diariodominicano.com\/index.php?rest_route=\/wp\/v2\/posts\/261512\/revisions"}],"wp:attachment":[{"href":"https:\/\/diariodominicano.com\/index.php?rest_route=%2Fwp%2Fv2%2Fmedia&parent=261512"}],"wp:term":[{"taxonomy":"category","embeddable":true,"href":"https:\/\/diariodominicano.com\/index.php?rest_route=%2Fwp%2Fv2%2Fcategories&post=261512"},{"taxonomy":"post_tag","embeddable":true,"href":"https:\/\/diariodominicano.com\/index.php?rest_route=%2Fwp%2Fv2%2Ftags&post=261512"}],"curies":[{"name":"wp","href":"https:\/\/api.w.org\/{rel}","templated":true}]}}