{"id":261509,"date":"2020-12-02T11:16:08","date_gmt":"2020-12-02T11:16:08","guid":{"rendered":"http:\/\/diariodominicano.ddns.net\/?p=261509"},"modified":"2020-12-02T11:16:08","modified_gmt":"2020-12-02T11:16:08","slug":"fallece-destacado-periodista-dominicano-adriano-miguel-tejada","status":"publish","type":"post","link":"https:\/\/diariodominicano.com\/?p=261509","title":{"rendered":"Fallece destacado periodista dominicano Adriano Miguel Tejada"},"content":{"rendered":"<p><body><\/p>\n<p><img decoding=\"async\" src=\"http:\/\/localhost:8080\/img3\/adriano-miguel-tejada2-12-20.jpg\" \/>  <\/p>\n<p><span class=\"text1noticias\">diariodominicano.com<\/span><\/p>\n<p><span class=\"text1noticias\">Santo Domingo, 2 dic (Prensa Latina) El destacado periodista dominicano, abogado e historiador Adriano Miguel Tejada, quien se encontraba ingresado por una pancreatitis, falleci\u00f3 hoy en esta capital .<\/span><\/p>\n<p><span class=\"text1noticias\"> <\/span><\/p>\n<p><span class=\"text1noticias\">Tejada fue director de los peri\u00f3dicos Diario Libre y La Informaci\u00f3n, adem\u00e1s de fundador del desaparecido El D\u00eda de Santiago, editor de la Revista de Ciencias Jur\u00eddicas y miembro del Consejo de Redacci\u00f3n de Eme-Eme, Estudios Dominicanos.<\/span><\/p>\n<p><span class=\"text1noticias\"> <\/span><\/p>\n<p><span class=\"text1noticias\">Fue Director de Comunicaciones durante la presidencia de Leonel Fern\u00e1ndez (1996-2000) y miembro de la Comisi\u00f3n Redactora del anteproyecto de la Constituci\u00f3n Dominicana promulgada en el 2010 y de la de Reforma, actualizaci\u00f3n y creaci\u00f3n de legislaci\u00f3n en materia de medios de comunicaci\u00f3n.<\/span><\/p>\n<p><span class=\"text1noticias\"> <\/span><\/p>\n<p><span class=\"text1noticias\">Asimismo, escribi\u00f3 11 libros sobre temas hist\u00f3ricos, pol\u00edticos y literarios, as\u00ed como profesor Asociado de la Pontificia Universidad Cat\u00f3lica Madre y Maestra, de Pedro Henr\u00edquez Ure\u00f1a y del Instituto Militar de Educaci\u00f3n Superior &#8216;General de Brigada Juan Pablo Duarte.<\/span><\/p>\n<p><span class=\"text1noticias\"> <\/span><\/p>\n<p><span class=\"text1noticias\">Ostenta la condecoraci\u00f3n de la Orden Her\u00e1ldica de Crist\u00f3bal Col\u00f3n, en el grado de Comendador, otorgada por el Gobierno Dominicano.<\/span><\/p>\n<p><span class=\"text1noticias\"> <\/span><\/p>\n<p><span class=\"text1noticias\">ag<\/span>p\/ema<\/p>\n<h6> 2020-12-02 11:16:08 <\/h6>\n<p><!--\n<link rel=\"stylesheet\" href=\"css\/bootstrap.min.css\">\n\n\n<ul class=\"pagination\">\n\t    \n\t\n\n<li >\n\t<a href='?page_no=103'>Previous<\/a>\n\t<\/li>\n\n\n       \n    \n\n<li><a href='?page_no=1'>1<\/a><\/li>\n\n\n\n<li><a href='?page_no=2'>2<\/a><\/li>\n\n\n\n<li><a>...<\/a><\/li>\n\n\n\n<li><a href='?page_no=102'>102<\/a><\/li>\n\n\n\n<li><a href='?page_no=103'>103<\/a><\/li>\n\n\n\n<li class='active'><a>104<\/a><\/li>\n\n\n\n<li><a href='?page_no=105'>105<\/a><\/li>\n\n\n\n<li><a href='?page_no=106'>106<\/a><\/li>\n\n\n\n<li><a>...<\/a><\/li>\n\n\n\n<li><a href='?page_no=110'>110<\/a><\/li>\n\n\n\n<li><a href='?page_no=111'>111<\/a><\/li>\n\n    \n\t\n\n<li >\n\t<a href='?page_no=105'>Next<\/a>\n\t<\/li>\n\n\n    \n\n<li><a href='?page_no=111'>Last &rsaquo;&rsaquo;<\/a><\/li>\n\n<\/ul>\n\n\n--><br \/>\n<\/body><\/p>\n","protected":false},"excerpt":{"rendered":"<p>diariodominicano.com Santo Domingo, 2 dic (Prensa Latina) El destacado periodista dominicano, abogado e historiador Adriano Miguel Tejada, quien se encontraba ingresado por una pancreatitis, falleci\u00f3 hoy en esta capital . Tejada fue director de los peri\u00f3dicos Diario Libre y La Informaci\u00f3n, adem\u00e1s de fundador del desaparecido El D\u00eda de Santiago, editor de la Revista de [&hellip;]<\/p>\n","protected":false},"author":3,"featured_media":0,"comment_status":"open","ping_status":"open","sticky":false,"template":"","format":"standard","meta":{"footnotes":""},"categories":[21],"tags":[],"class_list":["post-261509","post","type-post","status-publish","format-standard","hentry","category-cultura"],"_links":{"self":[{"href":"https:\/\/diariodominicano.com\/index.php?rest_route=\/wp\/v2\/posts\/261509","targetHints":{"allow":["GET"]}}],"collection":[{"href":"https:\/\/diariodominicano.com\/index.php?rest_route=\/wp\/v2\/posts"}],"about":[{"href":"https:\/\/diariodominicano.com\/index.php?rest_route=\/wp\/v2\/types\/post"}],"author":[{"embeddable":true,"href":"https:\/\/diariodominicano.com\/index.php?rest_route=\/wp\/v2\/users\/3"}],"replies":[{"embeddable":true,"href":"https:\/\/diariodominicano.com\/index.php?rest_route=%2Fwp%2Fv2%2Fcomments&post=261509"}],"version-history":[{"count":0,"href":"https:\/\/diariodominicano.com\/index.php?rest_route=\/wp\/v2\/posts\/261509\/revisions"}],"wp:attachment":[{"href":"https:\/\/diariodominicano.com\/index.php?rest_route=%2Fwp%2Fv2%2Fmedia&parent=261509"}],"wp:term":[{"taxonomy":"category","embeddable":true,"href":"https:\/\/diariodominicano.com\/index.php?rest_route=%2Fwp%2Fv2%2Fcategories&post=261509"},{"taxonomy":"post_tag","embeddable":true,"href":"https:\/\/diariodominicano.com\/index.php?rest_route=%2Fwp%2Fv2%2Ftags&post=261509"}],"curies":[{"name":"wp","href":"https:\/\/api.w.org\/{rel}","templated":true}]}}