{"id":261508,"date":"2020-12-02T18:03:29","date_gmt":"2020-12-02T18:03:29","guid":{"rendered":"http:\/\/diariodominicano.ddns.net\/?p=261508"},"modified":"2020-12-02T18:03:29","modified_gmt":"2020-12-02T18:03:29","slug":"miembros-de-la-industria-cinematografica-dominicana-se-unen-a-la-campana-voypalcine-en-respaldo-a-la-reapertura-de-las-salas-de-cine","status":"publish","type":"post","link":"https:\/\/diariodominicano.com\/?p=261508","title":{"rendered":"Miembros de la industria cinematogr\u00e1fica dominicana se unen a la campa\u00f1a #VOYPALCINE en respaldo a la reapertura de las salas de cine"},"content":{"rendered":"<p><body><\/p>\n<p><img decoding=\"async\" src=\"http:\/\/localhost:8080\/img3\/docine00.png\" \/>  <\/p>\n<p><strong>Diariodominicano.com<\/strong><\/p>\n<p><strong>Miembros de la industria cinematogr\u00e1fica dominicana se unen a la campa\u00f1a #VOYPALCINE en respaldo a la reapertura de las salas de cine<\/strong><\/p>\n<p><strong>Santo Domingo, RD.-<\/strong> La industria del cine en la Rep\u00fablica Dominicana se ha unido para promover la campa\u00f1a de vuelta al cine, despu\u00e9s del periodo de crisis provocada por la pandemia de COVID-19. Distribuidores, exhibidores, productores, actores, actrices y directores del cine local se han unido para lanzar un mensaje de confianza a los dominicanos por medio de la campa\u00f1a #VOYPALCINE.<\/p>\n<\/p>\n<p>#VOYPALCINE resume una serie de iniciativas que buscan comunicar los protocolos que en la actualidad se llevan a cabo en los cines, las caracter\u00edsticas \u00fanicas que solo las salas de cine ofrecen, y que definitivamente ir al cine es seguro.<\/p>\n<\/p>\n<p>Yvette Marichal, directora general de la Direcci\u00f3n General de Cine (DGCINE), expres\u00f3 \u00abEl dominicano lo que m\u00e1s hace, culturalmente hablando, es ir al cine. Una encuesta de consumo cultural en la Rep\u00fablica Dominicana, realizada por el Banco Central y el Ministerio de Cultura en 2014, arroj\u00f3 que el 45% de los encuestados prefieren acudir al cine en lugar de otros lugares culturales. Definitivamente estamos muy felices con el lanzamiento de esta campa\u00f1a. Me encant\u00f3 cuando Caribbean Cinemas trajo de vuelta la modalidad del auto cine, algo positivo que sali\u00f3 de esta situaci\u00f3n de la pandemia. Invitamos a todos y todas a acudir a las salas de cine con toda confianza, pues las medidas sanitarias que han adoptado son rigurosas. Las pel\u00edculas dominicanas esperan por nosotros. Yo #VOYPALCINE\u00bb.<\/p>\n<\/p>\n<p>A pesar de que el ritmo de las producciones de cine se ha reactivado positivamente bajo los protocolos de lugar desde el mes de julio, no ha sido hasta octubre que varias salas de cine han hecho sus reaperturas, con estrictos protocolos de prevenci\u00f3n e higiene de cara al COVID-19.<\/p>\n<\/p>\n<p>Dentro de las acciones de #VOYPALCINE se cuenta con el lanzamiento de un material audiovisual cuyo objetivo es despertar y recordar la experiencia \u00fanica de visitar el cine. En el mismo participan importantes miembros de la industria cinematogr\u00e1fica dominicana, entre ellos la c\u00e9lebre actriz Zoe Salda\u00f1a, as\u00ed como el primer embajador honor\u00edfico de Marca Pa\u00eds RD, nuestro gran Juan Luis Guerra. <\/p>\n<\/p>\n<p>Este audiovisual fue una producci\u00f3n de Panamericana Films, con un guion de Elizabeth Ruiz y David Maler. Estar\u00e1 disponible en todos los canales de televisi\u00f3n abierta y por cable desde este mi\u00e9rcoles 2 de diciembre.<\/p>\n<\/p>\n<p>Miembros de la industria en el audiovisual:<\/p>\n<\/p>\n<p>Yvette Marichal<\/p>\n<p>Juan Luis Guerra<\/p>\n<p>Zoe Salda\u00f1a<\/p>\n<p>David Maler<\/p>\n<p>Frank Perozo<\/p>\n<p>Jos\u00e9 Pintor (Pinky)<\/p>\n<p>Hans Garc\u00eda<\/p>\n<p>Archie L\u00f3pez<\/p>\n<p>Giovanny Cruz<\/p>\n<p>Roberto Salcedo<\/p>\n<p>Tabar\u00e9 Blanchard<\/p>\n<p>Omar De La Cruz<\/p>\n<p>Celin\u00e9s Toribio<\/p>\n<p>Nashla Bogaert<\/p>\n<p>H\u00e9ctor An\u00edbal<\/p>\n<p>Fausto Mata<\/p>\n<p>Evelyna Rodr\u00edguez<\/p>\n<p>Cheddy Garc\u00eda<\/p>\n<p>Judith Rodr\u00edguez<\/p>\n<p>Jos\u00e9 Mar\u00eda Cabral<\/p>\n<p>Raymond Pozo<\/p>\n<p>Miguel C\u00e9spedes<\/p>\n<p>Leticia Tonos<\/p>\n<p>Laura Castellanos<\/p>\n<p>Manny P\u00e9rez<\/p>\n<p>Francis Disla (El Indio)<\/p>\n<h6> 2020-12-02 18:03:29 <\/h6>\n<p><!--\n<link rel=\"stylesheet\" href=\"css\/bootstrap.min.css\">\n\n\n<ul class=\"pagination\">\n\t    \n\t\n\n<li >\n\t<a href='?page_no=102'>Previous<\/a>\n\t<\/li>\n\n\n       \n    \n\n<li><a href='?page_no=1'>1<\/a><\/li>\n\n\n\n<li><a href='?page_no=2'>2<\/a><\/li>\n\n\n\n<li><a>...<\/a><\/li>\n\n\n\n<li><a href='?page_no=101'>101<\/a><\/li>\n\n\n\n<li><a href='?page_no=102'>102<\/a><\/li>\n\n\n\n<li class='active'><a>103<\/a><\/li>\n\n\n\n<li><a href='?page_no=104'>104<\/a><\/li>\n\n\n\n<li><a href='?page_no=105'>105<\/a><\/li>\n\n\n\n<li><a>...<\/a><\/li>\n\n\n\n<li><a href='?page_no=110'>110<\/a><\/li>\n\n\n\n<li><a href='?page_no=111'>111<\/a><\/li>\n\n    \n\t\n\n<li >\n\t<a href='?page_no=104'>Next<\/a>\n\t<\/li>\n\n\n    \n\n<li><a href='?page_no=111'>Last &rsaquo;&rsaquo;<\/a><\/li>\n\n<\/ul>\n\n\n--><br \/>\n<\/body><\/p>\n","protected":false},"excerpt":{"rendered":"<p>Diariodominicano.com Miembros de la industria cinematogr\u00e1fica dominicana se unen a la campa\u00f1a #VOYPALCINE en respaldo a la reapertura de las salas de cine Santo Domingo, RD.- La industria del cine en la Rep\u00fablica Dominicana se ha unido para promover la campa\u00f1a de vuelta al cine, despu\u00e9s del periodo de crisis provocada por la pandemia de [&hellip;]<\/p>\n","protected":false},"author":3,"featured_media":0,"comment_status":"open","ping_status":"open","sticky":false,"template":"","format":"standard","meta":{"footnotes":""},"categories":[21],"tags":[],"class_list":["post-261508","post","type-post","status-publish","format-standard","hentry","category-cultura"],"_links":{"self":[{"href":"https:\/\/diariodominicano.com\/index.php?rest_route=\/wp\/v2\/posts\/261508","targetHints":{"allow":["GET"]}}],"collection":[{"href":"https:\/\/diariodominicano.com\/index.php?rest_route=\/wp\/v2\/posts"}],"about":[{"href":"https:\/\/diariodominicano.com\/index.php?rest_route=\/wp\/v2\/types\/post"}],"author":[{"embeddable":true,"href":"https:\/\/diariodominicano.com\/index.php?rest_route=\/wp\/v2\/users\/3"}],"replies":[{"embeddable":true,"href":"https:\/\/diariodominicano.com\/index.php?rest_route=%2Fwp%2Fv2%2Fcomments&post=261508"}],"version-history":[{"count":0,"href":"https:\/\/diariodominicano.com\/index.php?rest_route=\/wp\/v2\/posts\/261508\/revisions"}],"wp:attachment":[{"href":"https:\/\/diariodominicano.com\/index.php?rest_route=%2Fwp%2Fv2%2Fmedia&parent=261508"}],"wp:term":[{"taxonomy":"category","embeddable":true,"href":"https:\/\/diariodominicano.com\/index.php?rest_route=%2Fwp%2Fv2%2Fcategories&post=261508"},{"taxonomy":"post_tag","embeddable":true,"href":"https:\/\/diariodominicano.com\/index.php?rest_route=%2Fwp%2Fv2%2Ftags&post=261508"}],"curies":[{"name":"wp","href":"https:\/\/api.w.org\/{rel}","templated":true}]}}