{"id":261507,"date":"2020-12-02T22:28:57","date_gmt":"2020-12-02T22:28:57","guid":{"rendered":"http:\/\/diariodominicano.ddns.net\/?p=261507"},"modified":"2020-12-02T22:28:57","modified_gmt":"2020-12-02T22:28:57","slug":"mescyt-insta-a-instituciones-de-educacion-superior-a-seguir-labor-sostenida-en-este-ambiente-de-pandemia","status":"publish","type":"post","link":"https:\/\/diariodominicano.com\/?p=261507","title":{"rendered":"MESCYT insta a instituciones de educaci\u00f3n superior a seguir labor sostenida en este ambiente de pandemia"},"content":{"rendered":"<p><body><\/p>\n<p><img decoding=\"async\" src=\"http:\/\/localhost:8080\/img3\/Mescyt2-12-20.jpg\" \/><br \/><img decoding=\"async\" src=\"http:\/\/localhost:8080\/img3\/mescytconferencia2-12-20.jpg\" \/>  <\/p>\n<p><span class=\"text1noticias\"> <\/span><\/p>\n<p><span class=\"text1noticias\"> diariodominicano.com<\/span><\/p>\n<p><span class=\"text1noticias\"> <\/span><\/p>\n<p><span class=\"text1noticias\">Santo Domingo, R. D., 2 de diciembre, 2020.- El ministro de Educaci\u00f3n Superior, Ciencia y Tecnolog\u00eda, doctor Franklin Garc\u00eda Ferm\u00edn, encabez\u00f3 el encuentro titulado \u00abLa extensi\u00f3n de la educaci\u00f3n superior en tiempos de Covid-19\u00bb, donde fue abordado el comportamiento de la pandemia y su impacto en la educaci\u00f3n superior del pa\u00eds.<\/span><\/p>\n<\/p>\n<p><span class=\"text1noticias\">La actividad se llev\u00f3 a cabo en el Paraninfo Ricardo Michel de la Facultad de Ciencias Econ\u00f3micas y Sociales de la UASD, donde se destaca el uso de herramienta de trabajo a distancia, como una manera de que contin\u00faen las actividades acad\u00e9micas y prevenir el contagio.<\/span><\/p>\n<\/p>\n<p><span class=\"text1noticias\">Plante\u00f3 que las instituciones educativas, especialmente las del nivel superior, deben impactar positivamente el entorno, no solo con la soluci\u00f3n de problemas sociales o comunitarios, sino adem\u00e1s con actividades relacionadas con el entretenimiento.<\/span><\/p>\n<\/p>\n<p><span class=\"text1noticias\">Garc\u00eda Ferm\u00edn consider\u00f3 que para las instituciones de educaci\u00f3n superior es importante realizar actividades que favorezcan a la comunidad circundante, sea como pr\u00e1ctica de  la solidaridad o como ejercicio de la buena vecindad.<\/span><\/p>\n<\/p>\n<p><span class=\"text1noticias\">Indic\u00f3 que cuando una universidad hace uso de la extensi\u00f3n para llevar a cabo actividades folcl\u00f3ricas, deportivas, art\u00edsticas y culturales en beneficio de la comunidad es como si tendiera un puente que la acerca a la gente que la rodea y es como si hiciera el m\u00e1s efectivo trabajo de relaciones p\u00fablicas.<\/span><\/p>\n<\/p>\n<p><span class=\"text1noticias\">De su lado, la viceministra de Extensi\u00f3n del MESCYT, Mar\u00eda L\u00f3pez Polanco, manifest\u00f3 que el prop\u00f3sito del evento es fortalecer los v\u00ednculos entre las IES y la instituci\u00f3n, en un ambiente de acercamiento que posibilite enfrentar los desaf\u00edos.<\/span><\/p>\n<\/p>\n<p><span class=\"text1noticias\">En tanto que el vicerrector de Extensi\u00f3n de la UASD, Antonio Medina, afirm\u00f3 que en el concierto de la normativa de las universidades es pertinente la integraci\u00f3n e interacci\u00f3n de los tres ejes fundamentales en que se desenvuelve la vida institucional de estas, como son docencia, investigaci\u00f3n y extensi\u00f3n.<\/span><\/p>\n<\/p>\n<p><span class=\"text1noticias\">Medina destac\u00f3 que en los tres meses de la gesti\u00f3n de Garc\u00eda Ferm\u00edn, el MESCYT ha desarrollado una efectiva labor a favor de la educaci\u00f3n superior del pa\u00eds.<\/span><\/p>\n<\/p>\n<p><span class=\"text1noticias\">Durante el acto, el epidemi\u00f3logo H\u00e9ctor Balc\u00e1cer abord\u00f3 el tema del Covid-19, sus perspectivas de tratamiento y el contexto desde la educaci\u00f3n superior.<\/span><\/p>\n<\/p>\n<p><span class=\"text1noticias\">Mientras que la t\u00e9cnica del MESCYT, Jazm\u00edn Hern\u00e1ndez, hizo una ponencia basada en las tecnolog\u00edas de la informaci\u00f3n y la comunicaci\u00f3n como soporte a la extensi\u00f3n.<\/span><\/p>\n<\/p>\n<p><span class=\"text1noticias\">Fueron otorgados sendos reconocimientos a Balc\u00e1cer y a Hern\u00e1ndez, por su destacada labor en sus respectivas \u00e1reas.<\/span><\/p>\n<\/p>\n<p><span class=\"text1noticias\">En el acto estuvieron presentes los viceministros del MESCYT, Juan Francisco Viloria, el asesor especial, Julio Altagracia; el director de Gabinete, Juan Medina, la directora general administrativa y financiera, Dory Herrera; el decano de la Facultad de Ciencias Jur\u00eddicas y Pol\u00edticas de la UASD, Alexi Mart\u00ednez; el vicerrector del Instituto Tecnol\u00f3gico Comunitario, Rafel F\u00e9liz hijo; la rectora del Instituto Superior de Estudios Educativos Pedro Poveda, Dinorah Garc\u00eda<\/span><\/p>\n<p><span class=\"text1noticias\"> <\/span><\/p>\n<p><span class=\"text1noticias\"> <\/span><\/p>\n<p><span class=\"text1noticias\">PIE DE FOTO: <\/span><\/p>\n<p><span class=\"text1noticias\">El ministro Franklin Garc\u00eda Ferm\u00edn encabez\u00f3 el acto junto a autoridades de la UASD, con la presencia de acad\u00e9micos de distintas instituciones de educaci\u00f3n superior.<\/span><\/p>\n<p><span class=\"text1noticias\"> <\/span><\/p>\n<p><span class=\"text1noticias\"> Fuente: Juli<\/span>an Sosa<\/p>\n<p><span class=\"text1noticias\">Ministerio de Educaci\u00f3n Superior, Ciencia y Tecnolog\u00eda (MESCYT)<\/span><\/p>\n<h6> 2020-12-02 22:28:57 <\/h6>\n<p><!--\n<link rel=\"stylesheet\" href=\"css\/bootstrap.min.css\">\n\n\n<ul class=\"pagination\">\n\t    \n\t\n\n<li >\n\t<a href='?page_no=101'>Previous<\/a>\n\t<\/li>\n\n\n       \n    \n\n<li><a href='?page_no=1'>1<\/a><\/li>\n\n\n\n<li><a href='?page_no=2'>2<\/a><\/li>\n\n\n\n<li><a>...<\/a><\/li>\n\n\n\n<li><a href='?page_no=100'>100<\/a><\/li>\n\n\n\n<li><a href='?page_no=101'>101<\/a><\/li>\n\n\n\n<li class='active'><a>102<\/a><\/li>\n\n\n\n<li><a href='?page_no=103'>103<\/a><\/li>\n\n\n\n<li><a href='?page_no=104'>104<\/a><\/li>\n\n\n\n<li><a>...<\/a><\/li>\n\n\n\n<li><a href='?page_no=110'>110<\/a><\/li>\n\n\n\n<li><a href='?page_no=111'>111<\/a><\/li>\n\n    \n\t\n\n<li >\n\t<a href='?page_no=103'>Next<\/a>\n\t<\/li>\n\n\n    \n\n<li><a href='?page_no=111'>Last &rsaquo;&rsaquo;<\/a><\/li>\n\n<\/ul>\n\n\n--><br \/>\n<\/body><\/p>\n","protected":false},"excerpt":{"rendered":"<p>diariodominicano.com Santo Domingo, R. D., 2 de diciembre, 2020.- El ministro de Educaci\u00f3n Superior, Ciencia y Tecnolog\u00eda, doctor Franklin Garc\u00eda Ferm\u00edn, encabez\u00f3 el encuentro titulado \u00abLa extensi\u00f3n de la educaci\u00f3n superior en tiempos de Covid-19\u00bb, donde fue abordado el comportamiento de la pandemia y su impacto en la educaci\u00f3n superior del pa\u00eds. La actividad se [&hellip;]<\/p>\n","protected":false},"author":3,"featured_media":0,"comment_status":"open","ping_status":"open","sticky":false,"template":"","format":"standard","meta":{"footnotes":""},"categories":[21],"tags":[],"class_list":["post-261507","post","type-post","status-publish","format-standard","hentry","category-cultura"],"_links":{"self":[{"href":"https:\/\/diariodominicano.com\/index.php?rest_route=\/wp\/v2\/posts\/261507","targetHints":{"allow":["GET"]}}],"collection":[{"href":"https:\/\/diariodominicano.com\/index.php?rest_route=\/wp\/v2\/posts"}],"about":[{"href":"https:\/\/diariodominicano.com\/index.php?rest_route=\/wp\/v2\/types\/post"}],"author":[{"embeddable":true,"href":"https:\/\/diariodominicano.com\/index.php?rest_route=\/wp\/v2\/users\/3"}],"replies":[{"embeddable":true,"href":"https:\/\/diariodominicano.com\/index.php?rest_route=%2Fwp%2Fv2%2Fcomments&post=261507"}],"version-history":[{"count":0,"href":"https:\/\/diariodominicano.com\/index.php?rest_route=\/wp\/v2\/posts\/261507\/revisions"}],"wp:attachment":[{"href":"https:\/\/diariodominicano.com\/index.php?rest_route=%2Fwp%2Fv2%2Fmedia&parent=261507"}],"wp:term":[{"taxonomy":"category","embeddable":true,"href":"https:\/\/diariodominicano.com\/index.php?rest_route=%2Fwp%2Fv2%2Fcategories&post=261507"},{"taxonomy":"post_tag","embeddable":true,"href":"https:\/\/diariodominicano.com\/index.php?rest_route=%2Fwp%2Fv2%2Ftags&post=261507"}],"curies":[{"name":"wp","href":"https:\/\/api.w.org\/{rel}","templated":true}]}}