{"id":261506,"date":"2020-12-02T23:33:38","date_gmt":"2020-12-02T23:33:38","guid":{"rendered":"http:\/\/diariodominicano.ddns.net\/?p=261506"},"modified":"2020-12-02T23:33:38","modified_gmt":"2020-12-02T23:33:38","slug":"espana-iinformada-de-la-sublevacion-de-enriquillo","status":"publish","type":"post","link":"https:\/\/diariodominicano.com\/?p=261506","title":{"rendered":"Espa\u00f1a iinformada de la sublevaci\u00f3n de Enriquillo"},"content":{"rendered":"<p><body><\/p>\n<p><img decoding=\"async\" src=\"img3\/Enriquillo.jpg\" \/>  <\/p>\n<p><strong>Diariodominicano.com<\/strong><\/p>\n<p><strong>Espa\u00f1a iinformada de la sublevaci\u00f3n de Enriquillo<\/strong><\/p>\n<p><strong>La informaci\u00f3n daba cuenta de que Enriquillo contaba con el apoyo de abor\u00edgenes y negros que huyeron a las monta\u00f1as de Baoruco, por los maltratos que sufr\u00edan de parte de los colonizadores.   La rebeli\u00f3n de Enriquillo se hab\u00eda originado en el a\u00f1o 1519.<\/strong><\/p>\n<p><strong>Por H\u00e9ctor Tineo Nolasco<\/strong><\/p>\n<p><strong>Diariodominicano.com<\/strong><\/p>\n<\/p>\n<p><strong>SANTO DOMINGO,  el  3 de diciembre de 1522,<\/strong> el Gobierno de la colonia espa\u00f1ola de Santo Domingo recibi\u00f3 la informaci\u00f3n de que el Cacique Enriquillo se hab\u00eda sublevado en la sierra de Baoruco.<\/p>\n<\/p>\n<p>    La informaci\u00f3n daba cuenta de que Enriquillo contaba con el apoyo de abor\u00edgenes y negros que huyeron a las monta\u00f1as de Baoruco, por los maltratos que sufr\u00edan de parte de los colonizadores.   La rebeli\u00f3n de Enriquillo se hab\u00eda originado en el a\u00f1o 1519.<\/p>\n<\/p>\n<p>    A  pesar de la violencia con que fue combatida por los espa\u00f1oles,  se mantuvo hasta el a\u00f1o 1533, cuando lleg\u00f3 a un acuerdo con los colonizadores.<\/p>\n<\/p>\n<p>    Los  colonizadores tambi\u00e9n enfrentaban la rebeld\u00eda de los negros provenientes de la tribu de los gelofes, quienes no resist\u00edan y enfrentaban los maltratos y humillaciones que comet\u00edan los colonizadores.<\/p>\n<\/p>\n<p>    En  diciembre de 1522,  los negros gelofes llevaron a cabo una rebeli\u00f3n en los ingenios del Almirante Diego Col\u00f3n y de Melchor de Castro.<\/p>\n<\/p>\n<p>   Los colonizadores reprimieron de inmediato el Movimiento, pero no pudieron evitar las protestas que se daban con frecuencia, as\u00ed como la huida de los trabajadores negros para escapar a la situaci\u00f3n de maltratos que aplicaban los colonizadores que se aprovechaban de su mano de obra.<\/p>\n<\/p>\n<p>    El hecho de que los colonizadores no contaran con una Polic\u00eda o un cuerpo represivo, facilit\u00f3 la resistencia de los negros y su traslado a la sierra de Baoruco.<\/p>\n<\/p>\n<p>     Cuando el Cacique Enriquillo, quien hab\u00eda iniciado su rebeli\u00f3n en el a\u00f1o 1519, lleg\u00f3 a un acuerdo con los colonizadores en 1533, una parte de los negros que se refugiaron en Baoruco,  segu\u00edan  en la zona.<\/p>\n<\/p>\n<p>    Luego del acuerdo, Enriquillo les facilit\u00f3  \u00abindios\u00bb  a los espa\u00f1oles para que persiguieran a los negros.<\/p>\n<\/p>\n<p>     Hasta ese momento los antiguos esclavos negros y los  \u00abindios\u00bb constitu\u00edan un peligro para los ingenios que ten\u00edan los espa\u00f1oles en la regi\u00f3n sur, de ah\u00ed la persecuci\u00f3n implacable que desataron los due\u00f1os de ingenios.<\/p>\n<\/p>\n<p><strong>De la rebeli\u00f3n de Enriquillo<\/strong><\/p>\n<\/p>\n<p>Del acontecimiento la enciclopedia Wikipedia, anota  que a pesar de estar bajo el sistema de encomiendas, en el cual los nabor\u00edas ta\u00ednos estaban sujetos a la autoridad de un patr\u00f3n espa\u00f1ol, Enriquillo tuvo un buen trato por parte de su encomendero Don Francisco P\u00e9rez de Valenzuela, este fue un trato de como un Noble Espa\u00f1ol trata a otro Noble Nativo.<\/p>\n<p>\u00abSeg\u00fan la leyenda, Enriquillo pose\u00eda un corcel y sab\u00eda leer y escribir el castellano. Era conocedor de sus autos, fueros o derechos como s\u00fabdito de la colonia y a\u00fan era reconocido como cacique o nita\u00edno por los otros ind\u00edgenas. Por ello, serv\u00eda de capataz para el encomendero y por este tiempo los ta\u00ednos ya eran denominados \u00abmansos\u00bb por los espa\u00f1oles pues ya no hab\u00edan rebeliones.<\/p>\n<p>\u00abSin embargo, cuando falleci\u00f3 el viejo encomendero, su hijo trataba a Enriquillo como una mera posesi\u00f3n. Trat\u00f3 de amedrentarlo burl\u00e1ndose de \u00e9l, trat\u00f3 a Do\u00f1a Menc\u00eda, su esposa, de forma violenta y le desposeyeron de su corcel, el cual era reconocimiento de su nobleza ta\u00edna.<\/p>\n<p>\u00abAl tratar de recurrir a los tribunales locales y no recibir justicia, fue azotado frente a todos los otros ta\u00ednos para dejar claro qui\u00e9n era el amo y qui\u00e9n era el esclavo. Al tratar una vez m\u00e1s de recurrir a otro tribunal de m\u00e1s alto nivel, sus solicitudes fueron denegadas y hasta se le amenaz\u00f3 de muerte.<\/p>\n<p>\u00abSeg\u00fan la leyenda, Enriquillo se quit\u00f3 la camisa, que representaba su vida en el mundo de los espa\u00f1oles y llev\u00e1ndose a su esposa Mencia y a otros, huy\u00f3 a las sierras que le hab\u00edan servido de tierra de recreo.<\/p>\n<p>\u00abEnriquillo comenz\u00f3 su alzamiento con un gran grupo de ta\u00ednos en la Sierra de Bahoruco y los ta\u00ednos pudieron continuar con la rebeli\u00f3n gracias a su conocimiento de la regi\u00f3n. Derrotaban a todas las expediciones enviadas a subyugarlos al contar los espa\u00f1oles con muy pocas fuerzas. Los espa\u00f1oles confiaban que acabar\u00edan con los ta\u00ednos tal como lo hab\u00edan hecho antes.<\/p>\n<p>\u00abEstas buenas nuevas no tardaron en circular por todas partes y muchos ta\u00ednos se les unieron en la Sierra de Bahoruco. Les favorec\u00eda que la isla ya no era un punto clave de la colonizaci\u00f3n, pues los espa\u00f1oles estaban enfocados en la conquista de los pueblos Azteca e Inca.<\/p>\n<p>\u00abYa que los espa\u00f1oles no pod\u00edan controlar la rebeli\u00f3n, y la colonia era presa del p\u00e1nico, se firm\u00f3 un tratado dando a los ta\u00ednos, entre otras concesiones, el derecho a la libertad y propiedad. Sin embargo, esto trajo pocas consecuencias inmediatas, ya que para esta fecha, la poblaci\u00f3n pura ta\u00edna estaba declinando r\u00e1pidamente a causa de las enfermedades europeas. El propio Enriquillo sucumbi\u00f3 tr\u00e1gicamente a la tuberculosis a\u00f1os m\u00e1s tarde\u00bb.<\/p>\n<\/p>\n<\/p>\n<\/p>\n<h6> 2020-12-02 23:33:38 <\/h6>\n<p><!--\n<link rel=\"stylesheet\" href=\"css\/bootstrap.min.css\">\n\n\n<ul class=\"pagination\">\n\t    \n\t\n\n<li >\n\t<a href='?page_no=100'>Previous<\/a>\n\t<\/li>\n\n\n       \n    \n\n<li><a href='?page_no=1'>1<\/a><\/li>\n\n\n\n<li><a href='?page_no=2'>2<\/a><\/li>\n\n\n\n<li><a>...<\/a><\/li>\n\n\n\n<li><a href='?page_no=99'>99<\/a><\/li>\n\n\n\n<li><a href='?page_no=100'>100<\/a><\/li>\n\n\n\n<li class='active'><a>101<\/a><\/li>\n\n\n\n<li><a href='?page_no=102'>102<\/a><\/li>\n\n\n\n<li><a href='?page_no=103'>103<\/a><\/li>\n\n\n\n<li><a>...<\/a><\/li>\n\n\n\n<li><a href='?page_no=110'>110<\/a><\/li>\n\n\n\n<li><a href='?page_no=111'>111<\/a><\/li>\n\n    \n\t\n\n<li >\n\t<a href='?page_no=102'>Next<\/a>\n\t<\/li>\n\n\n    \n\n<li><a href='?page_no=111'>Last &rsaquo;&rsaquo;<\/a><\/li>\n\n<\/ul>\n\n\n--><br \/>\n<\/body><\/p>\n","protected":false},"excerpt":{"rendered":"<p>Diariodominicano.com Espa\u00f1a iinformada de la sublevaci\u00f3n de Enriquillo La informaci\u00f3n daba cuenta de que Enriquillo contaba con el apoyo de abor\u00edgenes y negros que huyeron a las monta\u00f1as de Baoruco, por los maltratos que sufr\u00edan de parte de los colonizadores. La rebeli\u00f3n de Enriquillo se hab\u00eda originado en el a\u00f1o 1519. Por H\u00e9ctor Tineo Nolasco [&hellip;]<\/p>\n","protected":false},"author":3,"featured_media":0,"comment_status":"open","ping_status":"open","sticky":false,"template":"","format":"standard","meta":{"footnotes":""},"categories":[21],"tags":[],"class_list":["post-261506","post","type-post","status-publish","format-standard","hentry","category-cultura"],"_links":{"self":[{"href":"https:\/\/diariodominicano.com\/index.php?rest_route=\/wp\/v2\/posts\/261506","targetHints":{"allow":["GET"]}}],"collection":[{"href":"https:\/\/diariodominicano.com\/index.php?rest_route=\/wp\/v2\/posts"}],"about":[{"href":"https:\/\/diariodominicano.com\/index.php?rest_route=\/wp\/v2\/types\/post"}],"author":[{"embeddable":true,"href":"https:\/\/diariodominicano.com\/index.php?rest_route=\/wp\/v2\/users\/3"}],"replies":[{"embeddable":true,"href":"https:\/\/diariodominicano.com\/index.php?rest_route=%2Fwp%2Fv2%2Fcomments&post=261506"}],"version-history":[{"count":0,"href":"https:\/\/diariodominicano.com\/index.php?rest_route=\/wp\/v2\/posts\/261506\/revisions"}],"wp:attachment":[{"href":"https:\/\/diariodominicano.com\/index.php?rest_route=%2Fwp%2Fv2%2Fmedia&parent=261506"}],"wp:term":[{"taxonomy":"category","embeddable":true,"href":"https:\/\/diariodominicano.com\/index.php?rest_route=%2Fwp%2Fv2%2Fcategories&post=261506"},{"taxonomy":"post_tag","embeddable":true,"href":"https:\/\/diariodominicano.com\/index.php?rest_route=%2Fwp%2Fv2%2Ftags&post=261506"}],"curies":[{"name":"wp","href":"https:\/\/api.w.org\/{rel}","templated":true}]}}