{"id":261505,"date":"2020-12-03T13:15:42","date_gmt":"2020-12-03T13:15:42","guid":{"rendered":"http:\/\/diariodominicano.ddns.net\/?p=261505"},"modified":"2020-12-03T13:15:42","modified_gmt":"2020-12-03T13:15:42","slug":"republica-dominicana-presenta-rezago-en-desarrollo-de-las-tic-frente-a-paises-de-la-region","status":"publish","type":"post","link":"https:\/\/diariodominicano.com\/?p=261505","title":{"rendered":"Rep\u00fablica Dominicana presenta rezago en desarrollo de las TIC frente a pa\u00edses de la regi\u00f3n"},"content":{"rendered":"<p><body><\/p>\n<p><img decoding=\"async\" src=\"http:\/\/localhost:8080\/img3\/Manuel Mendoza3-12-20.JPG\" \/>  <\/p>\n<p> diariodominicano.com<\/p>\n<\/p>\n<p>Santo Domingo, R. D., 3 de diciembre, 2020.- <span class=\"text1noticias\">El desarrollo econ\u00f3mico que exhibe la Rep\u00fablica Dominicana no ha implicado el mismo crecimiento en las Tecnolog\u00edas de la Informaci\u00f3n y la Comunicaci\u00f3n (TIC) disponibles en el pa\u00eds, que mantiene una posici\u00f3n rezagada en ese rengl\u00f3n con respecto a pa\u00edses de Am\u00e9rica Latina y el Caribe. <\/span><\/p>\n<p><span class=\"text1noticias\"> <\/span><\/p>\n<p><span class=\"text1noticias\">En 2018, solo el 26.69 % de los hogares en Rep\u00fablica Dominicana ten\u00edan computadora, una diferencia de 10.12 puntos porcentuales en comparaci\u00f3n con el 36.81 promedio que registr\u00f3 Am\u00e9rica Latina y el Caribe (ALC), seg\u00fan indica un estudio presentado por el Observatorio Nacional de las Tecnolog\u00edas de la Informaci\u00f3n y la Comunicaci\u00f3n (ONTIC-RD), entidad creada por el Instituto Dominicano de las Telecomunicaciones (INDOTEL) y el Instituto Tecnol\u00f3gico de Santo Domingo (INTEC).  <\/span><\/p>\n<p><span class=\"text1noticias\"> <\/span><\/p>\n<p><span class=\"text1noticias\">La investigaci\u00f3n \u00abEvaluaci\u00f3n del Desarrollo de las Tecnolog\u00edas de la Informaci\u00f3n y la Comunicaci\u00f3n en la Rep\u00fablica Dominicana 2020\u00bb resalta que, aunque los hogares dominicanos con acceso a internet crecieron entre 2014-2018, se registra una diferencia de 10.43 puntos porcentuales al comparar el 31.62 % registrado en este \u00faltimo a\u00f1o con el 42.05 % del promedio en la regi\u00f3n. <\/span><\/p>\n<p><span class=\"text1noticias\"> <\/span><\/p>\n<p><span class=\"text1noticias\">Asimismo, en cuanto a suscriptores de banda ancha fija por 100 habitantes, la regi\u00f3n de ALC presenta un crecimiento mayor que Rep\u00fablica Dominicana, 2.79 puntos porcentuales en el per\u00edodo 2014-2018. La regi\u00f3n tuvo una penetraci\u00f3n promedio de la banda ancha fija de 12.15 l\u00edneas en 2017 y 13.08 en 2018, mientras Rep\u00fablica Dominicana se mantuvo en 7.48 en estos dos a\u00f1os. <\/span><\/p>\n<p><span class=\"text1noticias\"> <\/span><\/p>\n<p><span class=\"text1noticias\">Sin embargo, pese a que el pa\u00eds est\u00e1 por debajo del promedio de ALC en la penetraci\u00f3n de banda ancha fija por 100 habitantes, la investigaci\u00f3n elaborada por los investigadores Tom\u00e1s Marte, Rafael Polanco, Shajira Nazir, Eric Fortunato y Manuel Mendoza, resalta que se observa una modernizaci\u00f3n de la infraestructura tecnol\u00f3gica y un aumento de las velocidades de banda ancha.  <\/span><\/p>\n<p><span class=\"text1noticias\"> <\/span><\/p>\n<p><span class=\"text1noticias\">\u00abRep\u00fablica Dominicana es uno de los pa\u00edses de ALC con mayor porcentaje de poblaci\u00f3n en cobertura 3G alcanzando niveles de 99.15% para 2017 y 99.23% en 2018. Ocupa el sexto lugar de los 31 pa\u00edses de ALC para 2017 y el quinto lugar en 2018. El nivel de cobertura de redes m\u00f3viles de banda ancha est\u00e1 permitiendo que las suscripciones de banda ancha m\u00f3vil y de usuarios de internet est\u00e9n en r\u00e1pido crecimiento\u00bb, resaltan. <\/span><\/p>\n<p><span class=\"text1noticias\"> <\/span><\/p>\n<p><span class=\"text1noticias\">En cuanto al indicador del porcentaje de individuos utilizando internet, el pa\u00eds se encuentra muy bien posicionado con relaci\u00f3n al promedio de ALC quedando por encima por un 16% y con una tasa de crecimiento superior a los valores de la regi\u00f3n. Rep\u00fablica Dominicana ocupa el lugar 12 de las 33 naciones de ALC.   <\/span><\/p>\n<p><span class=\"text1noticias\"> <\/span><\/p>\n<p><span class=\"text1noticias\">Reducci\u00f3n de impuestos  <\/span><\/p>\n<p><span class=\"text1noticias\"> <\/span><\/p>\n<p><span class=\"text1noticias\">Los investigadores recomiendan que el acceso al Internet en los hogares debe estimularse reduciendo los niveles de impuestos sobre este servicio. \u00abEn una situaci\u00f3n de d\u00e9ficit fiscal, puede ser cuesta arriba sugerir una reducci\u00f3n de impuestos, sin embargo, los beneficios futuros de una poblaci\u00f3n mejor entrenada ser\u00edan superiores al sacrificio fiscal\u00bb.  <\/span><\/p>\n<p><span class=\"text1noticias\"> <\/span><\/p>\n<p><span class=\"text1noticias\">Resaltan que el promedio de los impuestos sobre las comunicaciones es de un 30%. Este porcentaje incluye un 18% del ITBIS (IVA) que se adiciona a la factura de los usuarios. El promedio de IVA en Centro Am\u00e9rica es inferior al 15% y el promedio mundial oscila alrededor de un 12%.  <\/span><\/p>\n<p><span class=\"text1noticias\"> <\/span><\/p>\n<p><span class=\"text1noticias\">\u00abEn el pasado reciente, los procesadores electr\u00f3nicos de uso personal estaban exentos de impuestos. Un primer paso para ampliar la utilizaci\u00f3n de estos equipos ser\u00eda de exonerar el pago del ITBIS aduanal a los mismos\u00bb, recomiendan. <\/span><\/p>\n<p><span class=\"text1noticias\"> <\/span><\/p>\n<p><span class=\"text1noticias\">Adem\u00e1s, resaltan que se deben desarrollar iniciativas para expandir las redes de acceso fijo a hogares basadas en tecnolog\u00edas de fibra \u00f3ptica, a trav\u00e9s de alianzas p\u00fablico-privadas y dise\u00f1arse una pol\u00edtica para fomentar el desarrollo de la econom\u00eda digital y el gobierno electr\u00f3nico. <\/span><\/p>\n<p><span class=\"text1noticias\"> <\/span><\/p>\n<p><span class=\"text1noticias\">\u00abLa correcta inversi\u00f3n en infraestructura tecnol\u00f3gica, el desarrollo de redes digitales y servicios y el mejoramiento del acceso en l\u00ednea a los bienes y servicios de Rep\u00fablica Dominicana, generar\u00e1n crecimiento econ\u00f3mico y productivo transversal a m\u00faltiples sectores e industrias locales con potencial de competir en los mercados globales\u00bb, indica la investigaci\u00f3n.  <\/span><\/p>\n<p><span class=\"text1noticias\"> <\/span><\/p>\n<p><span class=\"text1noticias\">Sobre el ONTIC-RD  <\/span><\/p>\n<p><span class=\"text1noticias\"> <\/span><\/p>\n<p><span class=\"text1noticias\">Es el esfuerzo conjunto de una alianza estrat\u00e9gica entre varias instituciones. La operaci\u00f3n de este observatorio est\u00e1 regida por su Consejo Consultivo Interinstitucional integrado por el INTEC, INDOTEL, el Ministerio de la Presidencia, entre otras instituciones del sector. <\/span><\/p>\n<p><span class=\"text1noticias\"> <\/span><\/p>\n<p><span class=\"text1noticias\">Puede descargar la investigaci\u00f3n a trav\u00e9s del siguiente enlace: https:\/\/www.ontic.org.do\/publicaciones\/categories\/estudios\/  <\/span><\/p>\n<p><span class=\"text1noticias\"> <\/span><\/p>\n<p><span class=\"text1noticias\"> <\/span><\/p>\n<p><span class=\"text1noticias\"> <\/span><\/p>\n<p><span class=\"text1noticias\">Afectos,<\/span><\/p>\n<p><span class=\"text1noticias\"> Prensa INTEC<\/span><\/p>\n<p><span class=\"text1noticias\"> <\/span><\/p>\n<p><span class=\"text1noticias\">&#8211;??<\/span><\/p>\n<p><span class=\"text1noticias\">Direcci\u00f3n de Comunicaci\u00f3n Institucional??<\/span><\/p>\n<p><span class=\"text1noticias\">Instituto Tecnol\u00f3gico de Santo Domingo ? <\/span> INTEC  Asume el reto??<\/p>\n<h6> 2020-12-03 13:15:42 <\/h6>\n<p><!--\n<link rel=\"stylesheet\" href=\"css\/bootstrap.min.css\">\n\n\n<ul class=\"pagination\">\n\t    \n\t\n\n<li >\n\t<a href='?page_no=99'>Previous<\/a>\n\t<\/li>\n\n\n       \n    \n\n<li><a href='?page_no=1'>1<\/a><\/li>\n\n\n\n<li><a href='?page_no=2'>2<\/a><\/li>\n\n\n\n<li><a>...<\/a><\/li>\n\n\n\n<li><a href='?page_no=98'>98<\/a><\/li>\n\n\n\n<li><a href='?page_no=99'>99<\/a><\/li>\n\n\n\n<li class='active'><a>100<\/a><\/li>\n\n\n\n<li><a href='?page_no=101'>101<\/a><\/li>\n\n\n\n<li><a href='?page_no=102'>102<\/a><\/li>\n\n\n\n<li><a>...<\/a><\/li>\n\n\n\n<li><a href='?page_no=110'>110<\/a><\/li>\n\n\n\n<li><a href='?page_no=111'>111<\/a><\/li>\n\n    \n\t\n\n<li >\n\t<a href='?page_no=101'>Next<\/a>\n\t<\/li>\n\n\n    \n\n<li><a href='?page_no=111'>Last &rsaquo;&rsaquo;<\/a><\/li>\n\n<\/ul>\n\n\n--><br \/>\n<\/body><\/p>\n","protected":false},"excerpt":{"rendered":"<p>diariodominicano.com Santo Domingo, R. D., 3 de diciembre, 2020.- El desarrollo econ\u00f3mico que exhibe la Rep\u00fablica Dominicana no ha implicado el mismo crecimiento en las Tecnolog\u00edas de la Informaci\u00f3n y la Comunicaci\u00f3n (TIC) disponibles en el pa\u00eds, que mantiene una posici\u00f3n rezagada en ese rengl\u00f3n con respecto a pa\u00edses de Am\u00e9rica Latina y el Caribe. [&hellip;]<\/p>\n","protected":false},"author":3,"featured_media":0,"comment_status":"open","ping_status":"open","sticky":false,"template":"","format":"standard","meta":{"footnotes":""},"categories":[21],"tags":[],"class_list":["post-261505","post","type-post","status-publish","format-standard","hentry","category-cultura"],"_links":{"self":[{"href":"https:\/\/diariodominicano.com\/index.php?rest_route=\/wp\/v2\/posts\/261505","targetHints":{"allow":["GET"]}}],"collection":[{"href":"https:\/\/diariodominicano.com\/index.php?rest_route=\/wp\/v2\/posts"}],"about":[{"href":"https:\/\/diariodominicano.com\/index.php?rest_route=\/wp\/v2\/types\/post"}],"author":[{"embeddable":true,"href":"https:\/\/diariodominicano.com\/index.php?rest_route=\/wp\/v2\/users\/3"}],"replies":[{"embeddable":true,"href":"https:\/\/diariodominicano.com\/index.php?rest_route=%2Fwp%2Fv2%2Fcomments&post=261505"}],"version-history":[{"count":0,"href":"https:\/\/diariodominicano.com\/index.php?rest_route=\/wp\/v2\/posts\/261505\/revisions"}],"wp:attachment":[{"href":"https:\/\/diariodominicano.com\/index.php?rest_route=%2Fwp%2Fv2%2Fmedia&parent=261505"}],"wp:term":[{"taxonomy":"category","embeddable":true,"href":"https:\/\/diariodominicano.com\/index.php?rest_route=%2Fwp%2Fv2%2Fcategories&post=261505"},{"taxonomy":"post_tag","embeddable":true,"href":"https:\/\/diariodominicano.com\/index.php?rest_route=%2Fwp%2Fv2%2Ftags&post=261505"}],"curies":[{"name":"wp","href":"https:\/\/api.w.org\/{rel}","templated":true}]}}