{"id":261456,"date":"2020-12-01T12:41:01","date_gmt":"2020-12-01T12:41:01","guid":{"rendered":"http:\/\/diariodominicano.ddns.net\/?p=261456"},"modified":"2020-12-01T12:41:01","modified_gmt":"2020-12-01T12:41:01","slug":"adn-realiza-encuesta-ciudadana-sobre-el-parque-mirador-sur","status":"publish","type":"post","link":"https:\/\/diariodominicano.com\/?p=261456","title":{"rendered":"ADN realiza encuesta ciudadana sobre el Parque Mirador Sur"},"content":{"rendered":"<p><body><\/p>\n<p><img decoding=\"async\" src=\"http:\/\/localhost:8080\/img3\/ADN1-12-20.jpeg\" \/>  <\/p>\n<p><span class=\"text1noticias\"> <\/span><\/p>\n<p><span class=\"text1noticias\"> diariodominicano.com <\/span><\/p>\n<p><span class=\"text1noticias\">Santo Domingo, R. D., 1 de diciembre, 2020.- La Alcald\u00eda del Distrito Nacional efectuar\u00e1 hoy y ma\u00f1ana mi\u00e9rcoles una encuesta de opini\u00f3n entre los usuarios del Parque Mirador Sur, sobre c\u00f3mo se puede mejorar este importante centro de esparcimiento social de la ciudad. <\/span><\/p>\n<p><span class=\"text1noticias\"> <\/span><\/p>\n<p><span class=\"text1noticias\">Las  preguntas  del cuestionario ser\u00e1n abiertas o semi-abiertas, y se tomar\u00e1n a trav\u00e9s de las redes sociales y directamente a los usuarios del parque.<\/span><\/p>\n<p><span class=\"text1noticias\"> <\/span><\/p>\n<p><span class=\"text1noticias\">Los objetivos ser\u00e1n conocer m\u00e1s sobre la satisfacci\u00f3n y condiciones de uso, tanto de los usuarios permanentes u ocasionales, y la visi\u00f3n que tienen de este parque p\u00fablico. <\/span><\/p>\n<p><span class=\"text1noticias\"> <\/span><\/p>\n<p><span class=\"text1noticias\"> La encuesta adem\u00e1s servir\u00e1 como una estrategia para informar y motivar directamente a los usuarios de que participen en el mejoramiento permanente que la alcald\u00eda desea promover en el Parque Mirador Sur. <\/span><\/p>\n<p><span class=\"text1noticias\"> <\/span><\/p>\n<p><span class=\"text1noticias\">Los entrevistados podr\u00e1n responder preguntas sobre el motivo de sus visitas, qu\u00e9 tan seguido, si lo hacen a t\u00edtulo individual, en grupo de amigos o en familia; cada qu\u00e9 tiempo, y el nivel de permanencia. <\/span><\/p>\n<p><span class=\"text1noticias\"> <\/span><\/p>\n<p><span class=\"text1noticias\">Tambi\u00e9n podr\u00e1n opinar en qu\u00e9 lugar del parque realizan sus actividades, si tienen alguna idea de c\u00f3mo mejorar esta instalaci\u00f3n, de c\u00f3mo se pueden distribuir los espacios, evaluar la seguridad, determinar los rangos de edad de uso del mismo, entre otras. <\/span><\/p>\n<p><span class=\"text1noticias\"> <\/span><\/p>\n<p><span class=\"text1noticias\">En los \u00faltimos tiempos los espacios p\u00fablicos naturales han adquirido una gran relevancia en especial debido a la pandemia Covid 19.<\/span><\/p>\n<p><span class=\"text1noticias\"> <\/span><\/p>\n<p><span class=\"text1noticias\">A trav\u00e9s de las redes sociales de la Alcald\u00eda @alcaldiadn se est\u00e1 promoviendo el formulario digital donde tambi\u00e9n de manera virtual los mun\u00edcipes pueden llenar la encuesta.<\/span><\/p>\n<p><span class=\"text1noticias\"> <\/span><\/p>\n<p><span class=\"text1noticias\"> Fuente:  Comunicaciones ADN<\/span><\/p>\n<p><span class=\"text1noticias\">Direcci\u00f3n de Comunicacione<\/span>s <\/p>\n<p>01 Diciembre 2020<\/p>\n<\/p>\n<h6> 2020-12-01 12:41:01 <\/h6>\n<p><!--\n<link rel=\"stylesheet\" href=\"css\/bootstrap.min.css\">\n\n\n<ul class=\"pagination\">\n\t    \n\t\n\n<li >\n\t<a href='?page_no=68'>Previous<\/a>\n\t<\/li>\n\n\n       \n    \n\n<li><a href='?page_no=1'>1<\/a><\/li>\n\n\n\n<li><a href='?page_no=2'>2<\/a><\/li>\n\n\n\n<li><a>...<\/a><\/li>\n\n\n\n<li><a href='?page_no=64'>64<\/a><\/li>\n\n\n\n<li><a href='?page_no=65'>65<\/a><\/li>\n\n\n\n<li><a href='?page_no=66'>66<\/a><\/li>\n\n\n\n<li><a href='?page_no=67'>67<\/a><\/li>\n\n\n\n<li><a href='?page_no=68'>68<\/a><\/li>\n\n\n\n<li class='active'><a>69<\/a><\/li>\n\n\n\n<li><a href='?page_no=70'>70<\/a><\/li>\n\n    \n\t\n\n<li >\n\t<a href='?page_no=70'>Next<\/a>\n\t<\/li>\n\n\n    \n\n<li><a href='?page_no=70'>Last &rsaquo;&rsaquo;<\/a><\/li>\n\n<\/ul>\n\n\n--><br \/>\n<\/body><\/p>\n","protected":false},"excerpt":{"rendered":"<p>diariodominicano.com Santo Domingo, R. D., 1 de diciembre, 2020.- La Alcald\u00eda del Distrito Nacional efectuar\u00e1 hoy y ma\u00f1ana mi\u00e9rcoles una encuesta de opini\u00f3n entre los usuarios del Parque Mirador Sur, sobre c\u00f3mo se puede mejorar este importante centro de esparcimiento social de la ciudad. Las preguntas del cuestionario ser\u00e1n abiertas o semi-abiertas, y se tomar\u00e1n [&hellip;]<\/p>\n","protected":false},"author":3,"featured_media":0,"comment_status":"open","ping_status":"open","sticky":false,"template":"","format":"standard","meta":{"footnotes":""},"categories":[25],"tags":[],"class_list":["post-261456","post","type-post","status-publish","format-standard","hentry","category-gente"],"_links":{"self":[{"href":"https:\/\/diariodominicano.com\/index.php?rest_route=\/wp\/v2\/posts\/261456","targetHints":{"allow":["GET"]}}],"collection":[{"href":"https:\/\/diariodominicano.com\/index.php?rest_route=\/wp\/v2\/posts"}],"about":[{"href":"https:\/\/diariodominicano.com\/index.php?rest_route=\/wp\/v2\/types\/post"}],"author":[{"embeddable":true,"href":"https:\/\/diariodominicano.com\/index.php?rest_route=\/wp\/v2\/users\/3"}],"replies":[{"embeddable":true,"href":"https:\/\/diariodominicano.com\/index.php?rest_route=%2Fwp%2Fv2%2Fcomments&post=261456"}],"version-history":[{"count":0,"href":"https:\/\/diariodominicano.com\/index.php?rest_route=\/wp\/v2\/posts\/261456\/revisions"}],"wp:attachment":[{"href":"https:\/\/diariodominicano.com\/index.php?rest_route=%2Fwp%2Fv2%2Fmedia&parent=261456"}],"wp:term":[{"taxonomy":"category","embeddable":true,"href":"https:\/\/diariodominicano.com\/index.php?rest_route=%2Fwp%2Fv2%2Fcategories&post=261456"},{"taxonomy":"post_tag","embeddable":true,"href":"https:\/\/diariodominicano.com\/index.php?rest_route=%2Fwp%2Fv2%2Ftags&post=261456"}],"curies":[{"name":"wp","href":"https:\/\/api.w.org\/{rel}","templated":true}]}}