{"id":261455,"date":"2020-12-02T11:59:56","date_gmt":"2020-12-02T11:59:56","guid":{"rendered":"http:\/\/diariodominicano.ddns.net\/?p=261455"},"modified":"2020-12-02T11:59:56","modified_gmt":"2020-12-02T11:59:56","slug":"kinito-mendez-trae-nueva-y-contagiosa-musica-este-viernes","status":"publish","type":"post","link":"https:\/\/diariodominicano.com\/?p=261455","title":{"rendered":"Kinito M\u00e9ndez trae nueva y contagiosa m\u00fasica este viernes"},"content":{"rendered":"<p><body><\/p>\n<p><img decoding=\"async\" src=\"http:\/\/localhost:8080\/img3\/KinitoMendez2-12-20.jpg\" \/>  <\/p>\n<p><span class=\"text1noticias\"> <\/span><\/p>\n<p><span class=\"text1noticias\">diariodominicano.com<\/span><\/p>\n<p><span class=\"text1noticias\"> <\/span><\/p>\n<p><span class=\"text1noticias\">Santo Domingo, R.D., 2 de diciembre, 2020.- El reconocido artista dominicano Kinito M\u00e9ndez viene con sabor a pueblo en su nueva propuesta musical \u00abV\u00e1yase de ah\u00ed\u00bb que estrena este viernes bajo la distribuci\u00f3n de la empresa disquera La Oreja Media Group.<\/span><\/p>\n<p><span class=\"text1noticias\"> <\/span><\/p>\n<p><span class=\"text1noticias\">Kinito, revestido de nuevos colores musicales y poniendo al Merengue a la altura de los nuevos tiempos, usa en este tema un lenguaje potable para todas las generaciones, motivando con sus letras a compartir la felicidad y el baile por las redes sociales.<\/span><\/p>\n<p><span class=\"text1noticias\"> <\/span><\/p>\n<p><span class=\"text1noticias\">Este sabroso Merengue que se hizo para bailar y que desde ya tiene una coreograf\u00eda que el artista ha compartido por su Instagram, fue compuesto y producido musicalmente por Kinito M\u00e9ndez, quien expres\u00f3 lo siguiente:<\/span><\/p>\n<p><span class=\"text1noticias\"> <\/span><\/p>\n<p><span class=\"text1noticias\">\u00abEn medio de esta pandemia vamos a alegrar al mundo, con un baile hecho para que todos puedan compartirlo en su red favorita, y claro, con unas letras que pueden dedicar a cualquier persona o situaci\u00f3n, e incluso hasta se las podemos dedicar a este a\u00f1o que ha sido una locura\u00bb<\/span><\/p>\n<p><span class=\"text1noticias\"> <\/span><\/p>\n<p><span class=\"text1noticias\">El tema \u00abV\u00e1yase de ah\u00ed\u00bb contiene toda la energ\u00eda que caracteriza a este gran artista nuestro que a trav\u00e9s de los a\u00f1os ha quedado grabado en la historia del merengue con canciones que han puesto a gozar a m\u00e1s de una generaci\u00f3n.<\/span><\/p>\n<p><span class=\"text1noticias\"> <\/span><\/p>\n<p><span class=\"text1noticias\">Estar\u00e1 disponible en todas las plataformas digitales este viernes para RD y para todo el mundo.<\/span><\/p>\n<p><span class=\"text1noticias\"> <\/span><\/p>\n<p><span class=\"text1noticias\">Fuente: Patz Guerrero<\/span><\/p>\n<p><span class=\"text1noticias\">Directora de cuentas y propietaria, Clap RD<\/span><\/p>\n<h6> 2020-12-02 11:59:56 <\/h6>\n<p><!--\n<link rel=\"stylesheet\" href=\"css\/bootstrap.min.css\">\n\n\n<ul class=\"pagination\">\n\t    \n\t\n\n<li >\n\t<a href='?page_no=67'>Previous<\/a>\n\t<\/li>\n\n\n       \n    \n\n<li><a href='?page_no=1'>1<\/a><\/li>\n\n\n\n<li><a href='?page_no=2'>2<\/a><\/li>\n\n\n\n<li><a>...<\/a><\/li>\n\n\n\n<li><a href='?page_no=64'>64<\/a><\/li>\n\n\n\n<li><a href='?page_no=65'>65<\/a><\/li>\n\n\n\n<li><a href='?page_no=66'>66<\/a><\/li>\n\n\n\n<li><a href='?page_no=67'>67<\/a><\/li>\n\n\n\n<li class='active'><a>68<\/a><\/li>\n\n\n\n<li><a href='?page_no=69'>69<\/a><\/li>\n\n\n\n<li><a href='?page_no=70'>70<\/a><\/li>\n\n    \n\t\n\n<li >\n\t<a href='?page_no=69'>Next<\/a>\n\t<\/li>\n\n\n    \n\n<li><a href='?page_no=70'>Last &rsaquo;&rsaquo;<\/a><\/li>\n\n<\/ul>\n\n\n--><br \/>\n<\/body><\/p>\n","protected":false},"excerpt":{"rendered":"<p>diariodominicano.com Santo Domingo, R.D., 2 de diciembre, 2020.- El reconocido artista dominicano Kinito M\u00e9ndez viene con sabor a pueblo en su nueva propuesta musical \u00abV\u00e1yase de ah\u00ed\u00bb que estrena este viernes bajo la distribuci\u00f3n de la empresa disquera La Oreja Media Group. Kinito, revestido de nuevos colores musicales y poniendo al Merengue a la altura [&hellip;]<\/p>\n","protected":false},"author":3,"featured_media":0,"comment_status":"open","ping_status":"open","sticky":false,"template":"","format":"standard","meta":{"footnotes":""},"categories":[25],"tags":[],"class_list":["post-261455","post","type-post","status-publish","format-standard","hentry","category-gente"],"_links":{"self":[{"href":"https:\/\/diariodominicano.com\/index.php?rest_route=\/wp\/v2\/posts\/261455","targetHints":{"allow":["GET"]}}],"collection":[{"href":"https:\/\/diariodominicano.com\/index.php?rest_route=\/wp\/v2\/posts"}],"about":[{"href":"https:\/\/diariodominicano.com\/index.php?rest_route=\/wp\/v2\/types\/post"}],"author":[{"embeddable":true,"href":"https:\/\/diariodominicano.com\/index.php?rest_route=\/wp\/v2\/users\/3"}],"replies":[{"embeddable":true,"href":"https:\/\/diariodominicano.com\/index.php?rest_route=%2Fwp%2Fv2%2Fcomments&post=261455"}],"version-history":[{"count":0,"href":"https:\/\/diariodominicano.com\/index.php?rest_route=\/wp\/v2\/posts\/261455\/revisions"}],"wp:attachment":[{"href":"https:\/\/diariodominicano.com\/index.php?rest_route=%2Fwp%2Fv2%2Fmedia&parent=261455"}],"wp:term":[{"taxonomy":"category","embeddable":true,"href":"https:\/\/diariodominicano.com\/index.php?rest_route=%2Fwp%2Fv2%2Fcategories&post=261455"},{"taxonomy":"post_tag","embeddable":true,"href":"https:\/\/diariodominicano.com\/index.php?rest_route=%2Fwp%2Fv2%2Ftags&post=261455"}],"curies":[{"name":"wp","href":"https:\/\/api.w.org\/{rel}","templated":true}]}}