{"id":261452,"date":"2020-12-04T23:59:20","date_gmt":"2020-12-04T23:59:20","guid":{"rendered":"http:\/\/diariodominicano.ddns.net\/?p=261452"},"modified":"2020-12-04T23:59:20","modified_gmt":"2020-12-04T23:59:20","slug":"inicia-la-navidad-en-el-palacio-nacional-con-el-encendido-del-arbol","status":"publish","type":"post","link":"https:\/\/diariodominicano.com\/?p=261452","title":{"rendered":"Inicia la Navidad en el Palacio Nacional con el encendido del \u00e1rbol"},"content":{"rendered":"<p><body><\/p>\n<p><img decoding=\"async\" src=\"http:\/\/localhost:8080\/img3\/palacionavidad4-12-20.jpg\" \/>  <\/p>\n<p><span class=\"text1noticias\">  <\/span><\/p>\n<p><span class=\"text1noticias\">diariodominicano.com<\/span><\/p>\n<p><span class=\"text1noticias\"> <\/span><\/p>\n<p><span class=\"text1noticias\">Santo Domingo, R. D., 4 de diciembre, 2020.- Con la presencia de la vicepresidenta, Raquel Pe\u00f1a y la primera dama, Raquel Arbaje, el Palacio Nacional encendi\u00f3 su \u00e1rbol de Navidad y las luces de sus jardines, dando inicio a la festividad en la casa de Gobierno y en el pa\u00eds.<\/span><\/p>\n<p><span class=\"text1noticias\"> <\/span><\/p>\n<p><span class=\"text1noticias\">La actividad tuvo lugar en la explanada frontal del Palacio Nacional, cont\u00f3 con la participaci\u00f3n de ministros, directores y altos funcionarios.<\/span><\/p>\n<p><span class=\"text1noticias\"> <\/span><\/p>\n<p><span class=\"text1noticias\">Pasadas las 7:00 de la noche, un grupo de ni\u00f1os junto a la vicepresidenta y la primera dama, encendieron las luces del \u00e1rbol y la vistosa decoraci\u00f3n de los jardines del Palacio Nacional, los cuales constan de miles de bombillos.<\/span><\/p>\n<p><span class=\"text1noticias\"> <\/span><\/p>\n<p><span class=\"text1noticias\">Las palabras centrales del acto estuvieron a cargo de la vicepresidenta, Raquel Pe\u00f1a y la primera dama, Raquel Arbaje.<\/span><\/p>\n<p><span class=\"text1noticias\"> <\/span><\/p>\n<p><span class=\"text1noticias\">La vicepresidenta llam\u00f3 a todos los dominicanos a vivir la Navidad con Jes\u00fas y fortalecer las familias.<\/span><\/p>\n<p><span class=\"text1noticias\"> <\/span><\/p>\n<p><span class=\"text1noticias\">Consider\u00f3 que con el encendido del \u00e1rbol se refleja la paz y el amor que el Gobierno quiere transmitir a todos los dominicanos.<\/span><\/p>\n<p><span class=\"text1noticias\"> <\/span><\/p>\n<p><span class=\"text1noticias\">En tanto, la primera dama, Raquel Arbaje, exhort\u00f3 a las familias y todo el pueblo a mantener la esperanza de que vendr\u00e1n tiempos mejores, ya que la luz de Dios guiar\u00e1 a los dominicanos.<\/span><\/p>\n<p><span class=\"text1noticias\"> <\/span><\/p>\n<p><span class=\"text1noticias\">Del mismo modo, agradeci\u00f3 al sector salud por su dedicaci\u00f3n y entrega a favor de quienes m\u00e1s lo necesitan.<\/span><\/p>\n<p><span class=\"text1noticias\"> <\/span><\/p>\n<p><span class=\"text1noticias\">De su lado, el ministro Administrativo de la Presidencia, Jos\u00e9 Ignacio Paliza, dijo que la Navidad es solidaridad, un tiempo singular de entrega y de amor.<\/span><\/p>\n<p><span class=\"text1noticias\"> <\/span><\/p>\n<p><span class=\"text1noticias\">Agradeci\u00f3 a las empresas que colaboraron con sus aportes y evitaron que el Estado tuviera que hacer gastos en esta celebraci\u00f3n.<\/span><\/p>\n<p><span class=\"text1noticias\"> <\/span><\/p>\n<p><span class=\"text1noticias\">Entre estas compa\u00f1\u00edas mencion\u00f3 al Centro Cuesta Nacional, Grupo Rizek, Grupo Corripio, Consorcio El\u00e9ctrico Punta Cana Macao, Grupo Punta Cana y Swisher Dominicana.<\/span><\/p>\n<p><span class=\"text1noticias\"> <\/span><\/p>\n<p><span class=\"text1noticias\">Paliza anunci\u00f3 que en los pr\u00f3ximos d\u00edas el gobierno anunciar\u00e1 las facilidades que se dar\u00e1n a todas las familias para que puedan visitar el Palacio Nacional durante las festividades navide\u00f1as.<\/span><\/p>\n<p><span class=\"text1noticias\"> <\/span><\/p>\n<p><span class=\"text1noticias\">En la intervenci\u00f3n de la vocera y directora de Comunicaciones de la Presidencia, Milagros Germ\u00e1n, llam\u00f3 a que las familias mantengan la esperanza y los deseos de seguir luchando junto a sus seres queridos para lograr una gran naci\u00f3n.<\/span><\/p>\n<p><span class=\"text1noticias\"> <\/span><\/p>\n<p><span class=\"text1noticias\">La bendici\u00f3n de la actividad estuvo a cargo del p\u00e1rroco de la Iglesia San Rafael, Fray Kelvis Acevedo y el enlace entre el Poder Ejecutivo y la Iglesia Cristiana, pastor Dio Astacio.<\/span><\/p>\n<p><span class=\"text1noticias\"> <\/span><\/p>\n<p><span class=\"text1noticias\">En la actividad, tambi\u00e9n particip\u00f3 el Coro Nacional Ni\u00f1os Dominicanos y se realiz\u00f3 el musical En la E<\/span>spera del Mes\u00edas.<\/p>\n<h6> 2020-12-04 23:59:20 <\/h6>\n<p><!--\n<link rel=\"stylesheet\" href=\"css\/bootstrap.min.css\">\n\n\n<ul class=\"pagination\">\n\t    \n\t\n\n<li >\n\t<a href='?page_no=64'>Previous<\/a>\n\t<\/li>\n\n\n       \n    \n\n<li><a href='?page_no=1'>1<\/a><\/li>\n\n\n\n<li><a href='?page_no=2'>2<\/a><\/li>\n\n\n\n<li><a>...<\/a><\/li>\n\n\n\n<li><a href='?page_no=63'>63<\/a><\/li>\n\n\n\n<li><a href='?page_no=64'>64<\/a><\/li>\n\n\n\n<li class='active'><a>65<\/a><\/li>\n\n\n\n<li><a href='?page_no=66'>66<\/a><\/li>\n\n\n\n<li><a href='?page_no=67'>67<\/a><\/li>\n\n\n\n<li><a>...<\/a><\/li>\n\n\n\n<li><a href='?page_no=69'>69<\/a><\/li>\n\n\n\n<li><a href='?page_no=70'>70<\/a><\/li>\n\n    \n\t\n\n<li >\n\t<a href='?page_no=66'>Next<\/a>\n\t<\/li>\n\n\n    \n\n<li><a href='?page_no=70'>Last &rsaquo;&rsaquo;<\/a><\/li>\n\n<\/ul>\n\n\n--><br \/>\n<\/body><\/p>\n","protected":false},"excerpt":{"rendered":"<p>diariodominicano.com Santo Domingo, R. D., 4 de diciembre, 2020.- Con la presencia de la vicepresidenta, Raquel Pe\u00f1a y la primera dama, Raquel Arbaje, el Palacio Nacional encendi\u00f3 su \u00e1rbol de Navidad y las luces de sus jardines, dando inicio a la festividad en la casa de Gobierno y en el pa\u00eds. La actividad tuvo lugar [&hellip;]<\/p>\n","protected":false},"author":3,"featured_media":0,"comment_status":"open","ping_status":"open","sticky":false,"template":"","format":"standard","meta":{"footnotes":""},"categories":[25],"tags":[],"class_list":["post-261452","post","type-post","status-publish","format-standard","hentry","category-gente"],"_links":{"self":[{"href":"https:\/\/diariodominicano.com\/index.php?rest_route=\/wp\/v2\/posts\/261452","targetHints":{"allow":["GET"]}}],"collection":[{"href":"https:\/\/diariodominicano.com\/index.php?rest_route=\/wp\/v2\/posts"}],"about":[{"href":"https:\/\/diariodominicano.com\/index.php?rest_route=\/wp\/v2\/types\/post"}],"author":[{"embeddable":true,"href":"https:\/\/diariodominicano.com\/index.php?rest_route=\/wp\/v2\/users\/3"}],"replies":[{"embeddable":true,"href":"https:\/\/diariodominicano.com\/index.php?rest_route=%2Fwp%2Fv2%2Fcomments&post=261452"}],"version-history":[{"count":0,"href":"https:\/\/diariodominicano.com\/index.php?rest_route=\/wp\/v2\/posts\/261452\/revisions"}],"wp:attachment":[{"href":"https:\/\/diariodominicano.com\/index.php?rest_route=%2Fwp%2Fv2%2Fmedia&parent=261452"}],"wp:term":[{"taxonomy":"category","embeddable":true,"href":"https:\/\/diariodominicano.com\/index.php?rest_route=%2Fwp%2Fv2%2Fcategories&post=261452"},{"taxonomy":"post_tag","embeddable":true,"href":"https:\/\/diariodominicano.com\/index.php?rest_route=%2Fwp%2Fv2%2Ftags&post=261452"}],"curies":[{"name":"wp","href":"https:\/\/api.w.org\/{rel}","templated":true}]}}