{"id":261451,"date":"2020-12-05T22:25:02","date_gmt":"2020-12-05T22:25:02","guid":{"rendered":"http:\/\/diariodominicano.ddns.net\/?p=261451"},"modified":"2020-12-05T22:25:02","modified_gmt":"2020-12-05T22:25:02","slug":"los-teke-teke-realizaran-concierto-el-llamado-live-en-su-historico-regreso-el-12-de-diciembre","status":"publish","type":"post","link":"https:\/\/diariodominicano.com\/?p=261451","title":{"rendered":"Los \u00abTeke Teke\u00bb realizar\u00e1n concierto \u00abEl Llamado Live\u00bb en su hist\u00f3rico regreso el 12 de diciembre"},"content":{"rendered":"<p><body><\/p>\n<p><img decoding=\"async\" src=\"http:\/\/localhost:8080\/img3\/IMG-20201112-WA0071.jpg\" \/><br \/><img decoding=\"async\" src=\"http:\/\/localhost:8080\/img3\/IMG-20201112-WA0070.jpg\" \/>  <\/p>\n<p><strong>Diariodominicano.com<\/strong><\/p>\n<p><strong>Los \u00abTeke Teke\u00bb realizar\u00e1n concierto \u00abEl Llamado Live\u00bb en su hist\u00f3rico regreso el 12 de diciembre<\/strong><\/p>\n<p><strong> <\/strong><\/p>\n<p><strong> <\/strong><\/p>\n<p><strong> <\/strong><\/p>\n<p><strong>Santo Domingo, R.D.-<\/strong>Los cantantes urbanos Crazy Design y Carlitos Wey, se volver\u00e1n a unir a d\u00fao, en lo que ser\u00e1 un hist\u00f3rico concierto virtual a trav\u00e9s de la plataforma streaming titulado \u00abEl Llamado Live\u00bb, con el que buscan deleitar a su amplia comunidad de fans, nacional e internacional.<\/p>\n<\/p>\n<p>Luego de cuatro a\u00f1os de ruptura la exitosa pareja art\u00edstica de la Rep\u00fablica Dominicana, se volver\u00e1 a reencontrar en una acci\u00f3n de unidad propiciada por las compa\u00f1\u00edas Starmac Publishing Group y Yanguela Records.<\/p>\n<\/p>\n<p>La presentaci\u00f3n \u00abEl Llamado Live\u00bb anunciada a trav\u00e9s de un comunicado de prensa, indica que el concierto se realizar\u00e1 el pr\u00f3ximo 12 de diciembre a las 9 de la noche y el sitio web oficial para adquirir el boleto es www.starmacTickets.com y Uepa Tickets, Supermercados nacional y Jumbo<\/p>\n<\/p>\n<p>Los seguidores de ambos artistas han expresado su alegr\u00eda, satisfacci\u00f3n y optimismo por el hist\u00f3rico reencuentro de \u00abLos Teke Teke\u00bb, quienes se hab\u00edan separado de manera poco amigable, afirmando que esto adem\u00e1s de encontrarse dos amigos, fortalece el arte y la cultura del pa\u00eds.<\/p>\n<\/p>\n<p>El d\u00fao musical urbano oriundo de Santiago integrado por Crazy Design y Carlitos Wey, tuvo gran \u00e9xito y pegada con los temas: \u00abTeke Teke\u00bb, \u00abDeja t\u00fa estr\u00e9s\u00bb, \u00abM\u00e1quina\u00bb, \u00abA ti te doy yo\u00bb, entre otras piezas musicales del g\u00e9nero urbano.<\/p>\n<\/p>\n<\/p>\n<h6> 2020-12-05 22:25:02 <\/h6>\n<p><!--\n<link rel=\"stylesheet\" href=\"css\/bootstrap.min.css\">\n\n\n<ul class=\"pagination\">\n\t    \n\t\n\n<li >\n\t<a href='?page_no=63'>Previous<\/a>\n\t<\/li>\n\n\n       \n    \n\n<li><a href='?page_no=1'>1<\/a><\/li>\n\n\n\n<li><a href='?page_no=2'>2<\/a><\/li>\n\n\n\n<li><a>...<\/a><\/li>\n\n\n\n<li><a href='?page_no=62'>62<\/a><\/li>\n\n\n\n<li><a href='?page_no=63'>63<\/a><\/li>\n\n\n\n<li class='active'><a>64<\/a><\/li>\n\n\n\n<li><a href='?page_no=65'>65<\/a><\/li>\n\n\n\n<li><a href='?page_no=66'>66<\/a><\/li>\n\n\n\n<li><a>...<\/a><\/li>\n\n\n\n<li><a href='?page_no=69'>69<\/a><\/li>\n\n\n\n<li><a href='?page_no=70'>70<\/a><\/li>\n\n    \n\t\n\n<li >\n\t<a href='?page_no=65'>Next<\/a>\n\t<\/li>\n\n\n    \n\n<li><a href='?page_no=70'>Last &rsaquo;&rsaquo;<\/a><\/li>\n\n<\/ul>\n\n\n--><br \/>\n<\/body><\/p>\n","protected":false},"excerpt":{"rendered":"<p>Diariodominicano.com Los \u00abTeke Teke\u00bb realizar\u00e1n concierto \u00abEl Llamado Live\u00bb en su hist\u00f3rico regreso el 12 de diciembre Santo Domingo, R.D.-Los cantantes urbanos Crazy Design y Carlitos Wey, se volver\u00e1n a unir a d\u00fao, en lo que ser\u00e1 un hist\u00f3rico concierto virtual a trav\u00e9s de la plataforma streaming titulado \u00abEl Llamado Live\u00bb, con el que buscan [&hellip;]<\/p>\n","protected":false},"author":3,"featured_media":0,"comment_status":"open","ping_status":"open","sticky":false,"template":"","format":"standard","meta":{"footnotes":""},"categories":[25],"tags":[],"class_list":["post-261451","post","type-post","status-publish","format-standard","hentry","category-gente"],"_links":{"self":[{"href":"https:\/\/diariodominicano.com\/index.php?rest_route=\/wp\/v2\/posts\/261451","targetHints":{"allow":["GET"]}}],"collection":[{"href":"https:\/\/diariodominicano.com\/index.php?rest_route=\/wp\/v2\/posts"}],"about":[{"href":"https:\/\/diariodominicano.com\/index.php?rest_route=\/wp\/v2\/types\/post"}],"author":[{"embeddable":true,"href":"https:\/\/diariodominicano.com\/index.php?rest_route=\/wp\/v2\/users\/3"}],"replies":[{"embeddable":true,"href":"https:\/\/diariodominicano.com\/index.php?rest_route=%2Fwp%2Fv2%2Fcomments&post=261451"}],"version-history":[{"count":0,"href":"https:\/\/diariodominicano.com\/index.php?rest_route=\/wp\/v2\/posts\/261451\/revisions"}],"wp:attachment":[{"href":"https:\/\/diariodominicano.com\/index.php?rest_route=%2Fwp%2Fv2%2Fmedia&parent=261451"}],"wp:term":[{"taxonomy":"category","embeddable":true,"href":"https:\/\/diariodominicano.com\/index.php?rest_route=%2Fwp%2Fv2%2Fcategories&post=261451"},{"taxonomy":"post_tag","embeddable":true,"href":"https:\/\/diariodominicano.com\/index.php?rest_route=%2Fwp%2Fv2%2Ftags&post=261451"}],"curies":[{"name":"wp","href":"https:\/\/api.w.org\/{rel}","templated":true}]}}