{"id":261450,"date":"2020-12-07T14:20:39","date_gmt":"2020-12-07T14:20:39","guid":{"rendered":"http:\/\/diariodominicano.ddns.net\/?p=261450"},"modified":"2020-12-07T14:20:39","modified_gmt":"2020-12-07T14:20:39","slug":"jessica-medina-rompe-barreras-con-si-tu-te-vas","status":"publish","type":"post","link":"https:\/\/diariodominicano.com\/?p=261450","title":{"rendered":"Jessica Medina rompe barreras con \u00abSi t\u00fa te vas\u00bb"},"content":{"rendered":"<p><body><\/p>\n<p><img decoding=\"async\" src=\"http:\/\/localhost:8080\/img3\/JessicaMedina7-12-20.jpg\" \/>  <\/p>\n<p><span class=\"text1noticias\"> <\/span><\/p>\n<p><span class=\"text1noticias\">diariodominicano.com<\/span><\/p>\n<p><span class=\"text1noticias\"> <\/span><\/p>\n<p><span class=\"text1noticias\">Santo Domingo, R.D., 7 de diciembre, 2020.- Con una propuesta distinta y cargada de exquisitez la cantautora Jessica Medina nos trae \u00abSi t\u00fa te vas\u00bb, junto al multiganador del Grammy Jorge Glem, abordando con un estilo totalmente nuevo este emblem\u00e1tico tema de Juan Luis Guerra, como un tributo al merengue desde el Jazz.<\/span><\/p>\n<p><span class=\"text1noticias\"> <\/span><\/p>\n<p><span class=\"text1noticias\">Jessica, quien estudi\u00f3 jazz en el Hunter College de la ciudad de  NY, fue muy influenciada desde ni\u00f1a por el merengue, y sobre todo por el de los a\u00f1os 80?s, por lo que considera esta canci\u00f3n un homenaje a \u00abla era\u00bb que fue marcada por este ritmo, y a esa dualidad que se vive desde la di\u00e1spora.<\/span><\/p>\n<p><span class=\"text1noticias\"> <\/span><\/p>\n<p><span class=\"text1noticias\">\u00abAl tener las riquezas musicales de dos culturas, esta propuesta es una mezcla de ambas, ya que viviendo en New York, provengo de una uni\u00f3n dominico-boricua\u00bb ampli\u00f3 Jessica.<\/span><\/p>\n<p><span class=\"text1noticias\"> <\/span><\/p>\n<p><span class=\"text1noticias\">En \u00abSi T\u00fa te vas\u00bb, Jorge Glem crea un nuevo sonido con su Cuatro, haciendo referencia a nuestra tambora, y Jessica, se pasea entre el ingl\u00e9s y el espa\u00f1ol, con su fraseo proveniente del Jazz y el Soul.<\/span><\/p>\n<p><span class=\"text1noticias\"> <\/span><\/p>\n<p><span class=\"text1noticias\">\u00abCon Jorge ten\u00eda tiempo ideando m\u00fasica, ya que tiempo es justo lo que hemos tenido los artistas para crear durante este nuevo normal&#8230; hacer m\u00fasica nueva me brinda una felicidad que se nota en cada expresi\u00f3n de este video\u00bb, dijo Jessica. <\/span><\/p>\n<p><span class=\"text1noticias\"> <\/span><\/p>\n<p><span class=\"text1noticias\">Jessica Medina ha sido se\u00f1alada por medios de gran relevancia como es NPR, como \u00abUn nuevo artista que no puedes dejar de escuchar\u00bb, y esta nueva propuesta solo lo confirma. Esta artista constantemente se arriesga rompiendo las barreras que impone la industria musical al idioma, ofreciendo letras biling\u00fces y atrayendo a la nueva generaci\u00f3n denominada \u00abLatinX\u00bb  que se refiere a los latinos criados en Estados Unidos. <\/span><\/p>\n<\/p>\n<p><span class=\"text1noticias\">Fuente: Patz<\/span> Guerrero<\/p>\n<h6> 2020-12-07 14:20:39 <\/h6>\n<p><!--\n<link rel=\"stylesheet\" href=\"css\/bootstrap.min.css\">\n\n\n<ul class=\"pagination\">\n\t    \n\t\n\n<li >\n\t<a href='?page_no=62'>Previous<\/a>\n\t<\/li>\n\n\n       \n    \n\n<li><a href='?page_no=1'>1<\/a><\/li>\n\n\n\n<li><a href='?page_no=2'>2<\/a><\/li>\n\n\n\n<li><a>...<\/a><\/li>\n\n\n\n<li><a href='?page_no=61'>61<\/a><\/li>\n\n\n\n<li><a href='?page_no=62'>62<\/a><\/li>\n\n\n\n<li class='active'><a>63<\/a><\/li>\n\n\n\n<li><a href='?page_no=64'>64<\/a><\/li>\n\n\n\n<li><a href='?page_no=65'>65<\/a><\/li>\n\n\n\n<li><a>...<\/a><\/li>\n\n\n\n<li><a href='?page_no=69'>69<\/a><\/li>\n\n\n\n<li><a href='?page_no=70'>70<\/a><\/li>\n\n    \n\t\n\n<li >\n\t<a href='?page_no=64'>Next<\/a>\n\t<\/li>\n\n\n    \n\n<li><a href='?page_no=70'>Last &rsaquo;&rsaquo;<\/a><\/li>\n\n<\/ul>\n\n\n--><br \/>\n<\/body><\/p>\n","protected":false},"excerpt":{"rendered":"<p>diariodominicano.com Santo Domingo, R.D., 7 de diciembre, 2020.- Con una propuesta distinta y cargada de exquisitez la cantautora Jessica Medina nos trae \u00abSi t\u00fa te vas\u00bb, junto al multiganador del Grammy Jorge Glem, abordando con un estilo totalmente nuevo este emblem\u00e1tico tema de Juan Luis Guerra, como un tributo al merengue desde el Jazz. Jessica, [&hellip;]<\/p>\n","protected":false},"author":3,"featured_media":0,"comment_status":"open","ping_status":"open","sticky":false,"template":"","format":"standard","meta":{"footnotes":""},"categories":[25],"tags":[],"class_list":["post-261450","post","type-post","status-publish","format-standard","hentry","category-gente"],"_links":{"self":[{"href":"https:\/\/diariodominicano.com\/index.php?rest_route=\/wp\/v2\/posts\/261450","targetHints":{"allow":["GET"]}}],"collection":[{"href":"https:\/\/diariodominicano.com\/index.php?rest_route=\/wp\/v2\/posts"}],"about":[{"href":"https:\/\/diariodominicano.com\/index.php?rest_route=\/wp\/v2\/types\/post"}],"author":[{"embeddable":true,"href":"https:\/\/diariodominicano.com\/index.php?rest_route=\/wp\/v2\/users\/3"}],"replies":[{"embeddable":true,"href":"https:\/\/diariodominicano.com\/index.php?rest_route=%2Fwp%2Fv2%2Fcomments&post=261450"}],"version-history":[{"count":0,"href":"https:\/\/diariodominicano.com\/index.php?rest_route=\/wp\/v2\/posts\/261450\/revisions"}],"wp:attachment":[{"href":"https:\/\/diariodominicano.com\/index.php?rest_route=%2Fwp%2Fv2%2Fmedia&parent=261450"}],"wp:term":[{"taxonomy":"category","embeddable":true,"href":"https:\/\/diariodominicano.com\/index.php?rest_route=%2Fwp%2Fv2%2Fcategories&post=261450"},{"taxonomy":"post_tag","embeddable":true,"href":"https:\/\/diariodominicano.com\/index.php?rest_route=%2Fwp%2Fv2%2Ftags&post=261450"}],"curies":[{"name":"wp","href":"https:\/\/api.w.org\/{rel}","templated":true}]}}