{"id":261449,"date":"2020-12-08T16:46:43","date_gmt":"2020-12-08T16:46:43","guid":{"rendered":"http:\/\/diariodominicano.ddns.net\/?p=261449"},"modified":"2020-12-08T16:46:43","modified_gmt":"2020-12-08T16:46:43","slug":"cineasta-christopher-nolan-embiste-a-warner-bros-de-estados-unidos","status":"publish","type":"post","link":"https:\/\/diariodominicano.com\/?p=261449","title":{"rendered":"Cineasta Christopher Nolan embiste a Warner Bros de Estados Unidos"},"content":{"rendered":"<p><body><\/p>\n<p><img decoding=\"async\" src=\"http:\/\/localhost:8080\/img3\/ChristopherNolan8-12-20.jpeg\" \/>  <\/p>\n<p><span class=\"text1noticias\">diariodominicano.com<\/span><\/p>\n<p><span class=\"text1noticias\">Los \u00c1ngeles, EE.UU., 8 dic (Prensa Latina) El reconocido cineasta brit\u00e1nico Christopher Nolan acus\u00f3 hoy a la compa\u00f1\u00eda estadounidense Warner Bros de faltar el respeto a los trabajadores del gremio tras su decisi\u00f3n de estrenar v\u00eda streaming las producciones de 2021.<\/span><\/p>\n<p><span class=\"text1noticias\"> <\/span><\/p>\n<p><span class=\"text1noticias\">&#8216;Lo que hay ahora en nuestro negocio es un gran uso de la pandemia como excusa para sacar ventajas a corto plazo. Y es realmente lamentable&#8217;, dijo el realizador en una entrevista con la revista Entertainment Tonight.<\/span><\/p>\n<p><span class=\"text1noticias\"> <\/span><\/p>\n<p><span class=\"text1noticias\">El productor y guionista, nominado en cinco ocasiones a los Premios Oscar, calific\u00f3 la decisi\u00f3n de unilateral porque no cont\u00f3 con la previa consulta y el respaldo de los equipos involucrados en la creaci\u00f3n de las pel\u00edculas.<\/span><\/p>\n<p><span class=\"text1noticias\"> <\/span><\/p>\n<p><span class=\"text1noticias\">&#8216;(&#8230;) Va de c\u00f3mo tratas a los cineastas, a las estrellas y a las personas que han dado mucho por estos proyectos. Merec\u00edan que se les consultara y se les hablara sobre lo que iba a pasar con su trabajo&#8217;, expres\u00f3.<\/span><\/p>\n<p><span class=\"text1noticias\"> <\/span><\/p>\n<p><span class=\"text1noticias\">El realizador de filmes como Memento (2000), Inception (2010) e Interstellar (2014), dijo que el fallo se debe a una estrategia promocional en favor de su nuevo servicio de transmisi\u00f3n en directo HBO Max, con el cual pretenden hacer competencia a la plataforma Netflix.<\/span><\/p>\n<p><span class=\"text1noticias\"> <\/span><\/p>\n<p><span class=\"text1noticias\">Algunos de los cineastas m\u00e1s importantes de nuestra industria y estrellas de cine fueron a la cama pensando que trabajaban para el mejor estudio de cine y despertaron trabajando para el peor servicio de transmisi\u00f3n en directo, a\u00f1adi\u00f3 Nolan en un comunicado para The Hollywood Reporter.<\/span><\/p>\n<p><span class=\"text1noticias\"> <\/span><\/p>\n<p><span class=\"text1noticias\">Entre los acusadores de Warner Bros figura tambi\u00e9n la productora Legendary Entertainment, que pretende demandar a los estudios porque no particip\u00f3 en la decisi\u00f3n sobre la nueva estrategia comercial de la pel\u00edcula que financi\u00f3 (la nueva &#8216;Dune&#8217;).<\/span><\/p>\n<p><span class=\"text1noticias\"> <\/span><\/p>\n<p><span class=\"text1noticias\">La maniobra de la empresa responde a los sucesivos retrasos y aplazamientos de esperados estrenos como la nueva Dune, la cuarta cinta de Matrix, Godzilla vs. Kong y El escuadr\u00f3n suicida debido a la pandemia de la Covid-19.<\/span><\/p>\n<p><span class=\"text1noticias\"> <\/span><\/p>\n<p>mem\/yrv<\/p>\n<h6> 2020-12-08 16:46:43 <\/h6>\n<p><!--\n<link rel=\"stylesheet\" href=\"css\/bootstrap.min.css\">\n\n\n<ul class=\"pagination\">\n\t    \n\t\n\n<li >\n\t<a href='?page_no=61'>Previous<\/a>\n\t<\/li>\n\n\n       \n    \n\n<li><a href='?page_no=1'>1<\/a><\/li>\n\n\n\n<li><a href='?page_no=2'>2<\/a><\/li>\n\n\n\n<li><a>...<\/a><\/li>\n\n\n\n<li><a href='?page_no=60'>60<\/a><\/li>\n\n\n\n<li><a href='?page_no=61'>61<\/a><\/li>\n\n\n\n<li class='active'><a>62<\/a><\/li>\n\n\n\n<li><a href='?page_no=63'>63<\/a><\/li>\n\n\n\n<li><a href='?page_no=64'>64<\/a><\/li>\n\n\n\n<li><a>...<\/a><\/li>\n\n\n\n<li><a href='?page_no=69'>69<\/a><\/li>\n\n\n\n<li><a href='?page_no=70'>70<\/a><\/li>\n\n    \n\t\n\n<li >\n\t<a href='?page_no=63'>Next<\/a>\n\t<\/li>\n\n\n    \n\n<li><a href='?page_no=70'>Last &rsaquo;&rsaquo;<\/a><\/li>\n\n<\/ul>\n\n\n--><br \/>\n<\/body><\/p>\n","protected":false},"excerpt":{"rendered":"<p>diariodominicano.com Los \u00c1ngeles, EE.UU., 8 dic (Prensa Latina) El reconocido cineasta brit\u00e1nico Christopher Nolan acus\u00f3 hoy a la compa\u00f1\u00eda estadounidense Warner Bros de faltar el respeto a los trabajadores del gremio tras su decisi\u00f3n de estrenar v\u00eda streaming las producciones de 2021. &#8216;Lo que hay ahora en nuestro negocio es un gran uso de la [&hellip;]<\/p>\n","protected":false},"author":3,"featured_media":0,"comment_status":"open","ping_status":"open","sticky":false,"template":"","format":"standard","meta":{"footnotes":""},"categories":[25],"tags":[],"class_list":["post-261449","post","type-post","status-publish","format-standard","hentry","category-gente"],"_links":{"self":[{"href":"https:\/\/diariodominicano.com\/index.php?rest_route=\/wp\/v2\/posts\/261449","targetHints":{"allow":["GET"]}}],"collection":[{"href":"https:\/\/diariodominicano.com\/index.php?rest_route=\/wp\/v2\/posts"}],"about":[{"href":"https:\/\/diariodominicano.com\/index.php?rest_route=\/wp\/v2\/types\/post"}],"author":[{"embeddable":true,"href":"https:\/\/diariodominicano.com\/index.php?rest_route=\/wp\/v2\/users\/3"}],"replies":[{"embeddable":true,"href":"https:\/\/diariodominicano.com\/index.php?rest_route=%2Fwp%2Fv2%2Fcomments&post=261449"}],"version-history":[{"count":0,"href":"https:\/\/diariodominicano.com\/index.php?rest_route=\/wp\/v2\/posts\/261449\/revisions"}],"wp:attachment":[{"href":"https:\/\/diariodominicano.com\/index.php?rest_route=%2Fwp%2Fv2%2Fmedia&parent=261449"}],"wp:term":[{"taxonomy":"category","embeddable":true,"href":"https:\/\/diariodominicano.com\/index.php?rest_route=%2Fwp%2Fv2%2Fcategories&post=261449"},{"taxonomy":"post_tag","embeddable":true,"href":"https:\/\/diariodominicano.com\/index.php?rest_route=%2Fwp%2Fv2%2Ftags&post=261449"}],"curies":[{"name":"wp","href":"https:\/\/api.w.org\/{rel}","templated":true}]}}