{"id":261390,"date":"2020-12-08T10:27:27","date_gmt":"2020-12-08T10:27:27","guid":{"rendered":"http:\/\/diariodominicano.ddns.net\/?p=261390"},"modified":"2020-12-08T10:27:27","modified_gmt":"2020-12-08T10:27:27","slug":"primer-ministro-japones-anuncia-700-mil-millones-de-dolares-adicionales-a-paquete-de-ayudas","status":"publish","type":"post","link":"https:\/\/diariodominicano.com\/?p=261390","title":{"rendered":"Primer ministro japon\u00e9s anuncia 700 mil millones de d\u00f3lares adicionales a paquete de ayudas"},"content":{"rendered":"<p><body><\/p>\n<p><span class=\"text1noticias\">diariodominicano.com<\/span><\/p>\n<p><span class=\"text1noticias\">   TOKIO, 8 dic (Xinhua) &#8212; El primer ministro japon\u00e9s, Yoshihide Suga, dijo hoy que su pa\u00eds lanzar\u00e1 un paquete econ\u00f3mico adicional por valor de m\u00e1s de 700.000 millones de d\u00f3lares para mitigar las consecuencias econ\u00f3micas de la pandemia de COVID-19.<\/span><\/p>\n<\/p>\n<p><span class=\"text1noticias\">   \u00abMantendremos el empleo y a las empresas en marcha, reactivaremos la econom\u00eda y abriremos un camino hacia el crecimiento, incluyendo la tecnolog\u00eda verde y digital\u00bb, sostuvo el primer ministro de Jap\u00f3n sobre el paquete en una reuni\u00f3n del Gobierno y sus partidos aliados.<\/span><\/p>\n<\/p>\n<p><span class=\"text1noticias\">   El paquete tendr\u00e1 un valor de 73,6 billones de yenes (unos 707.000 millones de d\u00f3lares estadounidenses).<\/span><\/p>\n<\/p>\n<p><span class=\"text1noticias\">   Las autoridades explicaron que el paquete, el primero destinado a combatir la pandemia desde que Suga asumi\u00f3 el cargo a mediados de septiembre, se dise\u00f1\u00f3 para que los hospitales y hogares de ancianos adquieran m\u00e1s camas para pacientes de la COVID-19 y para proporcionar ayuda financiera a empresas en dificultades que no han tenido m\u00e1s remedio que despedir a los empleados a medida que se deterior\u00f3 su situaci\u00f3n tras la pandemia.<\/span><\/p>\n<\/p>\n<p><span class=\"text1noticias\">   El paquete tambi\u00e9n tiene como objetivo aumentar los subsidios para ayudar a las autoridades locales en relaci\u00f3n con los desembolsos realizados a restaurantes y bares que cumplieron con las solicitudes de cerrar las operaciones y acortar las horas de trabajo.<\/span><\/p>\n<\/p>\n<p><span class=\"text1noticias\">   Adem\u00e1s, el paquete ha destinado 2 billones de yenes (unos 19.200 millones de d\u00f3lares estadounidenses) para crear un fondo para empresas que desarrollan tecnolog\u00edas ecol\u00f3gicas de pr\u00f3xima generaci\u00f3n, ya que Jap\u00f3n se ha comprometido a lograr la neutralidad de carbono en 2050.<\/span><\/p>\n<\/p>\n<p><span class=\"text1noticias\">   En cuanto a la digitalizaci\u00f3n, el paquete proporcionar\u00e1 1 bill\u00f3n de yenes (unos 9.600 millones de d\u00f3lares estadounidenses) para respaldar la visi\u00f3n de Suga en esta \u00e1rea, expusieron los funcionarios. Fin<\/span><\/p>\n<h6> 2020-12-08 10:27:27 <\/h6>\n<p><!--\n<link rel=\"stylesheet\" href=\"css\/bootstrap.min.css\">\n\n\n<ul class=\"pagination\">\n\t    \n\t\n\n<li class='disabled'>\n\t<a >Previous<\/a>\n\t<\/li>\n\n\n       \n    \n\n<li class='active'><a>1<\/a><\/li>\n\n    \n\t\n\n<li class='disabled'>\n\t<a >Next<\/a>\n\t<\/li>\n\n\n    <\/ul>\n\n\n--><br \/>\n<\/body><\/p>\n","protected":false},"excerpt":{"rendered":"<p>diariodominicano.com TOKIO, 8 dic (Xinhua) &#8212; El primer ministro japon\u00e9s, Yoshihide Suga, dijo hoy que su pa\u00eds lanzar\u00e1 un paquete econ\u00f3mico adicional por valor de m\u00e1s de 700.000 millones de d\u00f3lares para mitigar las consecuencias econ\u00f3micas de la pandemia de COVID-19. \u00abMantendremos el empleo y a las empresas en marcha, reactivaremos la econom\u00eda y abriremos [&hellip;]<\/p>\n","protected":false},"author":3,"featured_media":0,"comment_status":"open","ping_status":"open","sticky":false,"template":"","format":"standard","meta":{"footnotes":""},"categories":[27],"tags":[],"class_list":["post-261390","post","type-post","status-publish","format-standard","hentry","category-portada"],"_links":{"self":[{"href":"https:\/\/diariodominicano.com\/index.php?rest_route=\/wp\/v2\/posts\/261390","targetHints":{"allow":["GET"]}}],"collection":[{"href":"https:\/\/diariodominicano.com\/index.php?rest_route=\/wp\/v2\/posts"}],"about":[{"href":"https:\/\/diariodominicano.com\/index.php?rest_route=\/wp\/v2\/types\/post"}],"author":[{"embeddable":true,"href":"https:\/\/diariodominicano.com\/index.php?rest_route=\/wp\/v2\/users\/3"}],"replies":[{"embeddable":true,"href":"https:\/\/diariodominicano.com\/index.php?rest_route=%2Fwp%2Fv2%2Fcomments&post=261390"}],"version-history":[{"count":0,"href":"https:\/\/diariodominicano.com\/index.php?rest_route=\/wp\/v2\/posts\/261390\/revisions"}],"wp:attachment":[{"href":"https:\/\/diariodominicano.com\/index.php?rest_route=%2Fwp%2Fv2%2Fmedia&parent=261390"}],"wp:term":[{"taxonomy":"category","embeddable":true,"href":"https:\/\/diariodominicano.com\/index.php?rest_route=%2Fwp%2Fv2%2Fcategories&post=261390"},{"taxonomy":"post_tag","embeddable":true,"href":"https:\/\/diariodominicano.com\/index.php?rest_route=%2Fwp%2Fv2%2Ftags&post=261390"}],"curies":[{"name":"wp","href":"https:\/\/api.w.org\/{rel}","templated":true}]}}