{"id":261290,"date":"2020-12-01T10:13:00","date_gmt":"2020-12-01T10:13:00","guid":{"rendered":"http:\/\/diariodominicano.ddns.net\/?p=261290"},"modified":"2020-12-01T10:13:00","modified_gmt":"2020-12-01T10:13:00","slug":"canciller-de-haiti-claude-joseph-se-reune-con-la-diaspora-haitiana-en-santo-domingo","status":"publish","type":"post","link":"https:\/\/diariodominicano.com\/?p=261290","title":{"rendered":"Canciller de Hait\u00ed, Claude Joseph, se re\u00fane con la di\u00e1spora haitiana en Santo Domingo"},"content":{"rendered":"<p><body><\/p>\n<p><img decoding=\"async\" src=\"http:\/\/localhost:8080\/img3\/Claude Joseph.jpg\" \/><br \/><img decoding=\"async\" src=\"http:\/\/localhost:8080\/img3\/diaspo h000.jpg\" \/>  <\/p>\n<p><strong>Diariodominicano.com<\/strong><\/p>\n<p>Claude Joseph se dirige a la di\u00e1spora <\/p>\n<p><strong>Igualmente, el canciller se interes\u00f3 sobre los  distintos sectores de la di\u00e1spora haitiana que viven, trabajan y estudian en la Rep\u00fablica Dominicana.<\/strong><\/p>\n<p><strong>Canciller de Hait\u00ed, Claude Joseph, se re\u00fane con la di\u00e1spora haitiana en Santo Domingo<\/strong><\/p>\n<p><strong>Santo Domingo, RD.<\/strong> El Ministro de Relaciones Exteriores y Cultos de Hait\u00ed, Claude Joseph, de visita en el pa\u00eds,   se reuni\u00f3 hoy con representantes de la di\u00e1spora haitiana en la Rep\u00fablica Dominicana, a quienes explic\u00f3 los alcances de la propuesta de reforma a la Constituci\u00f3n haitiana y el impacto que en el futuro tendr\u00e1 para los haitianos que viven en el extranjero.<\/p>\n<\/p>\n<p>Igualmente, el canciller se interes\u00f3 sobre los  distintos sectores de la di\u00e1spora haitiana que viven, trabajan y estudian en la Rep\u00fablica Dominicana.<\/p>\n<\/p>\n<p>El alto funcionario expres\u00f3 a los presentes el regocijo que sent\u00eda de encontrarse con sus hermanas y hermanos de la di\u00e1spora haitiana en Santo Domingo y en el resto de la Rep\u00fablica Dominicana.<\/p>\n<\/p>\n<p>El canciller Joseph transmiti\u00f3 a los presentes un mensaje de cercan\u00eda y solidaridad de parte del Gobierno haitiano que preside el Presidente  Jovenel Mo\u00efse y el primer ministro Joseph Jouthe.  <\/p>\n<\/p>\n<p>El encuentro celebrado en la Embajada haitiana en Santo Domingo cont\u00f3 con la presencia, adem\u00e1s de Joseph, del ministro de los haitianos en el extranjero, Louis Gonzague Day   y del embajador haitiano en el pa\u00eds Smith Augustin.<\/p>\n<\/p>\n<p>Realiza  recorrido por las instalaciones de la Embajada.<\/p>\n<\/p>\n<p> El Ministro de Relaciones Exteriores y Cultos  de Hait\u00ed, Doctor Claude Joseph, lleg\u00f3 a la legaci\u00f3n diplom\u00e1tica a las 10 de la ma\u00f1ana, iniciando un recorrido por las instalaciones, donde salud\u00f3 y convers\u00f3 animadamente con  funcionarios y empleados.<\/p>\n<\/p>\n<p>El canciller haitiano estuvo acompa\u00f1ado del embajador   Augustin y  parte de la delegaci\u00f3n que le acompa\u00f1a en su estad\u00eda en Santo Domingo. El ministro Joseph se interes\u00f3 sobre el funcionamiento de la Embajada y los servicios que ofrece a los usuarios y a la comunidad haitiana en Rep\u00fablica Dominicana.<\/p>\n<\/p>\n<p> Santo Domingo, RD<\/p>\n<\/p>\n<p>1 de diciembre de 2020  <\/p>\n<\/p>\n<h6> 2020-12-01 10:13:00 <\/h6>\n<p><!--\n<link rel=\"stylesheet\" href=\"css\/bootstrap.min.css\">\n\n\n<ul class=\"pagination\">\n\t    \n\t\n\n<li >\n\t<a href='?page_no=172'>Previous<\/a>\n\t<\/li>\n\n\n       \n    \n\n<li><a href='?page_no=1'>1<\/a><\/li>\n\n\n\n<li><a href='?page_no=2'>2<\/a><\/li>\n\n\n\n<li><a>...<\/a><\/li>\n\n\n\n<li><a href='?page_no=171'>171<\/a><\/li>\n\n\n\n<li><a href='?page_no=172'>172<\/a><\/li>\n\n\n\n<li class='active'><a>173<\/a><\/li>\n\n\n\n<li><a href='?page_no=174'>174<\/a><\/li>\n\n\n\n<li><a href='?page_no=175'>175<\/a><\/li>\n\n\n\n<li><a>...<\/a><\/li>\n\n\n\n<li><a href='?page_no=181'>181<\/a><\/li>\n\n\n\n<li><a href='?page_no=182'>182<\/a><\/li>\n\n    \n\t\n\n<li >\n\t<a href='?page_no=174'>Next<\/a>\n\t<\/li>\n\n\n    \n\n<li><a href='?page_no=182'>Last &rsaquo;&rsaquo;<\/a><\/li>\n\n<\/ul>\n\n\n--><br \/>\n<\/body><\/p>\n","protected":false},"excerpt":{"rendered":"<p>Diariodominicano.com Claude Joseph se dirige a la di\u00e1spora Igualmente, el canciller se interes\u00f3 sobre los distintos sectores de la di\u00e1spora haitiana que viven, trabajan y estudian en la Rep\u00fablica Dominicana. Canciller de Hait\u00ed, Claude Joseph, se re\u00fane con la di\u00e1spora haitiana en Santo Domingo Santo Domingo, RD. El Ministro de Relaciones Exteriores y Cultos de [&hellip;]<\/p>\n","protected":false},"author":3,"featured_media":0,"comment_status":"open","ping_status":"open","sticky":false,"template":"","format":"standard","meta":{"footnotes":""},"categories":[20],"tags":[],"class_list":["post-261290","post","type-post","status-publish","format-standard","hentry","category-dominicana-hoy"],"_links":{"self":[{"href":"https:\/\/diariodominicano.com\/index.php?rest_route=\/wp\/v2\/posts\/261290","targetHints":{"allow":["GET"]}}],"collection":[{"href":"https:\/\/diariodominicano.com\/index.php?rest_route=\/wp\/v2\/posts"}],"about":[{"href":"https:\/\/diariodominicano.com\/index.php?rest_route=\/wp\/v2\/types\/post"}],"author":[{"embeddable":true,"href":"https:\/\/diariodominicano.com\/index.php?rest_route=\/wp\/v2\/users\/3"}],"replies":[{"embeddable":true,"href":"https:\/\/diariodominicano.com\/index.php?rest_route=%2Fwp%2Fv2%2Fcomments&post=261290"}],"version-history":[{"count":0,"href":"https:\/\/diariodominicano.com\/index.php?rest_route=\/wp\/v2\/posts\/261290\/revisions"}],"wp:attachment":[{"href":"https:\/\/diariodominicano.com\/index.php?rest_route=%2Fwp%2Fv2%2Fmedia&parent=261290"}],"wp:term":[{"taxonomy":"category","embeddable":true,"href":"https:\/\/diariodominicano.com\/index.php?rest_route=%2Fwp%2Fv2%2Fcategories&post=261290"},{"taxonomy":"post_tag","embeddable":true,"href":"https:\/\/diariodominicano.com\/index.php?rest_route=%2Fwp%2Fv2%2Ftags&post=261290"}],"curies":[{"name":"wp","href":"https:\/\/api.w.org\/{rel}","templated":true}]}}