{"id":261289,"date":"2020-12-01T10:19:22","date_gmt":"2020-12-01T10:19:22","guid":{"rendered":"http:\/\/diariodominicano.ddns.net\/?p=261289"},"modified":"2020-12-01T10:19:22","modified_gmt":"2020-12-01T10:19:22","slug":"extienden-toque-de-queda-por-covid-19-en-republica-dominicana","status":"publish","type":"post","link":"https:\/\/diariodominicano.com\/?p=261289","title":{"rendered":"Extienden toque de queda por Covid-19 en Rep\u00fablica Dominicana"},"content":{"rendered":"<p><body><\/p>\n<p><img decoding=\"async\" src=\"http:\/\/localhost:8080\/img3\/toque-de-quedard30-11-20.jpg\" \/>  <\/p>\n<p><span class=\"text1noticias\">diariodominicano.com<\/span><\/p>\n<p><span class=\"text1noticias\"> <\/span><\/p>\n<p><span class=\"text1noticias\">Santo Domingo, 1 dic (Prensa Latina) El presidente de Rep\u00fablica Dominicana, Luis Abinader, decret\u00f3 la extensi\u00f3n del toque de queda en el pa\u00eds por otros 20 d\u00edas en el contexto de la pandemia de Covid-19, se divulg\u00f3 hoy en esta capital.<\/span><\/p>\n<p><span class=\"text1noticias\"> <\/span><\/p>\n<p><span class=\"text1noticias\">La medida vigente tiene fecha de vencimiento este martes, y la nueva debe durar hasta el pr\u00f3ximo 22 de diciembre, con iguales horarios que en la actualidad, es decir, de lunes a viernes desde las 21:00 hora local, hasta las 05:00 y los s\u00e1bados y domingos desde las 19:00 hasta las 05:00.<\/span><\/p>\n<p><span class=\"text1noticias\"> <\/span><\/p>\n<p><span class=\"text1noticias\">En el nuevo decreto Abinader ratific\u00f3 la medida, que ordena el uso obligatorio de mascarillas en los lugares p\u00fablicos y en los sitios privados de uso p\u00fablico para controlar la propagaci\u00f3n de la Covid-19.<\/span><\/p>\n<p><span class=\"text1noticias\"> <\/span><\/p>\n<p><span class=\"text1noticias\">El toque de queda no se aplicar\u00e1 al personal del \u00e1rea de salud, ni a aquellas personas que presenten una emergencia m\u00e9dica, ni a quienes se dedican a labores de seguridad privada debidamente identificadas y a los miembros de medios de comunicaci\u00f3n debidamente acreditados, entre otros.<\/span><\/p>\n<p><span class=\"text1noticias\"> <\/span><\/p>\n<p><span class=\"text1noticias\">Rep\u00fablica Dominicana en estos momentos acumula 144 mil contagiados desde el inicio de la pandemia de Covid-19 y dos mil 331 fallecidos por la enfermedad.<\/span><\/p>\n<p><span class=\"text1noticias\"> <\/span><\/p>\n<p><span class=\"text1noticias\">j<\/span>ha\/ema<\/p>\n<h6> 2020-12-01 10:19:22 <\/h6>\n<p><!--\n<link rel=\"stylesheet\" href=\"css\/bootstrap.min.css\">\n\n\n<ul class=\"pagination\">\n\t    \n\t\n\n<li >\n\t<a href='?page_no=171'>Previous<\/a>\n\t<\/li>\n\n\n       \n    \n\n<li><a href='?page_no=1'>1<\/a><\/li>\n\n\n\n<li><a href='?page_no=2'>2<\/a><\/li>\n\n\n\n<li><a>...<\/a><\/li>\n\n\n\n<li><a href='?page_no=170'>170<\/a><\/li>\n\n\n\n<li><a href='?page_no=171'>171<\/a><\/li>\n\n\n\n<li class='active'><a>172<\/a><\/li>\n\n\n\n<li><a href='?page_no=173'>173<\/a><\/li>\n\n\n\n<li><a href='?page_no=174'>174<\/a><\/li>\n\n\n\n<li><a>...<\/a><\/li>\n\n\n\n<li><a href='?page_no=181'>181<\/a><\/li>\n\n\n\n<li><a href='?page_no=182'>182<\/a><\/li>\n\n    \n\t\n\n<li >\n\t<a href='?page_no=173'>Next<\/a>\n\t<\/li>\n\n\n    \n\n<li><a href='?page_no=182'>Last &rsaquo;&rsaquo;<\/a><\/li>\n\n<\/ul>\n\n\n--><br \/>\n<\/body><\/p>\n","protected":false},"excerpt":{"rendered":"<p>diariodominicano.com Santo Domingo, 1 dic (Prensa Latina) El presidente de Rep\u00fablica Dominicana, Luis Abinader, decret\u00f3 la extensi\u00f3n del toque de queda en el pa\u00eds por otros 20 d\u00edas en el contexto de la pandemia de Covid-19, se divulg\u00f3 hoy en esta capital. La medida vigente tiene fecha de vencimiento este martes, y la nueva debe [&hellip;]<\/p>\n","protected":false},"author":3,"featured_media":0,"comment_status":"open","ping_status":"open","sticky":false,"template":"","format":"standard","meta":{"footnotes":""},"categories":[20],"tags":[],"class_list":["post-261289","post","type-post","status-publish","format-standard","hentry","category-dominicana-hoy"],"_links":{"self":[{"href":"https:\/\/diariodominicano.com\/index.php?rest_route=\/wp\/v2\/posts\/261289","targetHints":{"allow":["GET"]}}],"collection":[{"href":"https:\/\/diariodominicano.com\/index.php?rest_route=\/wp\/v2\/posts"}],"about":[{"href":"https:\/\/diariodominicano.com\/index.php?rest_route=\/wp\/v2\/types\/post"}],"author":[{"embeddable":true,"href":"https:\/\/diariodominicano.com\/index.php?rest_route=\/wp\/v2\/users\/3"}],"replies":[{"embeddable":true,"href":"https:\/\/diariodominicano.com\/index.php?rest_route=%2Fwp%2Fv2%2Fcomments&post=261289"}],"version-history":[{"count":0,"href":"https:\/\/diariodominicano.com\/index.php?rest_route=\/wp\/v2\/posts\/261289\/revisions"}],"wp:attachment":[{"href":"https:\/\/diariodominicano.com\/index.php?rest_route=%2Fwp%2Fv2%2Fmedia&parent=261289"}],"wp:term":[{"taxonomy":"category","embeddable":true,"href":"https:\/\/diariodominicano.com\/index.php?rest_route=%2Fwp%2Fv2%2Fcategories&post=261289"},{"taxonomy":"post_tag","embeddable":true,"href":"https:\/\/diariodominicano.com\/index.php?rest_route=%2Fwp%2Fv2%2Ftags&post=261289"}],"curies":[{"name":"wp","href":"https:\/\/api.w.org\/{rel}","templated":true}]}}