{"id":261287,"date":"2020-12-01T20:58:09","date_gmt":"2020-12-01T20:58:09","guid":{"rendered":"http:\/\/diariodominicano.ddns.net\/?p=261287"},"modified":"2020-12-01T20:58:09","modified_gmt":"2020-12-01T20:58:09","slug":"presidente-exhorta-paises-iberoamericanos-unir-esfuerzos-para-acabar-brecha-digital-y-lograr-el-siglo-del-conocimiento","status":"publish","type":"post","link":"https:\/\/diariodominicano.com\/?p=261287","title":{"rendered":"Presidente exhorta pa\u00edses iberoamericanos unir esfuerzos para acabar brecha digital y lograr el siglo del conocimiento"},"content":{"rendered":"<p><body><\/p>\n<p><img decoding=\"async\" src=\"http:\/\/localhost:8080\/img3\/abinader1-12-20.jpg\" \/>  <\/p>\n<p><span class=\"text1noticias\">diariodominicano.com<\/span><\/p>\n<p><span class=\"text1noticias\"> <\/span><\/p>\n<p><span class=\"text1noticias\">Santo Domingo, R. D., 1 de diciembre, 2020.- El presidente Luis Abinader exhort\u00f3 a los pa\u00edses miembros de la Organizaci\u00f3n de Estados Iberoamericanos para la Educaci\u00f3n, la Ciencia y la Cultura (OEI), a ser motor y gu\u00eda para que el siglo XXI sea, de verdad, el per\u00edodo del conocimiento gracias a las nuevas tecnolog\u00edas de la comunicaci\u00f3n.<\/span><\/p>\n<p><span class=\"text1noticias\"> <\/span><\/p>\n<p><span class=\"text1noticias\">\u00abAcabar con la brecha digital es una de las prioridades inaplazables para la comunidad internacional y, en especial, en nuestra regi\u00f3n\u00bb, afirm\u00f3 el mandatario en la clausura de la reuni\u00f3n de la OEI, con la presencia del secretario general Mariano Jabonero.<\/span><\/p>\n<p><span class=\"text1noticias\"> <\/span><\/p>\n<p><span class=\"text1noticias\">Signific\u00f3 que la responsabilidad puesta sobre los hombros de la Rep\u00fablica Dominicana, con la asunci\u00f3n de la presidencia pro tempore de la OEI, contar\u00e1 con el respaldo incondicional del Gobierno en favor de una gesti\u00f3n exitosa.<\/span><\/p>\n<p><span class=\"text1noticias\"> <\/span><\/p>\n<p><span class=\"text1noticias\">En el encuentro, realizado en el Centro de Convenciones del Ministerio de Relaciones Exteriores, estuvieron presentes, Otto Granados, presidente del comit\u00e9 asesor de la OEI y Roberto Fulcar, presidente del Comit\u00e9 de Direcci\u00f3n de la OEI y ministro de Educaci\u00f3n de la Rep\u00fablica Dominicana.<\/span><\/p>\n<p><span class=\"text1noticias\"> <\/span><\/p>\n<p><span class=\"text1noticias\">Tambi\u00e9n participaron el ministro de Educaci\u00f3n, Ciencia y Tecnolog\u00eda, Franklin Garc\u00eda Ferm\u00edn y Catalina And\u00fajar, representante de la OEI en el pa\u00eds.<\/span><\/p>\n<p><span class=\"text1noticias\"> <\/span><\/p>\n<p><span class=\"text1noticias\">La reuni\u00f3n, que incluy\u00f3 la participaci\u00f3n de los ministros y ministras de Educaci\u00f3n que representan los 23 pa\u00edses de Iberoam\u00e9rica, tuvo como principal objetivo la aprobaci\u00f3n del Programa-Presupuesto 2021-2022.<\/span><\/p>\n<p><span class=\"text1noticias\"> <\/span><\/p>\n<p><span class=\"text1noticias\">El presidente Luis Abinader agradeci\u00f3 el trabajo desarrollado en esta jornada en beneficio de los pa\u00edses, en temas capitales como la educaci\u00f3n, la ciencia y la cultura. Dijo que en sus 71 a\u00f1os la OEI ha visto muchas cosas y ha tenido que superar numerosas crisis, pero nunca antes tan grande como la que se vive actualmente.<\/span><\/p>\n<p><span class=\"text1noticias\"> <\/span><\/p>\n<p><span class=\"text1noticias\">\u00abForos como este son un buen escenario para poner en com\u00fan nuestras experiencias, potenciar nuestra colaboraci\u00f3n y mejorar la respuesta\u00bb, manifest\u00f3.<\/span><\/p>\n<p><span class=\"text1noticias\"> <\/span><\/p>\n<p><span class=\"text1noticias\">Agreg\u00f3 que: \u00abEl mundo es cada vez m\u00e1s competitivo y global, pero contamos con una comunidad como esta, la iberoamericana, para aportar y moldear ese mundo con nuestros valores y nuestra visi\u00f3n del futuro\u00bb.<\/span><\/p>\n<p><span class=\"text1noticias\"> <\/span><\/p>\n<p><span class=\"text1noticias\">La OEI es un organismo internacional de car\u00e1cter gubernamental para la cooperaci\u00f3n entre los pa\u00edses iberoamericanos en el campo de la educaci\u00f3n, la ciencia, la tecnolog\u00eda y la cultura en el contexto del desarrollo integral, la democracia y la integraci\u00f3n regional.<\/span><\/p>\n<p><span class=\"text1noticias\"> <\/span><\/p>\n<p><span class=\"text1noticias\">Los estados miembros de pleno derecho son: Rep\u00fablica Dominicana, Andorra, Argentina, Bolivia, Brasil, Colombia, Costa Rica, Cuba, Chile, Ecuador, El Salvador, Espa\u00f1a, Guatemala, Guinea Ecuatorial, Honduras, M\u00e9xico, Nicaragua, Panam\u00e1, Paraguay, Per\u00fa, Portugal, Uruguay y Venezuela.<\/span><\/p>\n<p><span class=\"text1noticias\"> <\/span><\/p>\n<p><span class=\"text1noticias\">Acciones del gobierno<\/span><\/p>\n<p><span class=\"text1noticias\"> <\/span><\/p>\n<p><span class=\"text1noticias\">El presidente Abinader expuso que la pandemia ha golpeado a todos los sectores, pero con especial ha creado tensi\u00f3n a los sistemas educativos de todo el mundo, lo que ha ameritado desplegar soluciones creativas para poder conjugar el derecho a una educaci\u00f3n plena y la garant\u00eda de salud.<\/span><\/p>\n<p><span class=\"text1noticias\"> <\/span><\/p>\n<p><span class=\"text1noticias\">Cont\u00f3 que el pa\u00eds ha abordado con urgencia esta tarea y desplegado un plan de fomento de la educaci\u00f3n que, entre otras medidas, est\u00e1 facilitando a estudiantes y profesores, dispositivos electr\u00f3nicos para que la COVID-19 no retrase su proceso formativo.<\/span><\/p>\n<p><span class=\"text1noticias\"> <\/span><\/p>\n<p><span class=\"text1noticias\">Adem\u00e1s, ha adaptado el curr\u00edculo y dotado presupuestariamente este plan como una prioridad nacional.<\/span><\/p>\n<p><span class=\"text1noticias\"> <\/span><\/p>\n<p><span class=\"text1noticias\">\u00abEste es un reto que tenemos por delante y no podemos fallar\u00bb, subray\u00f3.<\/span><\/p>\n<p><span class=\"text1noticias\"> <\/span><\/p>\n<p><span class=\"text1noticias\">Roberto Fulcar: Educaci\u00f3n en Rep\u00fablica Dominicana, un esfuerzo sin precedentes.<\/span><\/p>\n<p><span class=\"text1noticias\"> <\/span><\/p>\n<p><span class=\"text1noticias\">De su lado, el ministro de Educaci\u00f3n, Roberto Fulcar, habl\u00f3 en su condici\u00f3n de presidente pro tempore de la OEI y destac\u00f3 la importancia de la jornada de trabajo junto a los ministros que integran el Consejo Directivo del organismo.<\/span><\/p>\n<p><span class=\"text1noticias\"> <\/span><\/p>\n<p><span class=\"text1noticias\">\u00abEstamos identificando desaf\u00edos y construyendo miradas comunes para echar adelante pol\u00edticas p\u00fablicas estrat\u00e9gicas que resulten alternativas viables para impulsar la educaci\u00f3n de los pa\u00edses integrantes de la regi\u00f3n iberoamericana, bajo las nuevas condiciones imperantes\u00bb, expres\u00f3 Fulcar.<\/span><\/p>\n<p><span class=\"text1noticias\"> <\/span><\/p>\n<p><span class=\"text1noticias\">Asimismo, Fulcar enfatiz\u00f3 sobre el esfuerzo que ha llevado a cabo este Gobierno para enfrentar los efectos de la pandemia en t\u00e9rminos de educaci\u00f3n.<\/span><\/p>\n<p><span class=\"text1noticias\"> <\/span><\/p>\n<p><span class=\"text1noticias\">\u00abEn la Rep\u00fablica Dominicana estamos llevando a cabo un esfuerzo sin precedentes para que la educaci\u00f3n contin\u00fae, que llegue a todos y sea de calidad. Estamos aprendiendo todos los d\u00edas, construyendo ricas experiencias que nos mantienen en disposici\u00f3n de socializar; pero, a la vez nos mantiene los ojos y o\u00eddos abiertos para aprender de nuestros colegas de todo el mundo\u00bb, se\u00f1al\u00f3 Fulcar.<\/span><\/p>\n<p><span class=\"text1noticias\"> <\/span><\/p>\n<p><span class=\"text1noticias\">Dimensi\u00f3n del encuentro<\/span><\/p>\n<p><span class=\"text1noticias\"> <\/span><\/p>\n<p><span class=\"text1noticias\">El principal objetivo del 78\u00ba Consejo Directivo de la OEI fue la aprobaci\u00f3n del Programa-Presupuesto 2021-2022 por parte de los 23 ministros y ministras de Educaci\u00f3n, marcando as\u00ed la hoja de ruta del organismo y las l\u00edneas estrat\u00e9gicas de trabajo durante los dos pr\u00f3ximos a\u00f1os.<\/span><\/p>\n<p><span class=\"text1noticias\"> <\/span><\/p>\n<p><span class=\"text1noticias\">El encuentro es el m\u00e1s importante que celebra la organizaci\u00f3n cada dos a\u00f1os, escenario donde se present\u00f3 la memoria de actividades 2019-2020 y sus resultados, un per\u00edodo en el que la OEI ha celebrado 70 a\u00f1os como organismo con mayor presencia territorial y m\u00e1s volumen de convenios de cooperaci\u00f3n con los gobiernos de la regi\u00f3n.<\/span><\/p>\n<p><span class=\"text1noticias\"> <\/span><\/p>\n<p><span class=\"text1noticias\">El evento se realiz\u00f3 bajo modalidad h\u00edbrida, debido a que se llev\u00f3 a cabo de forma presencial desde Santo Domingo, Rep\u00fablica Dominicana y Madrid, Espa\u00f1a; y de forma virtual para toda la regi\u00f3n.<\/span><\/p>\n<p><span class=\"text1noticias\"> <\/span><\/p>\n<p><span class=\"text1noticias\">Fuente: Presidencia de la Rep\u00fablica Dominicana<\/span><\/p>\n<p><span class=\"text1noticias\">Noticia<\/span>s<\/p>\n<h6> 2020-12-01 20:58:09 <\/h6>\n<p><!--\n<link rel=\"stylesheet\" href=\"css\/bootstrap.min.css\">\n\n\n<ul class=\"pagination\">\n\t    \n\t\n\n<li >\n\t<a href='?page_no=169'>Previous<\/a>\n\t<\/li>\n\n\n       \n    \n\n<li><a href='?page_no=1'>1<\/a><\/li>\n\n\n\n<li><a href='?page_no=2'>2<\/a><\/li>\n\n\n\n<li><a>...<\/a><\/li>\n\n\n\n<li><a href='?page_no=168'>168<\/a><\/li>\n\n\n\n<li><a href='?page_no=169'>169<\/a><\/li>\n\n\n\n<li class='active'><a>170<\/a><\/li>\n\n\n\n<li><a href='?page_no=171'>171<\/a><\/li>\n\n\n\n<li><a href='?page_no=172'>172<\/a><\/li>\n\n\n\n<li><a>...<\/a><\/li>\n\n\n\n<li><a href='?page_no=181'>181<\/a><\/li>\n\n\n\n<li><a href='?page_no=182'>182<\/a><\/li>\n\n    \n\t\n\n<li >\n\t<a href='?page_no=171'>Next<\/a>\n\t<\/li>\n\n\n    \n\n<li><a href='?page_no=182'>Last &rsaquo;&rsaquo;<\/a><\/li>\n\n<\/ul>\n\n\n--><br \/>\n<\/body><\/p>\n","protected":false},"excerpt":{"rendered":"<p>diariodominicano.com Santo Domingo, R. D., 1 de diciembre, 2020.- El presidente Luis Abinader exhort\u00f3 a los pa\u00edses miembros de la Organizaci\u00f3n de Estados Iberoamericanos para la Educaci\u00f3n, la Ciencia y la Cultura (OEI), a ser motor y gu\u00eda para que el siglo XXI sea, de verdad, el per\u00edodo del conocimiento gracias a las nuevas tecnolog\u00edas [&hellip;]<\/p>\n","protected":false},"author":3,"featured_media":0,"comment_status":"open","ping_status":"open","sticky":false,"template":"","format":"standard","meta":{"footnotes":""},"categories":[20],"tags":[],"class_list":["post-261287","post","type-post","status-publish","format-standard","hentry","category-dominicana-hoy"],"_links":{"self":[{"href":"https:\/\/diariodominicano.com\/index.php?rest_route=\/wp\/v2\/posts\/261287","targetHints":{"allow":["GET"]}}],"collection":[{"href":"https:\/\/diariodominicano.com\/index.php?rest_route=\/wp\/v2\/posts"}],"about":[{"href":"https:\/\/diariodominicano.com\/index.php?rest_route=\/wp\/v2\/types\/post"}],"author":[{"embeddable":true,"href":"https:\/\/diariodominicano.com\/index.php?rest_route=\/wp\/v2\/users\/3"}],"replies":[{"embeddable":true,"href":"https:\/\/diariodominicano.com\/index.php?rest_route=%2Fwp%2Fv2%2Fcomments&post=261287"}],"version-history":[{"count":0,"href":"https:\/\/diariodominicano.com\/index.php?rest_route=\/wp\/v2\/posts\/261287\/revisions"}],"wp:attachment":[{"href":"https:\/\/diariodominicano.com\/index.php?rest_route=%2Fwp%2Fv2%2Fmedia&parent=261287"}],"wp:term":[{"taxonomy":"category","embeddable":true,"href":"https:\/\/diariodominicano.com\/index.php?rest_route=%2Fwp%2Fv2%2Fcategories&post=261287"},{"taxonomy":"post_tag","embeddable":true,"href":"https:\/\/diariodominicano.com\/index.php?rest_route=%2Fwp%2Fv2%2Ftags&post=261287"}],"curies":[{"name":"wp","href":"https:\/\/api.w.org\/{rel}","templated":true}]}}