{"id":261285,"date":"2020-12-01T21:48:26","date_gmt":"2020-12-01T21:48:26","guid":{"rendered":"http:\/\/diariodominicano.ddns.net\/?p=261285"},"modified":"2020-12-01T21:48:26","modified_gmt":"2020-12-01T21:48:26","slug":"pld-confirma-honras-funebres-a-cesar-prieto","status":"publish","type":"post","link":"https:\/\/diariodominicano.com\/?p=261285","title":{"rendered":"PLD confirma honras f\u00fanebres a C\u00e9sar Prieto"},"content":{"rendered":"<p><body><\/p>\n<p><img decoding=\"async\" src=\"http:\/\/localhost:8080\/img3\/prieto000.JPG\" \/>  <\/p>\n<p><strong>Diariodominicano.com<\/strong><\/p>\n<p><strong>PLD confirma honras f\u00fanebres a su dirigente C\u00e9sar Prieto. Cuerpo ser\u00e1 expuesto en la funeraria Blandino <\/strong><\/p>\n<p><strong>A media ma\u00f1ana del mi\u00e9rcoles expondr\u00e1n en la funeraria Blandino cuerpo sin vida de Cesar Prieto, dirigente del PLD<\/strong><\/p>\n<p><strong> <\/strong><\/p>\n<p><strong>Santo Domingo, RD, 1 de diciembre de 2020.- <\/strong>El Partido de la Liberaci\u00f3n Dominicana (PLD) inform\u00f3 que el  Cuerpo sin vida de su dirigente, Cesar Prieto, quien falleci\u00f3 la ma\u00f1ana de este martes,  se expondr\u00e1 este mi\u00e9rcoles en la Funeraria Blandino de la Avenida Abraham  Lincoln de la ciudad capital a partir de media ma\u00f1ana.<\/p>\n<\/p>\n<\/p>\n<p>La confirmaci\u00f3n del velatorio se dio a conocer mediante despacho de la Secretar\u00eda de Comunicaciones del PLD, haci\u00e9ndose eco de la convocatoria a miembros y dirigentes a dar el \u00faltimo adi\u00f3s  al miembro del Comit\u00e9 Central y Sub Secretario de Organizaci\u00f3n del PLD.<\/p>\n<\/p>\n<\/p>\n<p>Se confirm\u00f3 que el sepelio se producir\u00e1 al mediod\u00eda d\u00eda del jueves en espera del arribo al pa\u00eds de familiares del  dirigente fenecido, seg\u00fan se explic\u00f3 al PLD, precisa la nota informativa.<\/p>\n<\/p>\n<\/p>\n<p>El cuerpo sin vida de Cesar Prieto recibir\u00e1 cristiana sepultura en el Cementerio Cristo Redentor del Distrito Nacional.<\/p>\n<\/p>\n<\/p>\n<p>El velatorio se realizar\u00e1 siguiendo el protocolo decretado por los organismos de salud que limita la presencia de personas en la capilla que se habilitar\u00e1 y se les exigir\u00e1 a los asistentes el uso de mascarillas, seg\u00fan indica la nota informativa del PLD.<\/p>\n<\/p>\n<\/p>\n<p>Agrega que el pa\u00eds ha quedado impactado con la noticia del inesperado fallecimiento de Prieto, dirigente de trato afable y cordial y con vocaci\u00f3n de servicio, como lo demostr\u00f3 en las funciones p\u00fablicas que desempe\u00f1\u00f3.<\/p>\n<\/p>\n<\/p>\n<p>Cesar Prieto estaba casado con Sandra Abinader, diputada por el Distrito Nacional, integrante tambi\u00e9n del Comit\u00e9 Central con quien procre\u00f3 a sus hijos Cesar El\u00edas y Bashir Prieto Abinader.<\/p>\n<\/p>\n<h6> 2020-12-01 21:48:26 <\/h6>\n<p><!--\n<link rel=\"stylesheet\" href=\"css\/bootstrap.min.css\">\n\n\n<ul class=\"pagination\">\n\t    \n\t\n\n<li >\n\t<a href='?page_no=168'>Previous<\/a>\n\t<\/li>\n\n\n       \n    \n\n<li><a href='?page_no=1'>1<\/a><\/li>\n\n\n\n<li><a href='?page_no=2'>2<\/a><\/li>\n\n\n\n<li><a>...<\/a><\/li>\n\n\n\n<li><a href='?page_no=167'>167<\/a><\/li>\n\n\n\n<li><a href='?page_no=168'>168<\/a><\/li>\n\n\n\n<li class='active'><a>169<\/a><\/li>\n\n\n\n<li><a href='?page_no=170'>170<\/a><\/li>\n\n\n\n<li><a href='?page_no=171'>171<\/a><\/li>\n\n\n\n<li><a>...<\/a><\/li>\n\n\n\n<li><a href='?page_no=181'>181<\/a><\/li>\n\n\n\n<li><a href='?page_no=182'>182<\/a><\/li>\n\n    \n\t\n\n<li >\n\t<a href='?page_no=170'>Next<\/a>\n\t<\/li>\n\n\n    \n\n<li><a href='?page_no=182'>Last &rsaquo;&rsaquo;<\/a><\/li>\n\n<\/ul>\n\n\n--><br \/>\n<\/body><\/p>\n","protected":false},"excerpt":{"rendered":"<p>Diariodominicano.com PLD confirma honras f\u00fanebres a su dirigente C\u00e9sar Prieto. Cuerpo ser\u00e1 expuesto en la funeraria Blandino A media ma\u00f1ana del mi\u00e9rcoles expondr\u00e1n en la funeraria Blandino cuerpo sin vida de Cesar Prieto, dirigente del PLD Santo Domingo, RD, 1 de diciembre de 2020.- El Partido de la Liberaci\u00f3n Dominicana (PLD) inform\u00f3 que el Cuerpo [&hellip;]<\/p>\n","protected":false},"author":3,"featured_media":0,"comment_status":"open","ping_status":"open","sticky":false,"template":"","format":"standard","meta":{"footnotes":""},"categories":[20],"tags":[],"class_list":["post-261285","post","type-post","status-publish","format-standard","hentry","category-dominicana-hoy"],"_links":{"self":[{"href":"https:\/\/diariodominicano.com\/index.php?rest_route=\/wp\/v2\/posts\/261285","targetHints":{"allow":["GET"]}}],"collection":[{"href":"https:\/\/diariodominicano.com\/index.php?rest_route=\/wp\/v2\/posts"}],"about":[{"href":"https:\/\/diariodominicano.com\/index.php?rest_route=\/wp\/v2\/types\/post"}],"author":[{"embeddable":true,"href":"https:\/\/diariodominicano.com\/index.php?rest_route=\/wp\/v2\/users\/3"}],"replies":[{"embeddable":true,"href":"https:\/\/diariodominicano.com\/index.php?rest_route=%2Fwp%2Fv2%2Fcomments&post=261285"}],"version-history":[{"count":0,"href":"https:\/\/diariodominicano.com\/index.php?rest_route=\/wp\/v2\/posts\/261285\/revisions"}],"wp:attachment":[{"href":"https:\/\/diariodominicano.com\/index.php?rest_route=%2Fwp%2Fv2%2Fmedia&parent=261285"}],"wp:term":[{"taxonomy":"category","embeddable":true,"href":"https:\/\/diariodominicano.com\/index.php?rest_route=%2Fwp%2Fv2%2Fcategories&post=261285"},{"taxonomy":"post_tag","embeddable":true,"href":"https:\/\/diariodominicano.com\/index.php?rest_route=%2Fwp%2Fv2%2Ftags&post=261285"}],"curies":[{"name":"wp","href":"https:\/\/api.w.org\/{rel}","templated":true}]}}