{"id":261284,"date":"2020-12-01T21:48:47","date_gmt":"2020-12-01T21:48:47","guid":{"rendered":"http:\/\/diariodominicano.ddns.net\/?p=261284"},"modified":"2020-12-01T21:48:47","modified_gmt":"2020-12-01T21:48:47","slug":"primera-reunion-extraordinaria-de-jefes-de-estado-para-el-presidente-abinader","status":"publish","type":"post","link":"https:\/\/diariodominicano.com\/?p=261284","title":{"rendered":"Primera Reuni\u00f3n Extraordinaria de jefes de Estado para el presidente Abinader"},"content":{"rendered":"<p><body><\/p>\n<p><img decoding=\"async\" src=\"http:\/\/localhost:8080\/img3\/DialogoSicaOnu1-12-20.jpeg\" \/>  <\/p>\n<p><span class=\"text1noticias\">diariodominicano.com<\/span><\/p>\n<p><span class=\"text1noticias\"> <\/span><\/p>\n<p><span class=\"text1noticias\">Santo Domingo, R. D., 1 de diciembre, 2020.- El presidente Luis Abinader particip\u00f3, por primera vez, este lunes en la Reuni\u00f3n Extraordinaria de jefes de Estado y de Gobierno del Sistema de Integraci\u00f3n Centroamericana (SICA), que cont\u00f3 con la presencia del Secretario General de la Organizaci\u00f3n de las Naciones Unidas (ONU).<\/span><\/p>\n<p><span class=\"text1noticias\"> <\/span><\/p>\n<p><span class=\"text1noticias\">En su discurso, Abinader agradeci\u00f3 la convocatoria a este encuentro virtual que estuvo encabezado por el presidente de Nicaragua, Daniel Ortega Saavedra, como presidente pro t\u00e9mpore del SICA y Vinicio Cerezo, secretario general y expresidente de Guatemala.<\/span><\/p>\n<p><span class=\"text1noticias\"> <\/span><\/p>\n<p><span class=\"text1noticias\">El mandatario salud\u00f3 tambi\u00e9n la presencia del secretario general de la ONU, Antonio Guterres y destac\u00f3 el momento crucial en que ha sido convocada esta reuni\u00f3n y los grandes retos que enfrenta el mundo.<\/span><\/p>\n<p><span class=\"text1noticias\"> <\/span><\/p>\n<p><span class=\"text1noticias\">\u00abEn el pasado mes de octubre se ha sobrepasado el umbral de los 50 millones de casos de COVID-19 en el mundo, con m\u00e1s de medio mill\u00f3n de casos confirmados en Centroam\u00e9rica y Rep\u00fablica Dominicana\u00bb, record\u00f3 el presidente. <\/span><\/p>\n<p><span class=\"text1noticias\"> <\/span><\/p>\n<p><span class=\"text1noticias\">Cit\u00f3 tambi\u00e9n un informe de la Comisi\u00f3n Econ\u00f3mica para Am\u00e9rica Latina (CEPAL), titulado \u00abConstruir un nuevo futuro. Una recuperaci\u00f3n transformadora con igualdad y sostenibilidad\u00bb, que sostiene que el crecimiento econ\u00f3mico en los seis a\u00f1os anteriores a la pandemia ha sido el m\u00e1s bajo desde 1951.<\/span><\/p>\n<p><span class=\"text1noticias\"> <\/span><\/p>\n<p><span class=\"text1noticias\">\u00abEs en ese estado de cosas que justamente se produce la pandemia del COVID-19, lo que, de acuerdo al mismo informe de la CEPAL, ocasionar\u00e1 que al finalizar el 2020 el PIB per c\u00e1pita regional se haya contra\u00eddo casi un 10% y sea similar al que se ten\u00eda en el a\u00f1o 2010\u00bb, indic\u00f3.<\/span><\/p>\n<p><span class=\"text1noticias\"> <\/span><\/p>\n<p><span class=\"text1noticias\">Agreg\u00f3 que esa situaci\u00f3n deja su secuela de efectos, entre los que se destac\u00f3, \u00abque muchas personas que hoy podr\u00edan considerarse de clase media, retornen a niveles de pobreza, realidad que es simplemente inaceptable\u00bb. <\/span><\/p>\n<p><span class=\"text1noticias\"> <\/span><\/p>\n<p><span class=\"text1noticias\">Consider\u00f3 que debido a estas limitantes que plantea el panorama mundial, puede que los esfuerzos que desde la regi\u00f3n se realizan para alcanzar los logros de los Objetivos de Desarrollo Sostenible (ODS), no sean lo suficientemente efectivos con respecto al umbral planteado por la comunidad internacional para el 2030; lo que representa un serio desaf\u00edo para todos los pa\u00edses.<\/span><\/p>\n<p><span class=\"text1noticias\"> <\/span><\/p>\n<p><span class=\"text1noticias\">El presidente Abinader resalt\u00f3 los efectos del cambio clim\u00e1tico como otro de los grandes retos a superar, y \u00aba este enorme desaf\u00edo que supone la lucha contra la pandemia del COVID-19 le acompa\u00f1a tambi\u00e9n la latente vulnerabilidad de nuestros pa\u00edses a otras amenazas como el cambio clim\u00e1tico y al embate de los fen\u00f3menos naturales, cada vez m\u00e1s potentes y recurrentes en nuestra regi\u00f3n\u00bb.<\/span><\/p>\n<p><span class=\"text1noticias\"> <\/span><\/p>\n<p><span class=\"text1noticias\">Asegur\u00f3 que desde el Gobierno dominicano se hacen esfuerzos sobrehumanos por enrumbar la econom\u00eda hacia el bienestar, sobreponer los obst\u00e1culos, crear bienes p\u00fablicos que generen sosiego y tranquilidad para todos los dominicanos.<\/span><\/p>\n<p><span class=\"text1noticias\"> <\/span><\/p>\n<p><span class=\"text1noticias\">Signific\u00f3 algunas de las medidas estructurales para la dinamizaci\u00f3n de la econom\u00eda, como el financiamiento cero por ciento para actividades agr\u00edcolas con la finalidad de generar seguridad alimentaria y crear empleos de calidad en el campo, as\u00ed como la puesta en marcha de un plan nacional de reconstrucci\u00f3n de viviendas.<\/span><\/p>\n<p><span class=\"text1noticias\"> <\/span><\/p>\n<p><span class=\"text1noticias\">Tambi\u00e9n indic\u00f3 el Plan Nacional de Competitividad con el que se pretende crear las fortalezas institucionales que permitan avanzar en la eliminaci\u00f3n gradual de trabas burocr\u00e1ticas ancestrales, y hacer m\u00e1s \u00e1gil al Estado para el beneficio de los ciudadanos.<\/span><\/p>\n<p><span class=\"text1noticias\"> <\/span><\/p>\n<p><span class=\"text1noticias\">COVID-19: 10 millones de vacunas y medidas efectivas<\/span><\/p>\n<p><span class=\"text1noticias\"> <\/span><\/p>\n<p><span class=\"text1noticias\">En su intervenci\u00f3n, el mandatario destac\u00f3 el fortalecimiento del sector salud como una de las prioridades del Gobierno, la estrategia nacional contra el COVID-19, la que ha posibilitado la reducci\u00f3n de la mortalidad y la nivelaci\u00f3n de la curva de contagio. <\/span><\/p>\n<p><span class=\"text1noticias\"> <\/span><\/p>\n<p><span class=\"text1noticias\">\u00abPor otro lado, de cara a la lucha contra el COVID-19 hemos adquirido el derecho a 10 millones de vacunas que ser\u00e1n producidas por una de las farmac\u00e9uticas cuyas investigaciones actualmente cuentan con uno de los m\u00e1s altos niveles de credibilidad, con el objetivo de, una vez listas, ir aplic\u00e1ndolas a las personas m\u00e1s vulnerables a la enfermedad\u00bb, inform\u00f3.<\/span><\/p>\n<p><span class=\"text1noticias\"> <\/span><\/p>\n<p><span class=\"text1noticias\">En ese mismo orden, el presidente exhort\u00f3 al secretario general de la ONU, para que el organismo juegue un rol protagonista en la generaci\u00f3n de consensos para paliar los efectos de la enfermedad sobre la econom\u00eda en la regi\u00f3n. <\/span><\/p>\n<p><span class=\"text1noticias\"> <\/span><\/p>\n<p><span class=\"text1noticias\">El presidente Luis Abinader cerr\u00f3 su discurso con un llamado a la uni\u00f3n de todos los pa\u00edses: \u00abHoy la uni\u00f3n no es una opci\u00f3n, es una obligaci\u00f3n hist\u00f3rica a la que no podemos fallar\u00bb.<\/span><\/p>\n<p><span class=\"text1noticias\"> <\/span><\/p>\n<p><span class=\"text1noticias\">Pa\u00edses asistentes <\/span><\/p>\n<p><span class=\"text1noticias\"> <\/span><\/p>\n<p><span class=\"text1noticias\">En esta Reuni\u00f3n Extraordinaria de jefes de Estado y de Gobierno del SICA con el Secretario General de Naciones Unidas, estuvieron presentes los presidentes de Costa Rica, Carlos Alvarado Quesada; de Guatemala, Alejandro Giammattei; de Honduras, Juan Orlando Hern\u00e1ndez Alvarado; de Panam\u00e1, Laurentino Cortizo; de El Salvador, F\u00e9lix Ulloa y el primer ministro de Bel<\/span>ice, Johnny Brice\u00f1o.<\/p>\n<\/p>\n<p><span class=\"text1noticias\">Fuente: Presidencia de la Rep\u00fablica Dominicana<\/span><\/p>\n<p><span class=\"text1noticias\">Noticias<\/span><\/p>\n<h6> 2020-12-01 21:48:47 <\/h6>\n<p><!--\n<link rel=\"stylesheet\" href=\"css\/bootstrap.min.css\">\n\n\n<ul class=\"pagination\">\n\t    \n\t\n\n<li >\n\t<a href='?page_no=167'>Previous<\/a>\n\t<\/li>\n\n\n       \n    \n\n<li><a href='?page_no=1'>1<\/a><\/li>\n\n\n\n<li><a href='?page_no=2'>2<\/a><\/li>\n\n\n\n<li><a>...<\/a><\/li>\n\n\n\n<li><a href='?page_no=166'>166<\/a><\/li>\n\n\n\n<li><a href='?page_no=167'>167<\/a><\/li>\n\n\n\n<li class='active'><a>168<\/a><\/li>\n\n\n\n<li><a href='?page_no=169'>169<\/a><\/li>\n\n\n\n<li><a href='?page_no=170'>170<\/a><\/li>\n\n\n\n<li><a>...<\/a><\/li>\n\n\n\n<li><a href='?page_no=181'>181<\/a><\/li>\n\n\n\n<li><a href='?page_no=182'>182<\/a><\/li>\n\n    \n\t\n\n<li >\n\t<a href='?page_no=169'>Next<\/a>\n\t<\/li>\n\n\n    \n\n<li><a href='?page_no=182'>Last &rsaquo;&rsaquo;<\/a><\/li>\n\n<\/ul>\n\n\n--><br \/>\n<\/body><\/p>\n","protected":false},"excerpt":{"rendered":"<p>diariodominicano.com Santo Domingo, R. D., 1 de diciembre, 2020.- El presidente Luis Abinader particip\u00f3, por primera vez, este lunes en la Reuni\u00f3n Extraordinaria de jefes de Estado y de Gobierno del Sistema de Integraci\u00f3n Centroamericana (SICA), que cont\u00f3 con la presencia del Secretario General de la Organizaci\u00f3n de las Naciones Unidas (ONU). En su discurso, [&hellip;]<\/p>\n","protected":false},"author":3,"featured_media":0,"comment_status":"open","ping_status":"open","sticky":false,"template":"","format":"standard","meta":{"footnotes":""},"categories":[20],"tags":[],"class_list":["post-261284","post","type-post","status-publish","format-standard","hentry","category-dominicana-hoy"],"_links":{"self":[{"href":"https:\/\/diariodominicano.com\/index.php?rest_route=\/wp\/v2\/posts\/261284","targetHints":{"allow":["GET"]}}],"collection":[{"href":"https:\/\/diariodominicano.com\/index.php?rest_route=\/wp\/v2\/posts"}],"about":[{"href":"https:\/\/diariodominicano.com\/index.php?rest_route=\/wp\/v2\/types\/post"}],"author":[{"embeddable":true,"href":"https:\/\/diariodominicano.com\/index.php?rest_route=\/wp\/v2\/users\/3"}],"replies":[{"embeddable":true,"href":"https:\/\/diariodominicano.com\/index.php?rest_route=%2Fwp%2Fv2%2Fcomments&post=261284"}],"version-history":[{"count":0,"href":"https:\/\/diariodominicano.com\/index.php?rest_route=\/wp\/v2\/posts\/261284\/revisions"}],"wp:attachment":[{"href":"https:\/\/diariodominicano.com\/index.php?rest_route=%2Fwp%2Fv2%2Fmedia&parent=261284"}],"wp:term":[{"taxonomy":"category","embeddable":true,"href":"https:\/\/diariodominicano.com\/index.php?rest_route=%2Fwp%2Fv2%2Fcategories&post=261284"},{"taxonomy":"post_tag","embeddable":true,"href":"https:\/\/diariodominicano.com\/index.php?rest_route=%2Fwp%2Fv2%2Ftags&post=261284"}],"curies":[{"name":"wp","href":"https:\/\/api.w.org\/{rel}","templated":true}]}}