{"id":261283,"date":"2020-12-01T22:19:08","date_gmt":"2020-12-01T22:19:08","guid":{"rendered":"http:\/\/diariodominicano.ddns.net\/?p=261283"},"modified":"2020-12-01T22:19:08","modified_gmt":"2020-12-01T22:19:08","slug":"presidente-abinader-cumple-su-promesa-a-los-caneros-pensiona-a-295-extrabajadores","status":"publish","type":"post","link":"https:\/\/diariodominicano.com\/?p=261283","title":{"rendered":"Presidente Abinader cumple su promesa a los ca\u00f1eros; pensiona a 295 extrabajadores"},"content":{"rendered":"<p><body><\/p>\n<p><img decoding=\"async\" src=\"http:\/\/localhost:8080\/img3\/Palacio1-12-20.jpg\" \/>  <\/p>\n<p>diariodominicano.com<\/p>\n<\/p>\n<p>Santo Domingo, R. D., 1 de noviembre, 2020.- El Presidente Luis Abinader concedi\u00f3 mediante el Decreto 692-20 la jubilaci\u00f3n y la asignaci\u00f3n de una pensi\u00f3n especial por un monto de RD$10 mil mensuales a 295 extrabajadores de los ingenios azucareros.<\/p>\n<\/p>\n<p>El decreto del Poder Ejecutivo dispone que la Direcci\u00f3n General de Jubilaciones y Pensiones del Estado tiene un plazo de tres meses para hacer efectivo el pago de las pensiones.<\/p>\n<\/p>\n<p>Abinader se comprometi\u00f3 el 25 de septiembre pasado, en una visita a San Pedro de Macor\u00eds, con los trabajadores ca\u00f1eros a hacer justicia en su caso y buscarle soluci\u00f3n a la situaci\u00f3n de abandono a la que estaban sometidos desde hace m\u00e1s de 30 a\u00f1os por los gobiernos anteriores.<\/p>\n<\/p>\n<p>En San Pedro de Macor\u00eds el mandatario afirm\u00f3: \u00abEste Gobierno va a hacer justicia y ser\u00e1 una justicia r\u00e1pida\u00bb, dijo el mandatario, cumpliendo su promesa 66 d\u00edas despu\u00e9s.<\/p>\n<\/p>\n<p>El Presidente de la Rep\u00fablica reiter\u00f3 que tiene el compromiso de que los ca\u00f1eros puedan vivir de manera digna.<\/p>\n<\/p>\n<p>La Direcci\u00f3n de Informaci\u00f3n y Prensa de la Presidencia indic\u00f3 que el plazo ser\u00e1 contado a partir de que el interesado haya tramitado su solicitud de inclusi\u00f3n a la n\u00f3mina de pensionados.<\/p>\n<\/p>\n<p>\u00abEl pago de la pensi\u00f3n se considerar\u00e1 efectivo, y con derecho a pago retroactivo luego de cumplido el plazo\u00bb, establece el decreto 692-20.<\/p>\n<\/p>\n<p>El art\u00edculo dos del decreto precisa que en caso de que los beneficiarios se encuentren disfrutando de una pensi\u00f3n del Estado, estos podr\u00e1n optar por la que m\u00e1s le favorezca.<\/p>\n<\/p>\n<p>La disposici\u00f3n precisa que: \u00abEl pago de toda pensi\u00f3n otorgada por el Poder Ejecutivo con cargo al Fondo de Pensiones y Jubilaciones de la Ley de Presupuesto General del Estado tenga efectividad a partir de la fecha en que el beneficiario formalice su solicitud de inclusi\u00f3n en la n\u00f3mina de los Jubilados y Pensionados Civiles del Estado ante la Direcci\u00f3n General de Jubilaciones y Pensiones a cargo del Estado del Ministerio de Hacienda\u00bb.<\/p>\n<\/p>\n<p>Fuente: Presidencia de la Rep\u00fablica Dominicana<\/p>\n<p>Noticias<\/p>\n<h6> 2020-12-01 22:19:08 <\/h6>\n<p><!--\n<link rel=\"stylesheet\" href=\"css\/bootstrap.min.css\">\n\n\n<ul class=\"pagination\">\n\t    \n\t\n\n<li >\n\t<a href='?page_no=166'>Previous<\/a>\n\t<\/li>\n\n\n       \n    \n\n<li><a href='?page_no=1'>1<\/a><\/li>\n\n\n\n<li><a href='?page_no=2'>2<\/a><\/li>\n\n\n\n<li><a>...<\/a><\/li>\n\n\n\n<li><a href='?page_no=165'>165<\/a><\/li>\n\n\n\n<li><a href='?page_no=166'>166<\/a><\/li>\n\n\n\n<li class='active'><a>167<\/a><\/li>\n\n\n\n<li><a href='?page_no=168'>168<\/a><\/li>\n\n\n\n<li><a href='?page_no=169'>169<\/a><\/li>\n\n\n\n<li><a>...<\/a><\/li>\n\n\n\n<li><a href='?page_no=181'>181<\/a><\/li>\n\n\n\n<li><a href='?page_no=182'>182<\/a><\/li>\n\n    \n\t\n\n<li >\n\t<a href='?page_no=168'>Next<\/a>\n\t<\/li>\n\n\n    \n\n<li><a href='?page_no=182'>Last &rsaquo;&rsaquo;<\/a><\/li>\n\n<\/ul>\n\n\n--><br \/>\n<\/body><\/p>\n","protected":false},"excerpt":{"rendered":"<p>diariodominicano.com Santo Domingo, R. D., 1 de noviembre, 2020.- El Presidente Luis Abinader concedi\u00f3 mediante el Decreto 692-20 la jubilaci\u00f3n y la asignaci\u00f3n de una pensi\u00f3n especial por un monto de RD$10 mil mensuales a 295 extrabajadores de los ingenios azucareros. El decreto del Poder Ejecutivo dispone que la Direcci\u00f3n General de Jubilaciones y Pensiones [&hellip;]<\/p>\n","protected":false},"author":3,"featured_media":0,"comment_status":"open","ping_status":"open","sticky":false,"template":"","format":"standard","meta":{"footnotes":""},"categories":[20],"tags":[],"class_list":["post-261283","post","type-post","status-publish","format-standard","hentry","category-dominicana-hoy"],"_links":{"self":[{"href":"https:\/\/diariodominicano.com\/index.php?rest_route=\/wp\/v2\/posts\/261283","targetHints":{"allow":["GET"]}}],"collection":[{"href":"https:\/\/diariodominicano.com\/index.php?rest_route=\/wp\/v2\/posts"}],"about":[{"href":"https:\/\/diariodominicano.com\/index.php?rest_route=\/wp\/v2\/types\/post"}],"author":[{"embeddable":true,"href":"https:\/\/diariodominicano.com\/index.php?rest_route=\/wp\/v2\/users\/3"}],"replies":[{"embeddable":true,"href":"https:\/\/diariodominicano.com\/index.php?rest_route=%2Fwp%2Fv2%2Fcomments&post=261283"}],"version-history":[{"count":0,"href":"https:\/\/diariodominicano.com\/index.php?rest_route=\/wp\/v2\/posts\/261283\/revisions"}],"wp:attachment":[{"href":"https:\/\/diariodominicano.com\/index.php?rest_route=%2Fwp%2Fv2%2Fmedia&parent=261283"}],"wp:term":[{"taxonomy":"category","embeddable":true,"href":"https:\/\/diariodominicano.com\/index.php?rest_route=%2Fwp%2Fv2%2Fcategories&post=261283"},{"taxonomy":"post_tag","embeddable":true,"href":"https:\/\/diariodominicano.com\/index.php?rest_route=%2Fwp%2Fv2%2Ftags&post=261283"}],"curies":[{"name":"wp","href":"https:\/\/api.w.org\/{rel}","templated":true}]}}