{"id":261282,"date":"2020-12-02T09:02:08","date_gmt":"2020-12-02T09:02:08","guid":{"rendered":"http:\/\/diariodominicano.ddns.net\/?p=261282"},"modified":"2020-12-02T09:02:08","modified_gmt":"2020-12-02T09:02:08","slug":"fallece-adriano-miguel-tejada-fundador-de-diario-libre","status":"publish","type":"post","link":"https:\/\/diariodominicano.com\/?p=261282","title":{"rendered":"Fallece Adriano Miguel Tejada fundador de Diario Libre"},"content":{"rendered":"<p><body><\/p>\n<p><img decoding=\"async\" src=\"http:\/\/localhost:8080\/img3\/43217c90-6db2798f-b26e-497e-ac6e-64f5d048c177-5fc77bf37fccc-681x468.jpg\" \/>  <\/p>\n<p><strong>Diariodominicano.com<\/strong><\/p>\n<p><strong>Fallece Adriano Miguel Tejada fundador de Diario Libre <\/strong><\/p>\n<p><strong>Santo Domingo, RD, 2 de diciembre de 2020<\/strong>. Falleci\u00f3 la madrugada de este mi\u00e9rcoles el veterano periodista y abogado constitucionalista, exdirector de  Diario Libre, Adriano Miguel Tejada, tras presentar complicaciones de salud. Cumplir\u00eda hoy sus 72 a\u00f1os.<\/p>\n<\/p>\n<p>La informaci\u00f3n la dio a conocer el jefe de redacci\u00f3n de Diario Libre, Jos\u00e9 Mar\u00eda Reyes, quien escribi\u00f3 en las redes sociales que se fue uno de los grandes hombres de la sociedad dominicana y una de las mejores plumas del periodismo.<\/p>\n<\/p>\n<p><strong>\u00abSe nos ha ido uno de los grandes hombres de la sociedad dominicana. Una de las mejores plumas del periodismo, uno de los mejores juristas de este pa\u00eds y un gran historiador. Se nos ha ido don Adriano Miguel Tejada, hombre afable, solidario y con gran sentido de lo humano\u00bb.<\/strong><\/p>\n<\/p>\n<p>Adriano Miguel Tejada naci\u00f3 en Moca en 1948, era graduado de abogado y luego en Ciencias pol\u00edticas, profesor y administrador universitario.<\/p>\n<\/p>\n<p>Dirigi\u00f3 el diario La Informaci\u00f3n de Santiago y por m\u00e1s de 25 a\u00f1os hab\u00eda sido comentarista de radio y televisi\u00f3n.<\/p>\n<\/p>\n<p>Adem\u00e1s, fue miembro de N\u00famero de la Academia Dominicana de la Historia y Correspondiente de la de la Lengua y de Ciencias Pol\u00edticas.<\/p>\n<\/p>\n<p>El Caribe  | 2 diciembre, 2020<\/p>\n<h6> 2020-12-02 09:02:08 <\/h6>\n<p><!--\n<link rel=\"stylesheet\" href=\"css\/bootstrap.min.css\">\n\n\n<ul class=\"pagination\">\n\t    \n\t\n\n<li >\n\t<a href='?page_no=165'>Previous<\/a>\n\t<\/li>\n\n\n       \n    \n\n<li><a href='?page_no=1'>1<\/a><\/li>\n\n\n\n<li><a href='?page_no=2'>2<\/a><\/li>\n\n\n\n<li><a>...<\/a><\/li>\n\n\n\n<li><a href='?page_no=164'>164<\/a><\/li>\n\n\n\n<li><a href='?page_no=165'>165<\/a><\/li>\n\n\n\n<li class='active'><a>166<\/a><\/li>\n\n\n\n<li><a href='?page_no=167'>167<\/a><\/li>\n\n\n\n<li><a href='?page_no=168'>168<\/a><\/li>\n\n\n\n<li><a>...<\/a><\/li>\n\n\n\n<li><a href='?page_no=181'>181<\/a><\/li>\n\n\n\n<li><a href='?page_no=182'>182<\/a><\/li>\n\n    \n\t\n\n<li >\n\t<a href='?page_no=167'>Next<\/a>\n\t<\/li>\n\n\n    \n\n<li><a href='?page_no=182'>Last &rsaquo;&rsaquo;<\/a><\/li>\n\n<\/ul>\n\n\n--><br \/>\n<\/body><\/p>\n","protected":false},"excerpt":{"rendered":"<p>Diariodominicano.com Fallece Adriano Miguel Tejada fundador de Diario Libre Santo Domingo, RD, 2 de diciembre de 2020. Falleci\u00f3 la madrugada de este mi\u00e9rcoles el veterano periodista y abogado constitucionalista, exdirector de Diario Libre, Adriano Miguel Tejada, tras presentar complicaciones de salud. Cumplir\u00eda hoy sus 72 a\u00f1os. La informaci\u00f3n la dio a conocer el jefe de [&hellip;]<\/p>\n","protected":false},"author":3,"featured_media":0,"comment_status":"open","ping_status":"open","sticky":false,"template":"","format":"standard","meta":{"footnotes":""},"categories":[20],"tags":[],"class_list":["post-261282","post","type-post","status-publish","format-standard","hentry","category-dominicana-hoy"],"_links":{"self":[{"href":"https:\/\/diariodominicano.com\/index.php?rest_route=\/wp\/v2\/posts\/261282","targetHints":{"allow":["GET"]}}],"collection":[{"href":"https:\/\/diariodominicano.com\/index.php?rest_route=\/wp\/v2\/posts"}],"about":[{"href":"https:\/\/diariodominicano.com\/index.php?rest_route=\/wp\/v2\/types\/post"}],"author":[{"embeddable":true,"href":"https:\/\/diariodominicano.com\/index.php?rest_route=\/wp\/v2\/users\/3"}],"replies":[{"embeddable":true,"href":"https:\/\/diariodominicano.com\/index.php?rest_route=%2Fwp%2Fv2%2Fcomments&post=261282"}],"version-history":[{"count":0,"href":"https:\/\/diariodominicano.com\/index.php?rest_route=\/wp\/v2\/posts\/261282\/revisions"}],"wp:attachment":[{"href":"https:\/\/diariodominicano.com\/index.php?rest_route=%2Fwp%2Fv2%2Fmedia&parent=261282"}],"wp:term":[{"taxonomy":"category","embeddable":true,"href":"https:\/\/diariodominicano.com\/index.php?rest_route=%2Fwp%2Fv2%2Fcategories&post=261282"},{"taxonomy":"post_tag","embeddable":true,"href":"https:\/\/diariodominicano.com\/index.php?rest_route=%2Fwp%2Fv2%2Ftags&post=261282"}],"curies":[{"name":"wp","href":"https:\/\/api.w.org\/{rel}","templated":true}]}}