{"id":261281,"date":"2020-12-02T09:30:11","date_gmt":"2020-12-02T09:30:11","guid":{"rendered":"http:\/\/diariodominicano.ddns.net\/?p=261281"},"modified":"2020-12-02T09:30:11","modified_gmt":"2020-12-02T09:30:11","slug":"aseped-lamenta-fallecimiento-del-periodista-adriano-miguel-tejeda","status":"publish","type":"post","link":"https:\/\/diariodominicano.com\/?p=261281","title":{"rendered":"ASEPED lamenta fallecimiento del periodista Adriano Miguel Tejeda"},"content":{"rendered":"<p><body><\/p>\n<p><img decoding=\"async\" src=\"http:\/\/localhost:8080\/img3\/Adriano Caonabodeoro2-12-20.jpg\" \/>  <\/p>\n<p><span class=\"text1noticias\"> <\/span><\/p>\n<p><span class=\"text1noticias\">diariodominicano.com<\/span><\/p>\n<p><span class=\"text1noticias\"> <\/span><\/p>\n<p><span class=\"text1noticias\">Santo Domingo, R. D., 2 de diciembre, 2020.- La Asociaci\u00f3n de Escritores y Periodistas Dominicanos (ASEPED) lamenta profundamente el fallecimiento del periodista Adriano Miguel Tejada, miembro de nuestra asociaci\u00f3n,  ganador de los premios Caonabo de Oro,  tambi\u00e9n miembro del Jurado de esos premios literarios.<\/span><\/p>\n<p><span class=\"text1noticias\"> <\/span><\/p>\n<p><span class=\"text1noticias\">Adriano Miguel Tejada  naci\u00f3 en Moca, el 2 de diciembre de 1948 , fue abogado  y periodista.<\/span><\/p>\n<p><span class=\"text1noticias\"> <\/span><\/p>\n<p><span class=\"text1noticias\"> Comparti\u00f3 durante 25 a\u00f1os la c\u00e1tedra universitaria y el periodismo.<\/span><\/p>\n<p><span class=\"text1noticias\"> <\/span><\/p>\n<p><span class=\"text1noticias\">Dirigi\u00f3  los diarios La Informaci\u00f3n, en Santiago de los Caballeros, y Diario Libre, primer rotativo gratuito del pa\u00eds.<\/span><\/p>\n<p><span class=\"text1noticias\"> <\/span><\/p>\n<p><span class=\"text1noticias\">Fue fundador del peri\u00f3dico El D\u00eda y redactor de la Revista de Ciencias Jur\u00eddicas y la Eme-Eme, Estudios Dominicanos.<\/span><\/p>\n<p><span class=\"text1noticias\"> <\/span><\/p>\n<p><span class=\"text1noticias\">Mantuvo una columna semanal en la revista Rumbo y por cerca de quince a\u00f1os fue comentarista pol\u00edtico de televisi\u00f3n.<\/span><\/p>\n<p><span class=\"text1noticias\"> <\/span><\/p>\n<p><span class=\"text1noticias\">La ASEPED expresa su lamento ante tan significativa perdida del periodista Adriano Miguel Tejada, y env\u00eda sus condolencias a su familia.<\/span><\/p>\n<p><span class=\"text1noticias\"> <\/span><\/p>\n<p><span class=\"text1noticias\"> Fuente: Jos\u00e9 G\u00f3mez Cerda <\/span><\/p>\n<p><span class=\"text1noticias\">Presidente de la Asociaci\u00f3n de Escritores y Periodistas Dominicanos (ASEPED)<\/span><\/p>\n<p><span class=\"text1noticias\"> <\/span><\/p>\n<p><span class=\"text1noticias\"> <\/span><\/p>\n<h6> 2020-12-02 09:30:11 <\/h6>\n<p><!--\n<link rel=\"stylesheet\" href=\"css\/bootstrap.min.css\">\n\n\n<ul class=\"pagination\">\n\t    \n\t\n\n<li >\n\t<a href='?page_no=164'>Previous<\/a>\n\t<\/li>\n\n\n       \n    \n\n<li><a href='?page_no=1'>1<\/a><\/li>\n\n\n\n<li><a href='?page_no=2'>2<\/a><\/li>\n\n\n\n<li><a>...<\/a><\/li>\n\n\n\n<li><a href='?page_no=163'>163<\/a><\/li>\n\n\n\n<li><a href='?page_no=164'>164<\/a><\/li>\n\n\n\n<li class='active'><a>165<\/a><\/li>\n\n\n\n<li><a href='?page_no=166'>166<\/a><\/li>\n\n\n\n<li><a href='?page_no=167'>167<\/a><\/li>\n\n\n\n<li><a>...<\/a><\/li>\n\n\n\n<li><a href='?page_no=181'>181<\/a><\/li>\n\n\n\n<li><a href='?page_no=182'>182<\/a><\/li>\n\n    \n\t\n\n<li >\n\t<a href='?page_no=166'>Next<\/a>\n\t<\/li>\n\n\n    \n\n<li><a href='?page_no=182'>Last &rsaquo;&rsaquo;<\/a><\/li>\n\n<\/ul>\n\n\n--><br \/>\n<\/body><\/p>\n","protected":false},"excerpt":{"rendered":"<p>diariodominicano.com Santo Domingo, R. D., 2 de diciembre, 2020.- La Asociaci\u00f3n de Escritores y Periodistas Dominicanos (ASEPED) lamenta profundamente el fallecimiento del periodista Adriano Miguel Tejada, miembro de nuestra asociaci\u00f3n, ganador de los premios Caonabo de Oro, tambi\u00e9n miembro del Jurado de esos premios literarios. Adriano Miguel Tejada naci\u00f3 en Moca, el 2 de diciembre [&hellip;]<\/p>\n","protected":false},"author":3,"featured_media":0,"comment_status":"open","ping_status":"open","sticky":false,"template":"","format":"standard","meta":{"footnotes":""},"categories":[20],"tags":[],"class_list":["post-261281","post","type-post","status-publish","format-standard","hentry","category-dominicana-hoy"],"_links":{"self":[{"href":"https:\/\/diariodominicano.com\/index.php?rest_route=\/wp\/v2\/posts\/261281","targetHints":{"allow":["GET"]}}],"collection":[{"href":"https:\/\/diariodominicano.com\/index.php?rest_route=\/wp\/v2\/posts"}],"about":[{"href":"https:\/\/diariodominicano.com\/index.php?rest_route=\/wp\/v2\/types\/post"}],"author":[{"embeddable":true,"href":"https:\/\/diariodominicano.com\/index.php?rest_route=\/wp\/v2\/users\/3"}],"replies":[{"embeddable":true,"href":"https:\/\/diariodominicano.com\/index.php?rest_route=%2Fwp%2Fv2%2Fcomments&post=261281"}],"version-history":[{"count":0,"href":"https:\/\/diariodominicano.com\/index.php?rest_route=\/wp\/v2\/posts\/261281\/revisions"}],"wp:attachment":[{"href":"https:\/\/diariodominicano.com\/index.php?rest_route=%2Fwp%2Fv2%2Fmedia&parent=261281"}],"wp:term":[{"taxonomy":"category","embeddable":true,"href":"https:\/\/diariodominicano.com\/index.php?rest_route=%2Fwp%2Fv2%2Fcategories&post=261281"},{"taxonomy":"post_tag","embeddable":true,"href":"https:\/\/diariodominicano.com\/index.php?rest_route=%2Fwp%2Fv2%2Ftags&post=261281"}],"curies":[{"name":"wp","href":"https:\/\/api.w.org\/{rel}","templated":true}]}}