{"id":261280,"date":"2020-12-02T10:03:51","date_gmt":"2020-12-02T10:03:51","guid":{"rendered":"http:\/\/diariodominicano.ddns.net\/?p=261280"},"modified":"2020-12-02T10:03:51","modified_gmt":"2020-12-02T10:03:51","slug":"se-suicida-de-un-disparo-cesar-prieto-miembro-del-cc-pld","status":"publish","type":"post","link":"https:\/\/diariodominicano.com\/?p=261280","title":{"rendered":"Se suicida de un disparo C\u00e9sar Prieto, miembro del CC-PLD"},"content":{"rendered":"<p><body><\/p>\n<p><strong>Se suicida de un disparo C\u00e9sar Prieto, miembro del CC-PLD<\/strong><\/p>\n<\/p>\n<p><strong> <\/strong><\/p>\n<p><strong>Santo Domingo.RD, 1 de diciembre de 2020.-<\/strong> Compa\u00f1eros del partido del exincumbente expresaron estar en \u00abshock\u00bb por la triste noticia del deceso.<\/p>\n<p>Sus restos se expondr\u00e1n este mi\u00e9rcoles en la Funeraria Blandino de la avenida Abraham Lincoln en la ma\u00f1ana<\/p>\n<p>El exsuperintendente de Electricidad y exdirector del Plan Social de la Presidencia, C\u00e9sar Prieto Santamar\u00eda, se suicid\u00f3 ayer de un disparo en la cabeza en el ba\u00f1o de su casa, en la torre Ruddy I del sector Piantini de la Capital.<\/p>\n<\/p>\n<p>Prieto Santamar\u00eda, falleci\u00f3 instant\u00e1neamente tras dispararse alrededor de las 8:30 de la ma\u00f1ana, conforme a Jairo Medrano, m\u00e9dico del Instituto Nacional de Ciencias Forenses (Inacif).<\/p>\n<\/p>\n<p>Su cad\u00e1ver fue encontrado tirado en el piso del ba\u00f1o, sin ninguna nota alusiva a lo sucedido.<\/p>\n<\/p>\n<p>El galeno se reserv\u00f3 la causa directa de la muerte debido a la falta del informe de la autopsia que precisa esos detalles.<\/p>\n<p>\u00abFalleci\u00f3 de una vez en el instante, porque fue una herida mortal. El cuerpo lo encontramos tirado en el piso del ba\u00f1o (&#8230;) aproximadamente a las 8:30 de la ma\u00f1ana. Se encontraba con su familia, pero el caso ocurri\u00f3 directamente en el ba\u00f1o\u00bb, dijo Medrano, tras ser abordado por la prensa en las afueras de la residencia de Prieto Santamar\u00eda.<\/p>\n<\/p>\n<p>Pese a que las causas del suicidio no est\u00e1n claras, personas cercanas al c\u00edrculo pol\u00edtico del exfuncionario del Partido de la Liberaci\u00f3n Dominicana (PLD) y miembro del Comit\u00e9 Central de esa organizaci\u00f3n, indicaron que este atravesaba por una depresi\u00f3n desde hace unos d\u00edas, y que incluso, era atendido por un especialista de la conducta.<\/p>\n<\/p>\n<p>Tal fue el caso de H\u00e9ctor Olivo, portavoz del PLD, quien dijo que Prieto era una persona alegre. Sin embargo, destac\u00f3 que present\u00f3 un cambio notorio de actitud.<\/p>\n<\/p>\n<p>\u00abLa forma de ver al compa\u00f1ero C\u00e9sar en los \u00faltimos d\u00edas, meses, vamos a decirlo as\u00ed, coinciden con un cuadro depresivo tal y como lo refieren los profesionales de la salud en esa direcci\u00f3n\u00bb, explic\u00f3 Olivo.<\/p>\n<\/p>\n<p>Otros dirigentes rechazaron la idea de que la raz\u00f3n del suicidio se deba a que presuntamente ser\u00eda arrestado por v\u00ednculos con los exfuncionarios que fueron apresados durante el pasado fin de semana por \u00f3rdenes de la Procuradur\u00eda Especializada de Persecuci\u00f3n de la Corrupci\u00f3n Administrativa (Pepca), por presumible corrupci\u00f3n administrativa.<\/p>\n<\/p>\n<p>Empero, Ram\u00f3n Contreras Genao, superintendente de Pensiones, revel\u00f3 que contra el exsuperintendente de Electricidad, no hubo ning\u00fan intento de arresto por parte del Ministerio P\u00fablico.<\/p>\n<\/p>\n<p>El diputado Plutarco P\u00e9rez consider\u00f3 que las personas no deber\u00edan de expresar lo que difunden por las redes, de las supuestas razones que motivaron al exfuncionario a suicidarse, sin conocer todo lo sucedido. A su vez, manifest\u00f3 su pesar por la muerte del Prieto.<\/p>\n<\/p>\n<p><strong>Lamentan suicidio de C\u00e9sar Prieto<\/strong><\/p>\n<\/p>\n<p>Decenas de compa\u00f1eros del Partido de la Liberaci\u00f3n Dominicana (PLD) lamentaron ayer el fallecimiento de C\u00e9sar Prieto, quien fue subsecretario de esa organizaci\u00f3n pol\u00edtica al momento de su muerte.<\/p>\n<\/p>\n<p>Radham\u00e9s Camacho, expresidente de la C\u00e1mara de Diputados y miembro del Comit\u00e9 Pol\u00edtico del PLD, dijo que el fallecimiento de Prieto es una p\u00e9rdida irreparable para esa organizaci\u00f3n pol\u00edtica.<\/p>\n<\/p>\n<p>Mientras que el vocero del bloque de diputados de esa agrupaci\u00f3n, Gustavo S\u00e1nchez, expres\u00f3 que esa organizaci\u00f3n pol\u00edtica se encuentra devastada por lo sucedido, y que Prieto era conocido como un ejemplo familiar, \u00abpor lo que su ida a destiempo es un dolor irreparable para todos los miembros del partido y de su familia\u00bb.<\/p>\n<\/p>\n<p>En ese mismo sentido se expres\u00f3 el legislador pelede\u00edsta por la provincia Santo Domingo, Luis Henr\u00edquez, quien indic\u00f3 sentirse en \u00abshock \u00bb frente al suicido, al apuntar que el PLD perdi\u00f3 una de sus principales figuras.<\/p>\n<\/p>\n<p>Lament\u00f3 la muerte del exfuncionario, a quien calific\u00f3 como un militante \u00aba toda prueba\u00bb y un hombre \u00edntegro.<\/p>\n<\/p>\n<p>\u00abNosotros estamos en shock todav\u00eda (&#8230;) Prieto fue un militante a toda prueba, un hombre \u00edntegro. El PLD hoy pierde una de sus principales figuras, un dirigente a tiempo completo de este partido. Esperemos que Dios le pueda dar conformidad a su familia \u00ab, manifest\u00f3 el dirigente pelede\u00edsta Luis Henr\u00edquez.<\/p>\n<\/p>\n<p><strong>C\u00e9sar Augusto Prieto Santamar\u00eda.<\/strong><\/p>\n<p>Con experiencia administrativa<\/p>\n<\/p>\n<p>C\u00e9sar Augusto Esteban Prieto Santamar\u00eda, se convirti\u00f3 en ingeniero electromec\u00e1nico con orientaci\u00f3n el\u00e9ctrica en el a\u00f1o 1985 en la Pontificia Universidad Cat\u00f3lica Madre y Maestra de Santiago. Fungi\u00f3 como asistente del expresidente de la Rep\u00fablica, Danilo Medina, cuando este fue secretario de Estado de la Presidencia, durante la primera gesti\u00f3n de Gobierno del exmandatario Leonel Fern\u00e1ndez en 1996. Igualmente, se encarg\u00f3 del Centro de Gesti\u00f3n Presidencial, fue miembro de la Comisi\u00f3n Presidencial de Apoyo al Desarrollo Barrial, director general del Plan de Asistencia Social de la Presidencia. En su experiencia administrativa ocup\u00f3 la posici\u00f3n de asesor y gerente de ingenieria en Prieto Nouel Electromec\u00e1nica, as\u00ed como gerente general de Prieto &amp; Compa\u00f1\u00eda. Se form\u00f3 en diferentes \u00e1reas de su profesi\u00f3n al realizar cursos de conservaci\u00f3n de Energ\u00eda en Sistemas de aires acondicionados y refrigeraci\u00f3n.<\/p>\n<p><strong>Eliana Ledesma  | 2 diciembre, 2020 El Caribe<\/strong><\/p>\n<\/p>\n<h6> 2020-12-02 10:03:51 <\/h6>\n<p><!--\n<link rel=\"stylesheet\" href=\"css\/bootstrap.min.css\">\n\n\n<ul class=\"pagination\">\n\t    \n\t\n\n<li >\n\t<a href='?page_no=163'>Previous<\/a>\n\t<\/li>\n\n\n       \n    \n\n<li><a href='?page_no=1'>1<\/a><\/li>\n\n\n\n<li><a href='?page_no=2'>2<\/a><\/li>\n\n\n\n<li><a>...<\/a><\/li>\n\n\n\n<li><a href='?page_no=162'>162<\/a><\/li>\n\n\n\n<li><a href='?page_no=163'>163<\/a><\/li>\n\n\n\n<li class='active'><a>164<\/a><\/li>\n\n\n\n<li><a href='?page_no=165'>165<\/a><\/li>\n\n\n\n<li><a href='?page_no=166'>166<\/a><\/li>\n\n\n\n<li><a>...<\/a><\/li>\n\n\n\n<li><a href='?page_no=181'>181<\/a><\/li>\n\n\n\n<li><a href='?page_no=182'>182<\/a><\/li>\n\n    \n\t\n\n<li >\n\t<a href='?page_no=165'>Next<\/a>\n\t<\/li>\n\n\n    \n\n<li><a href='?page_no=182'>Last &rsaquo;&rsaquo;<\/a><\/li>\n\n<\/ul>\n\n\n--><br \/>\n<\/body><\/p>\n","protected":false},"excerpt":{"rendered":"<p>Se suicida de un disparo C\u00e9sar Prieto, miembro del CC-PLD Santo Domingo.RD, 1 de diciembre de 2020.- Compa\u00f1eros del partido del exincumbente expresaron estar en \u00abshock\u00bb por la triste noticia del deceso. Sus restos se expondr\u00e1n este mi\u00e9rcoles en la Funeraria Blandino de la avenida Abraham Lincoln en la ma\u00f1ana El exsuperintendente de Electricidad y [&hellip;]<\/p>\n","protected":false},"author":3,"featured_media":0,"comment_status":"open","ping_status":"open","sticky":false,"template":"","format":"standard","meta":{"footnotes":""},"categories":[20],"tags":[],"class_list":["post-261280","post","type-post","status-publish","format-standard","hentry","category-dominicana-hoy"],"_links":{"self":[{"href":"https:\/\/diariodominicano.com\/index.php?rest_route=\/wp\/v2\/posts\/261280","targetHints":{"allow":["GET"]}}],"collection":[{"href":"https:\/\/diariodominicano.com\/index.php?rest_route=\/wp\/v2\/posts"}],"about":[{"href":"https:\/\/diariodominicano.com\/index.php?rest_route=\/wp\/v2\/types\/post"}],"author":[{"embeddable":true,"href":"https:\/\/diariodominicano.com\/index.php?rest_route=\/wp\/v2\/users\/3"}],"replies":[{"embeddable":true,"href":"https:\/\/diariodominicano.com\/index.php?rest_route=%2Fwp%2Fv2%2Fcomments&post=261280"}],"version-history":[{"count":0,"href":"https:\/\/diariodominicano.com\/index.php?rest_route=\/wp\/v2\/posts\/261280\/revisions"}],"wp:attachment":[{"href":"https:\/\/diariodominicano.com\/index.php?rest_route=%2Fwp%2Fv2%2Fmedia&parent=261280"}],"wp:term":[{"taxonomy":"category","embeddable":true,"href":"https:\/\/diariodominicano.com\/index.php?rest_route=%2Fwp%2Fv2%2Fcategories&post=261280"},{"taxonomy":"post_tag","embeddable":true,"href":"https:\/\/diariodominicano.com\/index.php?rest_route=%2Fwp%2Fv2%2Ftags&post=261280"}],"curies":[{"name":"wp","href":"https:\/\/api.w.org\/{rel}","templated":true}]}}