{"id":261276,"date":"2020-12-02T15:56:24","date_gmt":"2020-12-02T15:56:24","guid":{"rendered":"http:\/\/diariodominicano.ddns.net\/?p=261276"},"modified":"2020-12-02T15:56:24","modified_gmt":"2020-12-02T15:56:24","slug":"pleno-de-la-jce-solicita-a-la-camara-de-cuentas-audite-esa-institucion-cada-ano","status":"publish","type":"post","link":"https:\/\/diariodominicano.com\/?p=261276","title":{"rendered":"Pleno de la JCE solicita a la C\u00e1mara de Cuentas  audite esa instituci\u00f3n cada a\u00f1o"},"content":{"rendered":"<p><body><\/p>\n<p><img decoding=\"async\" src=\"http:\/\/localhost:8080\/img3\/jaquez jce.jpg\" \/>  <\/p>\n<p><strong>Diariodominicano.com<\/strong><\/p>\n<p><strong>Pleno de la JCE solicita a la C\u00e1mara de Cuentas audite esa instituci\u00f3n cada a\u00f1o<\/strong><\/p>\n<\/p>\n<p><strong>Santo Domingo.- E<\/strong>l pleno de la Junta Central Electoral (JCE), que preside el doctor Rom\u00e1n J\u00e1quez Liranzo, solicit\u00f3 al presidente de la C\u00e1mara de Cuentas de la Rep\u00fablica Dominicana, Hugo Francisco \u00c1lvarez P\u00e9rez, que las auditor\u00edas que se vayan a realizar a esta Instituci\u00f3n se lleven a cabo a\u00f1o por a\u00f1o, variando el viejo m\u00e9todo de acumular todo el tiempo de una gesti\u00f3n, para fiscalizarla cuando termina su per\u00edodo.<\/p>\n<\/p>\n<p>El requerimiento del \u00d3rgano Electoral y del Registro del Estado Civil surge a prop\u00f3sito de una misiva que enviara a la C\u00e1mara de Cuentas, el anterior presidente de la JCE Julio C\u00e9sar Casta\u00f1os Guzm\u00e1n, el pasado 03 de agosto, en la que solicitaba una auditor\u00eda de su gesti\u00f3n desde el 26 de noviembre del 2016 hasta el 3 de agosto del 2020.<\/p>\n<\/p>\n<p>Sin embargo, el presidente de la C\u00e1mara de Cuenta extendi\u00f3 el per\u00edodo a investigar hasta el 31 de diciembre de este a\u00f1o.<\/p>\n<\/p>\n<p>Tras mostrarse de acuerdo con esta decisi\u00f3n de la C\u00e1mara de Cuentas, el pleno de la JCE solicit\u00f3 que esa auditor\u00eda se haga en tiempo inmediato y con car\u00e1cter prioritario.<\/p>\n<\/p>\n<p>\u00abEn adici\u00f3n a lo antes solicitado, le informamos que es una decisi\u00f3n del pleno que, a partir del a\u00f1o 2021, la Junta Central Electoral sea auditada anualmente, para lo cual solicitaremos la debida aprobaci\u00f3n de esa C\u00e1mara de Cuentas\u00bb, explica la misiva del pleno de la JCE, firmada por su presidente J\u00e1quez Liranzo.<\/p>\n<\/p>\n<p>La carta est\u00e1 fechada el 30 de noviembre y recibida por secretar\u00eda en la C\u00e1mara de Cuentas el 02 de diciembre.<\/p>\n<\/p>\n<p>Departamento de Comunicaciones<\/p>\n<p>02 de diciembre del 2020<\/p>\n<\/p>\n<\/p>\n<h6> 2020-12-02 15:56:24 <\/h6>\n<p><!--\n<link rel=\"stylesheet\" href=\"css\/bootstrap.min.css\">\n\n\n<ul class=\"pagination\">\n\t    \n\t\n\n<li >\n\t<a href='?page_no=159'>Previous<\/a>\n\t<\/li>\n\n\n       \n    \n\n<li><a href='?page_no=1'>1<\/a><\/li>\n\n\n\n<li><a href='?page_no=2'>2<\/a><\/li>\n\n\n\n<li><a>...<\/a><\/li>\n\n\n\n<li><a href='?page_no=158'>158<\/a><\/li>\n\n\n\n<li><a href='?page_no=159'>159<\/a><\/li>\n\n\n\n<li class='active'><a>160<\/a><\/li>\n\n\n\n<li><a href='?page_no=161'>161<\/a><\/li>\n\n\n\n<li><a href='?page_no=162'>162<\/a><\/li>\n\n\n\n<li><a>...<\/a><\/li>\n\n\n\n<li><a href='?page_no=181'>181<\/a><\/li>\n\n\n\n<li><a href='?page_no=182'>182<\/a><\/li>\n\n    \n\t\n\n<li >\n\t<a href='?page_no=161'>Next<\/a>\n\t<\/li>\n\n\n    \n\n<li><a href='?page_no=182'>Last &rsaquo;&rsaquo;<\/a><\/li>\n\n<\/ul>\n\n\n--><br \/>\n<\/body><\/p>\n","protected":false},"excerpt":{"rendered":"<p>Diariodominicano.com Pleno de la JCE solicita a la C\u00e1mara de Cuentas audite esa instituci\u00f3n cada a\u00f1o Santo Domingo.- El pleno de la Junta Central Electoral (JCE), que preside el doctor Rom\u00e1n J\u00e1quez Liranzo, solicit\u00f3 al presidente de la C\u00e1mara de Cuentas de la Rep\u00fablica Dominicana, Hugo Francisco \u00c1lvarez P\u00e9rez, que las auditor\u00edas que se vayan [&hellip;]<\/p>\n","protected":false},"author":3,"featured_media":0,"comment_status":"open","ping_status":"open","sticky":false,"template":"","format":"standard","meta":{"footnotes":""},"categories":[20],"tags":[],"class_list":["post-261276","post","type-post","status-publish","format-standard","hentry","category-dominicana-hoy"],"_links":{"self":[{"href":"https:\/\/diariodominicano.com\/index.php?rest_route=\/wp\/v2\/posts\/261276","targetHints":{"allow":["GET"]}}],"collection":[{"href":"https:\/\/diariodominicano.com\/index.php?rest_route=\/wp\/v2\/posts"}],"about":[{"href":"https:\/\/diariodominicano.com\/index.php?rest_route=\/wp\/v2\/types\/post"}],"author":[{"embeddable":true,"href":"https:\/\/diariodominicano.com\/index.php?rest_route=\/wp\/v2\/users\/3"}],"replies":[{"embeddable":true,"href":"https:\/\/diariodominicano.com\/index.php?rest_route=%2Fwp%2Fv2%2Fcomments&post=261276"}],"version-history":[{"count":0,"href":"https:\/\/diariodominicano.com\/index.php?rest_route=\/wp\/v2\/posts\/261276\/revisions"}],"wp:attachment":[{"href":"https:\/\/diariodominicano.com\/index.php?rest_route=%2Fwp%2Fv2%2Fmedia&parent=261276"}],"wp:term":[{"taxonomy":"category","embeddable":true,"href":"https:\/\/diariodominicano.com\/index.php?rest_route=%2Fwp%2Fv2%2Fcategories&post=261276"},{"taxonomy":"post_tag","embeddable":true,"href":"https:\/\/diariodominicano.com\/index.php?rest_route=%2Fwp%2Fv2%2Ftags&post=261276"}],"curies":[{"name":"wp","href":"https:\/\/api.w.org\/{rel}","templated":true}]}}