{"id":261273,"date":"2020-12-02T20:07:04","date_gmt":"2020-12-02T20:07:04","guid":{"rendered":"http:\/\/diariodominicano.ddns.net\/?p=261273"},"modified":"2020-12-02T20:07:04","modified_gmt":"2020-12-02T20:07:04","slug":"presidente-abinader-recibe-cartas-credenciales-embajadores-de-panama-y-turquia","status":"publish","type":"post","link":"https:\/\/diariodominicano.com\/?p=261273","title":{"rendered":"Presidente Abinader recibe cartas credenciales embajadores de Panam\u00e1 y Turqu\u00eda"},"content":{"rendered":"<p><body><\/p>\n<p><img decoding=\"async\" src=\"http:\/\/localhost:8080\/img3\/Pte-embajadores2-12-20.jpeg\" \/>  <\/p>\n<p><span class=\"text1noticias\">diariodominicano.com<\/span><\/p>\n<p><span class=\"text1noticias\"> <\/span><\/p>\n<p><span class=\"text1noticias\">Santo Domingo, R. D., 2 de diciembre, 2020.- El Presidente Luis Abinader recibi\u00f3 este mi\u00e9rcoles las cartas credenciales de dos nuevos embajadores designados por sus Estados para representarlos en la Rep\u00fablica Dominicana.<\/span><\/p>\n<p><span class=\"text1noticias\"> <\/span><\/p>\n<p><span class=\"text1noticias\">En compa\u00f1\u00eda del Canciller Roberto \u00c1lvarez, y la vicepresidenta, Raquel Pe\u00f1a, el mandatario recibi\u00f3 la acreditaci\u00f3n diplom\u00e1tica de los embajadores de las rep\u00fablicas de Panam\u00e1, Pablo Javier P\u00e9rez Campos y de Turqu\u00eda, Yesim Kebapcioglu.<\/span><\/p>\n<p><span class=\"text1noticias\"> <\/span><\/p>\n<p><span class=\"text1noticias\">Antes de llegar a la Rep\u00fablica Dominicana, el nuevo embajador de Panam\u00e1, se desempe\u00f1aba como asesor legal de la Asamblea Nacional de su pa\u00eds, y m\u00e1s recientemente, fung\u00eda como abogado litigante en el Sistema Penal Acusatorio y Garantista.<\/span><\/p>\n<p><span class=\"text1noticias\"> <\/span><\/p>\n<p><span class=\"text1noticias\">Tambi\u00e9n fue presidente de la Comisi\u00f3n Jur\u00eddica y de Asuntos Comunitarios del Parlamento Centroamericano (Parlacen) en el per\u00edodo 2011-2012.<\/span><\/p>\n<p><span class=\"text1noticias\"> <\/span><\/p>\n<p><span class=\"text1noticias\">Mientras que la representante turca trabajaba en la oficina del asesor jefe de Asuntos Exteriores del presidente de la Gran Asamblea Nacional de Turqu\u00eda, como Ministra Plenipotenciaria y directora general adjunta.<\/span><\/p>\n<p><span class=\"text1noticias\"> <\/span><\/p>\n<p><span class=\"text1noticias\">En el acto, celebrado en el Sal\u00f3n de Embajadores del Palacio Nacional, tambi\u00e9n participaron el embajador Francisco Jos\u00e9 Cantizano Nadal, director de Ceremonial de Estado y Protocolo de la Canciller\u00eda, y su hom\u00f3loga en la Casa de Gobierno, Gabriela Her<\/span>rera.<\/p>\n<\/p>\n<p><span class=\"text1noticias\">Fuente: Presidencia de la Rep\u00fablica Dominicana<\/span><\/p>\n<p><span class=\"text1noticias\">Noticias<\/span><\/p>\n<\/p>\n<h6> 2020-12-02 20:07:04 <\/h6>\n<p><!--\n<link rel=\"stylesheet\" href=\"css\/bootstrap.min.css\">\n\n\n<ul class=\"pagination\">\n\t    \n\t\n\n<li >\n\t<a href='?page_no=157'>Previous<\/a>\n\t<\/li>\n\n\n       \n    \n\n<li><a href='?page_no=1'>1<\/a><\/li>\n\n\n\n<li><a href='?page_no=2'>2<\/a><\/li>\n\n\n\n<li><a>...<\/a><\/li>\n\n\n\n<li><a href='?page_no=156'>156<\/a><\/li>\n\n\n\n<li><a href='?page_no=157'>157<\/a><\/li>\n\n\n\n<li class='active'><a>158<\/a><\/li>\n\n\n\n<li><a href='?page_no=159'>159<\/a><\/li>\n\n\n\n<li><a href='?page_no=160'>160<\/a><\/li>\n\n\n\n<li><a>...<\/a><\/li>\n\n\n\n<li><a href='?page_no=181'>181<\/a><\/li>\n\n\n\n<li><a href='?page_no=182'>182<\/a><\/li>\n\n    \n\t\n\n<li >\n\t<a href='?page_no=159'>Next<\/a>\n\t<\/li>\n\n\n    \n\n<li><a href='?page_no=182'>Last &rsaquo;&rsaquo;<\/a><\/li>\n\n<\/ul>\n\n\n--><br \/>\n<\/body><\/p>\n","protected":false},"excerpt":{"rendered":"<p>diariodominicano.com Santo Domingo, R. D., 2 de diciembre, 2020.- El Presidente Luis Abinader recibi\u00f3 este mi\u00e9rcoles las cartas credenciales de dos nuevos embajadores designados por sus Estados para representarlos en la Rep\u00fablica Dominicana. En compa\u00f1\u00eda del Canciller Roberto \u00c1lvarez, y la vicepresidenta, Raquel Pe\u00f1a, el mandatario recibi\u00f3 la acreditaci\u00f3n diplom\u00e1tica de los embajadores de las [&hellip;]<\/p>\n","protected":false},"author":3,"featured_media":0,"comment_status":"open","ping_status":"open","sticky":false,"template":"","format":"standard","meta":{"footnotes":""},"categories":[20],"tags":[],"class_list":["post-261273","post","type-post","status-publish","format-standard","hentry","category-dominicana-hoy"],"_links":{"self":[{"href":"https:\/\/diariodominicano.com\/index.php?rest_route=\/wp\/v2\/posts\/261273","targetHints":{"allow":["GET"]}}],"collection":[{"href":"https:\/\/diariodominicano.com\/index.php?rest_route=\/wp\/v2\/posts"}],"about":[{"href":"https:\/\/diariodominicano.com\/index.php?rest_route=\/wp\/v2\/types\/post"}],"author":[{"embeddable":true,"href":"https:\/\/diariodominicano.com\/index.php?rest_route=\/wp\/v2\/users\/3"}],"replies":[{"embeddable":true,"href":"https:\/\/diariodominicano.com\/index.php?rest_route=%2Fwp%2Fv2%2Fcomments&post=261273"}],"version-history":[{"count":0,"href":"https:\/\/diariodominicano.com\/index.php?rest_route=\/wp\/v2\/posts\/261273\/revisions"}],"wp:attachment":[{"href":"https:\/\/diariodominicano.com\/index.php?rest_route=%2Fwp%2Fv2%2Fmedia&parent=261273"}],"wp:term":[{"taxonomy":"category","embeddable":true,"href":"https:\/\/diariodominicano.com\/index.php?rest_route=%2Fwp%2Fv2%2Fcategories&post=261273"},{"taxonomy":"post_tag","embeddable":true,"href":"https:\/\/diariodominicano.com\/index.php?rest_route=%2Fwp%2Fv2%2Ftags&post=261273"}],"curies":[{"name":"wp","href":"https:\/\/api.w.org\/{rel}","templated":true}]}}