{"id":261272,"date":"2020-12-02T22:03:11","date_gmt":"2020-12-02T22:03:11","guid":{"rendered":"http:\/\/diariodominicano.ddns.net\/?p=261272"},"modified":"2020-12-02T22:03:11","modified_gmt":"2020-12-02T22:03:11","slug":"gobierno-entrega-rd128-millones-para-obras-en-monte-plata-hato-mayor-y-azua","status":"publish","type":"post","link":"https:\/\/diariodominicano.com\/?p=261272","title":{"rendered":"Gobierno entrega RD$128 millones para obras en Monte Plata, Hato Mayor y Azua"},"content":{"rendered":"<p><body><\/p>\n<p><img decoding=\"async\" src=\"http:\/\/localhost:8080\/img3\/Paliza2-12-20.jpeg\" \/>  <\/p>\n<p><span class=\"text1noticias\">diariodominicano.com<\/span><\/p>\n<p><span class=\"text1noticias\"> <\/span><\/p>\n<p><span class=\"text1noticias\">Monte Plata, R. D., 2 de diciembre.- Como parte del plan del Gobierno dominicano de desarrollar una pol\u00edtica de impacto a la municipalidad, el ministro Administrativo de la Presidencia (MAPRE), Jos\u00e9 Ignacio Paliza, entreg\u00f3 certificaciones de desembolso por un monto superior a los 128 millones de pesos, para apoyar a las provincias de Monte Plata, Hato Mayor y Azua.<\/span><\/p>\n<p><span class=\"text1noticias\"> <\/span><\/p>\n<p><span class=\"text1noticias\">Paliza precis\u00f3 que esta acci\u00f3n se da en virtud de las iniciativas de los senadores Len\u00edn Valdez, Crist\u00f3bal Castillo y L\u00eda D\u00edaz, quienes hab\u00edan solicitado auxilio directo para sus comunidades previo a la navidad tras ser afectadas por la tormenta Laura en agosto pasado. <\/span><\/p>\n<p><span class=\"text1noticias\"> <\/span><\/p>\n<p><span class=\"text1noticias\">Los m\u00e1s de 128 millones de pesos que en conjunto recibir\u00e1n las tres demarcaciones, estar\u00e1n destinados a las siguientes instituciones: Instituto Nacional de la Vivienda (INVI), Plan de Asistencia Social de la Presidencia (PASP), Programa de Medicamentos Esenciales\/Central de Apoyo Log\u00edstico (PROMESE\/CAL), Instituto de Estabilizaci\u00f3n de Precios (INESPRE); adem\u00e1s de las alcald\u00edas y gobernaciones de cada zona.<\/span><\/p>\n<p><span class=\"text1noticias\"> <\/span><\/p>\n<p><span class=\"text1noticias\">El ministro dej\u00f3 claro que para esta gesti\u00f3n no existen colores, y que todas las localidades que puedan necesitar un apoyo de manera especial lo tendr\u00e1n; \u00abnosotros no tenemos colores, los procesos pol\u00edticos acabaron, ahora son los colores de la patria que deben ser los que nos convocan\u00bb, agreg\u00f3.<\/span><\/p>\n<p><span class=\"text1noticias\"> <\/span><\/p>\n<p><span class=\"text1noticias\">En su visita a la provincia de Monte Plata, el funcionario anunci\u00f3 adem\u00e1s la entrega de recursos adicionales a distintos ayuntamientos para la intervenci\u00f3n de obras de infraestructura.<\/span><\/p>\n<p><span class=\"text1noticias\"> <\/span><\/p>\n<p><span class=\"text1noticias\">En ese sentido, al Ayuntamiento de Peralvillo le ser\u00e1n desembolsados 8 millones de pesos para la compra de los terrenos donde se levantar\u00e1 el parque municipal; la comunidad de Don Juan recibe 15 millones 619 mil pesos para la construcci\u00f3n de su Palacio Municipal.<\/span><\/p>\n<p><span class=\"text1noticias\"> <\/span><\/p>\n<p><span class=\"text1noticias\">As\u00ed tambi\u00e9n, a la alcald\u00eda de Yamas\u00e1 se le entreg\u00f3 una certificaci\u00f3n de desembolso de 4 millones 700 mil pesos para la intervenci\u00f3n de su mercado.<\/span><\/p>\n<p><span class=\"text1noticias\"> <\/span><\/p>\n<p><span class=\"text1noticias\"> <\/span><\/p>\n<p><span class=\"text1noticias\"> <\/span><\/p>\n<p><span class=\"text1noticias\">El ministro Administrativo design\u00f3 a las gobernadoras de las provincias antes citadas, como las encargadas de supervisar y fiscalizar junto a otras entidades estatales el uso de los fondos entregados. <\/span><\/p>\n<p><span class=\"text1noticias\"> <\/span><\/p>\n<p><span class=\"text1noticias\">Al concluir sus palabras, el ministro Paliza manifest\u00f3 su regocijo de haber vuelto a la provincia con acciones de soluci\u00f3n.<\/span><\/p>\n<p><span class=\"text1noticias\"> <\/span><\/p>\n<p><span class=\"text1noticias\">Jos\u00e9 Ignacio Paliza estuvo acompa\u00f1ado del viceministro de Gobierno y Sociedad del MAPRE, Andr\u00e9s Lugo y Ernesto Bournigal, Director de Gabinete; adem\u00e1s \u00c1ngel de la Cruz, director de la Comisi\u00f3n Presidencial de Desarrollo Provincial.<\/span><\/p>\n<p><span class=\"text1noticias\"> <\/span><\/p>\n<p><span class=\"text1noticias\">En el acto estuvieron presentes, las gobernadoras Rafaela Javier Gomera y Julia V\u00e1squez, de Monte Plata y Hato Mayor respectivamente, as\u00ed tambi\u00e9n como los alcaldes de los distinto<\/span>s municipios.<\/p>\n<\/p>\n<p><span class=\"text1noticias\">Fuente: Presidencia de la Rep\u00fablica Dominicana<\/span><\/p>\n<p><span class=\"text1noticias\">Noticias<\/span><\/p>\n<\/p>\n<h6> 2020-12-02 22:03:11 <\/h6>\n<p><!--\n<link rel=\"stylesheet\" href=\"css\/bootstrap.min.css\">\n\n\n<ul class=\"pagination\">\n\t    \n\t\n\n<li >\n\t<a href='?page_no=156'>Previous<\/a>\n\t<\/li>\n\n\n       \n    \n\n<li><a href='?page_no=1'>1<\/a><\/li>\n\n\n\n<li><a href='?page_no=2'>2<\/a><\/li>\n\n\n\n<li><a>...<\/a><\/li>\n\n\n\n<li><a href='?page_no=155'>155<\/a><\/li>\n\n\n\n<li><a href='?page_no=156'>156<\/a><\/li>\n\n\n\n<li class='active'><a>157<\/a><\/li>\n\n\n\n<li><a href='?page_no=158'>158<\/a><\/li>\n\n\n\n<li><a href='?page_no=159'>159<\/a><\/li>\n\n\n\n<li><a>...<\/a><\/li>\n\n\n\n<li><a href='?page_no=181'>181<\/a><\/li>\n\n\n\n<li><a href='?page_no=182'>182<\/a><\/li>\n\n    \n\t\n\n<li >\n\t<a href='?page_no=158'>Next<\/a>\n\t<\/li>\n\n\n    \n\n<li><a href='?page_no=182'>Last &rsaquo;&rsaquo;<\/a><\/li>\n\n<\/ul>\n\n\n--><br \/>\n<\/body><\/p>\n","protected":false},"excerpt":{"rendered":"<p>diariodominicano.com Monte Plata, R. D., 2 de diciembre.- Como parte del plan del Gobierno dominicano de desarrollar una pol\u00edtica de impacto a la municipalidad, el ministro Administrativo de la Presidencia (MAPRE), Jos\u00e9 Ignacio Paliza, entreg\u00f3 certificaciones de desembolso por un monto superior a los 128 millones de pesos, para apoyar a las provincias de Monte [&hellip;]<\/p>\n","protected":false},"author":3,"featured_media":0,"comment_status":"open","ping_status":"open","sticky":false,"template":"","format":"standard","meta":{"footnotes":""},"categories":[20],"tags":[],"class_list":["post-261272","post","type-post","status-publish","format-standard","hentry","category-dominicana-hoy"],"_links":{"self":[{"href":"https:\/\/diariodominicano.com\/index.php?rest_route=\/wp\/v2\/posts\/261272","targetHints":{"allow":["GET"]}}],"collection":[{"href":"https:\/\/diariodominicano.com\/index.php?rest_route=\/wp\/v2\/posts"}],"about":[{"href":"https:\/\/diariodominicano.com\/index.php?rest_route=\/wp\/v2\/types\/post"}],"author":[{"embeddable":true,"href":"https:\/\/diariodominicano.com\/index.php?rest_route=\/wp\/v2\/users\/3"}],"replies":[{"embeddable":true,"href":"https:\/\/diariodominicano.com\/index.php?rest_route=%2Fwp%2Fv2%2Fcomments&post=261272"}],"version-history":[{"count":0,"href":"https:\/\/diariodominicano.com\/index.php?rest_route=\/wp\/v2\/posts\/261272\/revisions"}],"wp:attachment":[{"href":"https:\/\/diariodominicano.com\/index.php?rest_route=%2Fwp%2Fv2%2Fmedia&parent=261272"}],"wp:term":[{"taxonomy":"category","embeddable":true,"href":"https:\/\/diariodominicano.com\/index.php?rest_route=%2Fwp%2Fv2%2Fcategories&post=261272"},{"taxonomy":"post_tag","embeddable":true,"href":"https:\/\/diariodominicano.com\/index.php?rest_route=%2Fwp%2Fv2%2Ftags&post=261272"}],"curies":[{"name":"wp","href":"https:\/\/api.w.org\/{rel}","templated":true}]}}