{"id":261270,"date":"2020-12-03T11:00:30","date_gmt":"2020-12-03T11:00:30","guid":{"rendered":"http:\/\/diariodominicano.ddns.net\/?p=261270"},"modified":"2020-12-03T11:00:30","modified_gmt":"2020-12-03T11:00:30","slug":"ministerio-de-salud-fortalecera-acciones-para-inclusion-accesibilidad-y-sensibilizacion-hacia-las-personas-con-discapacidad","status":"publish","type":"post","link":"https:\/\/diariodominicano.com\/?p=261270","title":{"rendered":"Ministerio de Salud fortalecer\u00e1 acciones para inclusi\u00f3n, accesibilidad y sensibilizaci\u00f3n hacia las personas con discapacidad"},"content":{"rendered":"<p><body><\/p>\n<p><img decoding=\"async\" src=\"http:\/\/localhost:8080\/img3\/dir-rehabilita3-12-20.jpg\" \/>  <\/p>\n<p><span class=\"text1noticias\">diariodominicano.com<\/span><\/p>\n<p><span class=\"text1noticias\"> <\/span><\/p>\n<p><span class=\"text1noticias\">Santo Domingo, R. D., 3 de diciembre, 2020.- Con el objetivo de sensibilizar a la poblaci\u00f3n sobre los derechos de las personas con alg\u00fan tipo de discapacidad, el Ministerio de Salud fortalecer\u00e1 las acciones para garantizar la inclusi\u00f3n y accesibilidad para personas que viven con alg\u00fan tipo de discapacidad.<\/span><\/p>\n<p><span class=\"text1noticias\"> <\/span><\/p>\n<p><span class=\"text1noticias\">Al conmemorase este 3 de diciembre el \u00a8D\u00eda Internacional de las Personas con Discapacidad\u00a8 el director de la Nacional de Rehabilitaci\u00f3n (DNR), del Ministerio de Salud, Di\u00f3genes Lantigua consider\u00f3 que este d\u00eda es un llamado a la atenci\u00f3n para crear conciencia en la poblaci\u00f3n sobre la importancia de los derechos de las personas con discapacidad.<\/span><\/p>\n<p><span class=\"text1noticias\"> <\/span><\/p>\n<p><span class=\"text1noticias\">As\u00ed como promover la suma de voluntades para garantizar la efectiva inclusi\u00f3n, integraci\u00f3n y participaci\u00f3n de esta poblaci\u00f3n, para el pleno ejercicio de sus derechos que los condicionan como seres humanos. El funcionario inform\u00f3 adem\u00e1s, que ante la situaci\u00f3n de pandemia en la que se encuentra el mundo la poblaci\u00f3n con discapacidad ha experimentado barreras para acceder a la atenci\u00f3n sanitaria.<\/span><\/p>\n<p><span class=\"text1noticias\"> <\/span><\/p>\n<p><span class=\"text1noticias\">\u00abDesde esta direcci\u00f3n continuaremos trabajando para crear conciencia sobre el respeto a la dignidad inherente a la condici\u00f3n humana y a la no discriminaci\u00f3n, la solidaridad, la participaci\u00f3n y la accesibilidad de las personas con discapacidad que se han visto impactadas por la situaci\u00f3n de la COVID-19, teniendo consecuencias directas sobre esta poblaci\u00f3n vulnerable \u00abexpres\u00f3.<\/span><\/p>\n<p><span class=\"text1noticias\"> <\/span><\/p>\n<p><span class=\"text1noticias\">Indico que muchas veces los mismos familiares, por su proteccionismo, limitan su libre participaci\u00f3n en las actividades y ejercicio del reclamo de sus derechos y la ejecuci\u00f3n del reclamo de sus derechos que provocan un agravamiento m\u00e1s a las dificultades que mantienen, ya de por si las personas con discapacidad\u00bb.<\/span><\/p>\n<p><span class=\"text1noticias\"> <\/span><\/p>\n<p><span class=\"text1noticias\">Este a\u00f1o, el lema establecido por la Organizaci\u00f3n Panamericana de la Salud (OPS) es \u00abUn d\u00eda para todos\u00bb, el objetivo es promover la aceptaci\u00f3n de la discapacidad como parte de la condici\u00f3n humana.<\/span><\/p>\n<p><span class=\"text1noticias\"> <\/span><\/p>\n<p><span class=\"text1noticias\">Estad\u00edsticas en la Rep\u00fablica Dominicana<\/span><\/p>\n<p><span class=\"text1noticias\"> <\/span><\/p>\n<p><span class=\"text1noticias\">Seg\u00fan las estad\u00edsticas generales alrededor del 12.3% de la poblaci\u00f3n sufre alg\u00fan tipo de discapacidad para un total de 1.160.847. El 56.3 por ciento de las personas con discapacidad son mujeres y el 43.7 por ciento hombres. Por cada 5 viviendas en la Rep\u00fablica Dominicana, seg\u00fan la encuesta ENHOGAR, existe una persona que padece alg\u00fan tipo de discapacidad.<\/span><\/p>\n<p><span class=\"text1noticias\"> <\/span><\/p>\n<p><span class=\"text1noticias\">Fuente: Direcci\u00f3n de Comunicaci\u00f3n Es<\/span>trat\u00e9gica<\/p>\n<\/p>\n<p><span class=\"text1noticias\">Santo Domingo, 3 de diciembre de 2020<\/span><\/p>\n<h6> 2020-12-03 11:00:30 <\/h6>\n<p><!--\n<link rel=\"stylesheet\" href=\"css\/bootstrap.min.css\">\n\n\n<ul class=\"pagination\">\n\t    \n\t\n\n<li >\n\t<a href='?page_no=154'>Previous<\/a>\n\t<\/li>\n\n\n       \n    \n\n<li><a href='?page_no=1'>1<\/a><\/li>\n\n\n\n<li><a href='?page_no=2'>2<\/a><\/li>\n\n\n\n<li><a>...<\/a><\/li>\n\n\n\n<li><a href='?page_no=153'>153<\/a><\/li>\n\n\n\n<li><a href='?page_no=154'>154<\/a><\/li>\n\n\n\n<li class='active'><a>155<\/a><\/li>\n\n\n\n<li><a href='?page_no=156'>156<\/a><\/li>\n\n\n\n<li><a href='?page_no=157'>157<\/a><\/li>\n\n\n\n<li><a>...<\/a><\/li>\n\n\n\n<li><a href='?page_no=181'>181<\/a><\/li>\n\n\n\n<li><a href='?page_no=182'>182<\/a><\/li>\n\n    \n\t\n\n<li >\n\t<a href='?page_no=156'>Next<\/a>\n\t<\/li>\n\n\n    \n\n<li><a href='?page_no=182'>Last &rsaquo;&rsaquo;<\/a><\/li>\n\n<\/ul>\n\n\n--><br \/>\n<\/body><\/p>\n","protected":false},"excerpt":{"rendered":"<p>diariodominicano.com Santo Domingo, R. D., 3 de diciembre, 2020.- Con el objetivo de sensibilizar a la poblaci\u00f3n sobre los derechos de las personas con alg\u00fan tipo de discapacidad, el Ministerio de Salud fortalecer\u00e1 las acciones para garantizar la inclusi\u00f3n y accesibilidad para personas que viven con alg\u00fan tipo de discapacidad. Al conmemorase este 3 de [&hellip;]<\/p>\n","protected":false},"author":3,"featured_media":0,"comment_status":"open","ping_status":"open","sticky":false,"template":"","format":"standard","meta":{"footnotes":""},"categories":[20],"tags":[],"class_list":["post-261270","post","type-post","status-publish","format-standard","hentry","category-dominicana-hoy"],"_links":{"self":[{"href":"https:\/\/diariodominicano.com\/index.php?rest_route=\/wp\/v2\/posts\/261270","targetHints":{"allow":["GET"]}}],"collection":[{"href":"https:\/\/diariodominicano.com\/index.php?rest_route=\/wp\/v2\/posts"}],"about":[{"href":"https:\/\/diariodominicano.com\/index.php?rest_route=\/wp\/v2\/types\/post"}],"author":[{"embeddable":true,"href":"https:\/\/diariodominicano.com\/index.php?rest_route=\/wp\/v2\/users\/3"}],"replies":[{"embeddable":true,"href":"https:\/\/diariodominicano.com\/index.php?rest_route=%2Fwp%2Fv2%2Fcomments&post=261270"}],"version-history":[{"count":0,"href":"https:\/\/diariodominicano.com\/index.php?rest_route=\/wp\/v2\/posts\/261270\/revisions"}],"wp:attachment":[{"href":"https:\/\/diariodominicano.com\/index.php?rest_route=%2Fwp%2Fv2%2Fmedia&parent=261270"}],"wp:term":[{"taxonomy":"category","embeddable":true,"href":"https:\/\/diariodominicano.com\/index.php?rest_route=%2Fwp%2Fv2%2Fcategories&post=261270"},{"taxonomy":"post_tag","embeddable":true,"href":"https:\/\/diariodominicano.com\/index.php?rest_route=%2Fwp%2Fv2%2Ftags&post=261270"}],"curies":[{"name":"wp","href":"https:\/\/api.w.org\/{rel}","templated":true}]}}