{"id":261269,"date":"2020-12-03T23:07:21","date_gmt":"2020-12-03T23:07:21","guid":{"rendered":"http:\/\/diariodominicano.ddns.net\/?p=261269"},"modified":"2020-12-03T23:07:21","modified_gmt":"2020-12-03T23:07:21","slug":"presidente-abinader-dispone-posponer-sesion-cnm-por-prudencia-a-solicitud-de-miembro-del-pld","status":"publish","type":"post","link":"https:\/\/diariodominicano.com\/?p=261269","title":{"rendered":"Presidente Abinader dispone posponer sesi\u00f3n CNM por prudencia, a solicitud de miembro del PLD"},"content":{"rendered":"<p><body><\/p>\n<p><img decoding=\"async\" src=\"http:\/\/localhost:8080\/img3\/PresidenteCNM3-12-20.jpg\" \/>  <\/p>\n<p><span class=\"text1noticias\">diariodominicano.com<\/span><\/p>\n<p><span class=\"text1noticias\"> <\/span><\/p>\n<p><span class=\"text1noticias\">Santo Domingo, R. D., 3 de diciembre, 2020.- El presidente Luis Abinader decidi\u00f3, por prudencia y en respeto a la solicitud que formul\u00f3 el consejero V\u00edctor Fadul, del Partido de la Liberaci\u00f3n Dominicana (PLD), aplazar la primera sesi\u00f3n del Consejo Nacional Magistratura (CNM).<\/span><\/p>\n<p><span class=\"text1noticias\"> <\/span><\/p>\n<p><span class=\"text1noticias\">\u00abEl se\u00f1or presidente decidi\u00f3 por prudencia, y en respeto a la solicitud que formul\u00f3 el consejero V\u00edctor Fadul, aplazar la reuni\u00f3n para la semana que viene\u00bb, inform\u00f3 el Consultor Jur\u00eddico del Poder Ejecutivo durante una rueda de prensa en el Sal\u00f3n de Embajadores del Palacio Nacional.<\/span><\/p>\n<p><span class=\"text1noticias\"> <\/span><\/p>\n<p><span class=\"text1noticias\">Antoliano Peralta Romero explic\u00f3 que Fadul solicit\u00f3 el aplazamiento de la sesi\u00f3n en raz\u00f3n de que el PLD introdujo una acci\u00f3n judicial y habr\u00eda que esperar que el Tribunal Constitucional decida al respecto.<\/span><\/p>\n<p><span class=\"text1noticias\"> <\/span><\/p>\n<p><span class=\"text1noticias\">Peralta indic\u00f3 que el presidente Abinader convocar\u00e1 este viernes la reuni\u00f3n CNM para la pr\u00f3xima semana, dentro del plazo de los cinco d\u00edas que establece la ley.<\/span><\/p>\n<p><span class=\"text1noticias\"> <\/span><\/p>\n<p><span class=\"text1noticias\">Precis\u00f3 que, para una segunda convocatoria, la sesi\u00f3n queda v\u00e1lidamente convocada con la participaci\u00f3n de seis miembros.<\/span><\/p>\n<p><span class=\"text1noticias\"> <\/span><\/p>\n<p><span class=\"text1noticias\">A la reuni\u00f3n asistieron conforme el art\u00edculo 178 de la Constituci\u00f3n, el presidente Luis Abinader, quien preside el CNM; los presidentes de las C\u00e1maras Legislativas Eduardo Estrella, del Senado y Alfredo Pacheco de la C\u00e1mara de Diputados; el presidente de la Suprema Corte de Justicia, Luis Henry Molina y la Procuradora General de la Rep\u00fablica, Miriam Germ\u00e1n Brito.<\/span><\/p>\n<p><span class=\"text1noticias\"> <\/span><\/p>\n<p><span class=\"text1noticias\">Igualmente, el senador por la provincia Hermanas Mirabal, Bautista Rojas G\u00f3mez; el diputado de la provincia Santiago, V\u00edctor Fadul y la juez de la Suprema Corte de Justicia, Magda Nancy Salcedo Fern\u00e1ndez, quien fungir\u00e1 como secretaria en las sesiones del CNM.<\/span><\/p>\n<p><span class=\"text1noticias\"> <\/span><\/p>\n<p><span class=\"text1noticias\">Las labores del CNM incluyen evaluar a los aspirantes a jueces para el Tribunal Constitucional y sustituir cuatro de sus miembros por concluir el per\u00edodo para el que fueron escogidos, as\u00ed como evaluar el desempe\u00f1o de uno de los jueces de la Suprema Corte de Justicia, por conclusi\u00f3n del per\u00edodo para el que fue escogido y completar la matr\u00edcula del Tribunal Superior Electoral de conformidad con la ley.<\/span><\/p>\n<p><span class=\"text1noticias\"> <\/span><\/p>\n<p><span class=\"text1noticias\">La primera sesi\u00f3n se inici\u00f3 con la presencia de los ocho integrantes del CNM, adem\u00e1s de la vicepresidenta Raquel Pena y el consultor jur\u00eddico del Poder Ejecutivo Antoliano Peralta Romero, pero fue aplazada para la pr\u00f3xima semana debido a una solicitud de \u00abprudencia\u00bb del presidente Luis Abinader, luego de que el representante del PLD, diputado V\u00edctor Fadul, solicitara la suspensi\u00f3n de <\/span>la jornada.<\/p>\n<\/p>\n<p>Fuente: Presidencia de la Rep\u00fablica Dominicana<\/p>\n<p>Noticias<\/p>\n<h6> 2020-12-03 23:07:21 <\/h6>\n<p><!--\n<link rel=\"stylesheet\" href=\"css\/bootstrap.min.css\">\n\n\n<ul class=\"pagination\">\n\t    \n\t\n\n<li >\n\t<a href='?page_no=153'>Previous<\/a>\n\t<\/li>\n\n\n       \n    \n\n<li><a href='?page_no=1'>1<\/a><\/li>\n\n\n\n<li><a href='?page_no=2'>2<\/a><\/li>\n\n\n\n<li><a>...<\/a><\/li>\n\n\n\n<li><a href='?page_no=152'>152<\/a><\/li>\n\n\n\n<li><a href='?page_no=153'>153<\/a><\/li>\n\n\n\n<li class='active'><a>154<\/a><\/li>\n\n\n\n<li><a href='?page_no=155'>155<\/a><\/li>\n\n\n\n<li><a href='?page_no=156'>156<\/a><\/li>\n\n\n\n<li><a>...<\/a><\/li>\n\n\n\n<li><a href='?page_no=181'>181<\/a><\/li>\n\n\n\n<li><a href='?page_no=182'>182<\/a><\/li>\n\n    \n\t\n\n<li >\n\t<a href='?page_no=155'>Next<\/a>\n\t<\/li>\n\n\n    \n\n<li><a href='?page_no=182'>Last &rsaquo;&rsaquo;<\/a><\/li>\n\n<\/ul>\n\n\n--><br \/>\n<\/body><\/p>\n","protected":false},"excerpt":{"rendered":"<p>diariodominicano.com Santo Domingo, R. D., 3 de diciembre, 2020.- El presidente Luis Abinader decidi\u00f3, por prudencia y en respeto a la solicitud que formul\u00f3 el consejero V\u00edctor Fadul, del Partido de la Liberaci\u00f3n Dominicana (PLD), aplazar la primera sesi\u00f3n del Consejo Nacional Magistratura (CNM). \u00abEl se\u00f1or presidente decidi\u00f3 por prudencia, y en respeto a la [&hellip;]<\/p>\n","protected":false},"author":3,"featured_media":0,"comment_status":"open","ping_status":"open","sticky":false,"template":"","format":"standard","meta":{"footnotes":""},"categories":[20],"tags":[],"class_list":["post-261269","post","type-post","status-publish","format-standard","hentry","category-dominicana-hoy"],"_links":{"self":[{"href":"https:\/\/diariodominicano.com\/index.php?rest_route=\/wp\/v2\/posts\/261269","targetHints":{"allow":["GET"]}}],"collection":[{"href":"https:\/\/diariodominicano.com\/index.php?rest_route=\/wp\/v2\/posts"}],"about":[{"href":"https:\/\/diariodominicano.com\/index.php?rest_route=\/wp\/v2\/types\/post"}],"author":[{"embeddable":true,"href":"https:\/\/diariodominicano.com\/index.php?rest_route=\/wp\/v2\/users\/3"}],"replies":[{"embeddable":true,"href":"https:\/\/diariodominicano.com\/index.php?rest_route=%2Fwp%2Fv2%2Fcomments&post=261269"}],"version-history":[{"count":0,"href":"https:\/\/diariodominicano.com\/index.php?rest_route=\/wp\/v2\/posts\/261269\/revisions"}],"wp:attachment":[{"href":"https:\/\/diariodominicano.com\/index.php?rest_route=%2Fwp%2Fv2%2Fmedia&parent=261269"}],"wp:term":[{"taxonomy":"category","embeddable":true,"href":"https:\/\/diariodominicano.com\/index.php?rest_route=%2Fwp%2Fv2%2Fcategories&post=261269"},{"taxonomy":"post_tag","embeddable":true,"href":"https:\/\/diariodominicano.com\/index.php?rest_route=%2Fwp%2Fv2%2Ftags&post=261269"}],"curies":[{"name":"wp","href":"https:\/\/api.w.org\/{rel}","templated":true}]}}