{"id":261268,"date":"2020-12-03T23:30:12","date_gmt":"2020-12-03T23:30:12","guid":{"rendered":"http:\/\/diariodominicano.ddns.net\/?p=261268"},"modified":"2020-12-03T23:30:12","modified_gmt":"2020-12-03T23:30:12","slug":"presidente-abinader-se-reune-con-productores-de-arroz","status":"publish","type":"post","link":"https:\/\/diariodominicano.com\/?p=261268","title":{"rendered":"Presidente Abinader se re\u00fane con productores de arroz"},"content":{"rendered":"<p><body><\/p>\n<p><img decoding=\"async\" src=\"http:\/\/localhost:8080\/img3\/Abinader-arroceros3-12-20.jpeg\" \/>  <\/p>\n<p><span class=\"text1noticias\"> <\/span><\/p>\n<p><span class=\"text1noticias\">diariodominicano.com<\/span><\/p>\n<p><span class=\"text1noticias\"> <\/span><\/p>\n<p><span class=\"text1noticias\"> Santo Domingo, R. D., 3 de diciembre, 2020.- El presidente Luis Abinader, junto a la vicepresidenta de la Rep\u00fablica, Raquel Pe\u00f1a, encabez\u00f3 una reuni\u00f3n con productores, procesadores, suplidores de insumos y comerciantes de la cadena productiva de arroz.  <\/span><\/p>\n<p><span class=\"text1noticias\"> <\/span><\/p>\n<p><span class=\"text1noticias\">El encuentro se dio al mediod\u00eda de este jueves, en el Sal\u00f3n Los Trinitarios del Palacio Nacional.<\/span><\/p>\n<p><span class=\"text1noticias\"> <\/span><\/p>\n<p><span class=\"text1noticias\">En la reuni\u00f3n estuvieron presentes los ministros de Agricultura, Limber Cruz, de Industria, Comercio y Mipymes, V\u00edctor ? Ito ? Bison\u00f3; adem\u00e1s, Roberto Familia, Jos\u00e9 Mauricio Mar\u00eda, Fausto Pimentel, Jes\u00fas Coronado, Marcial Najri y Fernando Viyella, representantes del sector arrocero. <\/span><\/p>\n<p><span class=\"text1noticias\"> <\/span><\/p>\n<p><span class=\"text1noticias\">El Gobierno del presidente Abinader ha empe\u00f1ado esfuerzos en apoyar, a trav\u00e9s de financiamientos a tasa cero, al sector agr\u00edcola, de manera especial, a productores de arroz, como uno de los alimentos de mayor consumo y parte de la canasta b\u00e1sica dominica<\/span>na.<\/p>\n<p>Fuente: Presidencia de la Rep\u00fablica Dominicana<\/p>\n<p>Noticias<\/p>\n<h6> 2020-12-03 23:30:12 <\/h6>\n<p><!--\n<link rel=\"stylesheet\" href=\"css\/bootstrap.min.css\">\n\n\n<ul class=\"pagination\">\n\t    \n\t\n\n<li >\n\t<a href='?page_no=152'>Previous<\/a>\n\t<\/li>\n\n\n       \n    \n\n<li><a href='?page_no=1'>1<\/a><\/li>\n\n\n\n<li><a href='?page_no=2'>2<\/a><\/li>\n\n\n\n<li><a>...<\/a><\/li>\n\n\n\n<li><a href='?page_no=151'>151<\/a><\/li>\n\n\n\n<li><a href='?page_no=152'>152<\/a><\/li>\n\n\n\n<li class='active'><a>153<\/a><\/li>\n\n\n\n<li><a href='?page_no=154'>154<\/a><\/li>\n\n\n\n<li><a href='?page_no=155'>155<\/a><\/li>\n\n\n\n<li><a>...<\/a><\/li>\n\n\n\n<li><a href='?page_no=181'>181<\/a><\/li>\n\n\n\n<li><a href='?page_no=182'>182<\/a><\/li>\n\n    \n\t\n\n<li >\n\t<a href='?page_no=154'>Next<\/a>\n\t<\/li>\n\n\n    \n\n<li><a href='?page_no=182'>Last &rsaquo;&rsaquo;<\/a><\/li>\n\n<\/ul>\n\n\n--><br \/>\n<\/body><\/p>\n","protected":false},"excerpt":{"rendered":"<p>diariodominicano.com Santo Domingo, R. D., 3 de diciembre, 2020.- El presidente Luis Abinader, junto a la vicepresidenta de la Rep\u00fablica, Raquel Pe\u00f1a, encabez\u00f3 una reuni\u00f3n con productores, procesadores, suplidores de insumos y comerciantes de la cadena productiva de arroz. El encuentro se dio al mediod\u00eda de este jueves, en el Sal\u00f3n Los Trinitarios del Palacio [&hellip;]<\/p>\n","protected":false},"author":3,"featured_media":0,"comment_status":"open","ping_status":"open","sticky":false,"template":"","format":"standard","meta":{"footnotes":""},"categories":[20],"tags":[],"class_list":["post-261268","post","type-post","status-publish","format-standard","hentry","category-dominicana-hoy"],"_links":{"self":[{"href":"https:\/\/diariodominicano.com\/index.php?rest_route=\/wp\/v2\/posts\/261268","targetHints":{"allow":["GET"]}}],"collection":[{"href":"https:\/\/diariodominicano.com\/index.php?rest_route=\/wp\/v2\/posts"}],"about":[{"href":"https:\/\/diariodominicano.com\/index.php?rest_route=\/wp\/v2\/types\/post"}],"author":[{"embeddable":true,"href":"https:\/\/diariodominicano.com\/index.php?rest_route=\/wp\/v2\/users\/3"}],"replies":[{"embeddable":true,"href":"https:\/\/diariodominicano.com\/index.php?rest_route=%2Fwp%2Fv2%2Fcomments&post=261268"}],"version-history":[{"count":0,"href":"https:\/\/diariodominicano.com\/index.php?rest_route=\/wp\/v2\/posts\/261268\/revisions"}],"wp:attachment":[{"href":"https:\/\/diariodominicano.com\/index.php?rest_route=%2Fwp%2Fv2%2Fmedia&parent=261268"}],"wp:term":[{"taxonomy":"category","embeddable":true,"href":"https:\/\/diariodominicano.com\/index.php?rest_route=%2Fwp%2Fv2%2Fcategories&post=261268"},{"taxonomy":"post_tag","embeddable":true,"href":"https:\/\/diariodominicano.com\/index.php?rest_route=%2Fwp%2Fv2%2Ftags&post=261268"}],"curies":[{"name":"wp","href":"https:\/\/api.w.org\/{rel}","templated":true}]}}