{"id":261267,"date":"2020-12-03T23:48:35","date_gmt":"2020-12-03T23:48:35","guid":{"rendered":"http:\/\/diariodominicano.ddns.net\/?p=261267"},"modified":"2020-12-03T23:48:35","modified_gmt":"2020-12-03T23:48:35","slug":"gobierno-entrega-72-apartamentos-a-familias-de-la-canada-los-platanitos-en-santo-domingo-norte","status":"publish","type":"post","link":"https:\/\/diariodominicano.com\/?p=261267","title":{"rendered":"Gobierno entrega 72 apartamentos a familias de la ca\u00f1ada Los Platanitos, en Santo Domingo Norte"},"content":{"rendered":"<p><body><\/p>\n<p><img decoding=\"async\" src=\"http:\/\/localhost:8080\/img3\/abinaderapartamento3-12-20.png\" \/><br \/><img decoding=\"async\" src=\"http:\/\/localhost:8080\/img3\/abinaderapartamento3-12-20.png\" \/>  <\/p>\n<p><span class=\"text1noticias\"> <\/span><\/p>\n<p><span class=\"text1noticias\">diariodominicano.com<\/span><\/p>\n<p><span class=\"text1noticias\"> <\/span><\/p>\n<p><span class=\"text1noticias\">Santo Domingo, R. D., 3 de diciembre, 2020.-  El presidente Luis Abinader entreg\u00f3 este jueves 72 nuevos apartamentos para benefician a 340 personas, como parte de los trabajos de saneamiento a la ca\u00f1ada Los Platanitos, en Santo Domingo Norte.<\/span><\/p>\n<p><span class=\"text1noticias\"> <\/span><\/p>\n<p><span class=\"text1noticias\">El proyecto Los Platanitos II, ejecutado por la Corporaci\u00f3n del Acueducto y Alcantarillado de Santo Domingo (CAASD), ocupa mil 315 metros cuadrados, donados por la Alcald\u00eda de Santo Domingo Norte, los que tienen un costo de 125 millones de pesos.<\/span><\/p>\n<p><span class=\"text1noticias\"> <\/span><\/p>\n<p><span class=\"text1noticias\">El presidente, junto a Felipe Suberv\u00ed, director de la CAASD, entreg\u00f3 las llaves al se\u00f1or Francisco Vargas, uno de los comunitarios beneficiados en el proyecto.<\/span><\/p>\n<p><span class=\"text1noticias\"> <\/span><\/p>\n<p><span class=\"text1noticias\">Abinader tuvo a su cargo las palabras centrales del acto y destac\u00f3 la importancia de la obra, la que considero como \u00abel reflejo de que damos continuidad de Estado a todo lo que estaba iniciado; no importa por cu\u00e1l administraci\u00f3n, lo que queremos es beneficiados puedan disfrutar de sus viviendas\u00bb.<\/span><\/p>\n<p><span class=\"text1noticias\"> <\/span><\/p>\n<p><span class=\"text1noticias\">Anunci\u00f3 que el Gobierno desarrolla un plan nacional para llevar agua a cada hogar del pa\u00eds. \u00abSi no hay agua en una residencia, puede ser la residencia m\u00e1s costosa, pero si no hay agua, no hay calidad de vida y por eso, se trabaja con las instituciones que manejan el agua en coordinaci\u00f3n con el Ministerio de Salud. Porque el agua es parte de la salud\u00bb, expres\u00f3.<\/span><\/p>\n<p><span class=\"text1noticias\"> <\/span><\/p>\n<p><span class=\"text1noticias\">Afirm\u00f3 que el Gobierno tiene como plan prioritario sanear todas las ca\u00f1adas, y con ello, mejorar la calidad de vida de la gente.<\/span><\/p>\n<p><span class=\"text1noticias\"> <\/span><\/p>\n<p><span class=\"text1noticias\">La bendici\u00f3n del acto estuvo a cargo del sacerdote Juan Barranco, de la parroquia Santiago de la Cruz, Santo Domingo Norte.<\/span><\/p>\n<p><span class=\"text1noticias\"> <\/span><\/p>\n<p><span class=\"text1noticias\">Director de la CASD<\/span><\/p>\n<p><span class=\"text1noticias\"> <\/span><\/p>\n<p><span class=\"text1noticias\">De su lado, Felipe Suberv\u00ed, director de la Corporaci\u00f3n del Acueducto y Alcantarillados de Santo Domingo (CAASD), dijo sentirse regocijado por la realizaci\u00f3n del proyecto y asegur\u00f3 que es el reflejo de los trabajos que desarrolla el Gobierno en todo el pa\u00eds.<\/span><\/p>\n<p><span class=\"text1noticias\"> <\/span><\/p>\n<p><span class=\"text1noticias\">\u00abHemos realizado labores contundentes en las diferentes comunidades del Gran Santo Domingo. En cada sector hemos tenido acercamiento con sus representantes y eso es lo que distingue nuestro trabajo; ya no es la gente que se acerca a la CAASD, somos nosotros que estamos yendo a la gente\u00bb, enfatiz\u00f3 Suberv\u00ed.<\/span><\/p>\n<p><span class=\"text1noticias\"> <\/span><\/p>\n<p><span class=\"text1noticias\">El proyecto est\u00e1 conformado por nueve edificios de cuatro pisos cada uno, con dos apartamentos por nivel, de dos y tres habitaciones, sala, comedor, cocina y parqueo; con un dise\u00f1o funcional que permite a las familias mantenerse en un ambiente sano y acogedor.<\/span><\/p>\n<p><span class=\"text1noticias\"> <\/span><\/p>\n<p><span class=\"text1noticias\">El proyecto Los Platanitos II, tiene como finalidad la construcci\u00f3n de edificios de apartamentos que alojar\u00e1n a residentes del \u00e1rea de influencia de la ca\u00f1ada Los Platanitos, el cual beneficiar\u00e1 a los residentes los sectores Los Platanitos, Los Trinitarios I y II, Altos del Parque y Cerros del Norte, el que mejorar\u00e1 la calidad de vida de las personas de esos sectores que viven en condiciones de vulnerabilidad.<\/span><\/p>\n<p><span class=\"text1noticias\"> <\/span><\/p>\n<p><span class=\"text1noticias\">En la inauguraci\u00f3n de la obra, acompa\u00f1aron al presidente Luis Abinader, el ministro de Salud P\u00fablica, Plutarco Arias; el alcalde de Santo Domingo Norte, Carlos Guzm\u00e1n; Gloria Reyes, directora de Progresando con Solidaridad (PROSOLI); Radham\u00e9s Gonz\u00e1lez, director de la Oficina Metropolitana de Servicios de Autobuses (OMSA) y el director de los Centros Tecnol\u00f3gicos Comunitarios, <\/span>Isidro Torres.<\/p>\n<\/p>\n<p><span class=\"text1noticias\">Fuente: Presidencia de la Rep\u00fablica Dominicana<\/span><\/p>\n<p><span class=\"text1noticias\">Noticias<\/span><\/p>\n<h6> 2020-12-03 23:48:35 <\/h6>\n<p><!--\n<link rel=\"stylesheet\" href=\"css\/bootstrap.min.css\">\n\n\n<ul class=\"pagination\">\n\t    \n\t\n\n<li >\n\t<a href='?page_no=151'>Previous<\/a>\n\t<\/li>\n\n\n       \n    \n\n<li><a href='?page_no=1'>1<\/a><\/li>\n\n\n\n<li><a href='?page_no=2'>2<\/a><\/li>\n\n\n\n<li><a>...<\/a><\/li>\n\n\n\n<li><a href='?page_no=150'>150<\/a><\/li>\n\n\n\n<li><a href='?page_no=151'>151<\/a><\/li>\n\n\n\n<li class='active'><a>152<\/a><\/li>\n\n\n\n<li><a href='?page_no=153'>153<\/a><\/li>\n\n\n\n<li><a href='?page_no=154'>154<\/a><\/li>\n\n\n\n<li><a>...<\/a><\/li>\n\n\n\n<li><a href='?page_no=181'>181<\/a><\/li>\n\n\n\n<li><a href='?page_no=182'>182<\/a><\/li>\n\n    \n\t\n\n<li >\n\t<a href='?page_no=153'>Next<\/a>\n\t<\/li>\n\n\n    \n\n<li><a href='?page_no=182'>Last &rsaquo;&rsaquo;<\/a><\/li>\n\n<\/ul>\n\n\n--><br \/>\n<\/body><\/p>\n","protected":false},"excerpt":{"rendered":"<p>diariodominicano.com Santo Domingo, R. D., 3 de diciembre, 2020.- El presidente Luis Abinader entreg\u00f3 este jueves 72 nuevos apartamentos para benefician a 340 personas, como parte de los trabajos de saneamiento a la ca\u00f1ada Los Platanitos, en Santo Domingo Norte. El proyecto Los Platanitos II, ejecutado por la Corporaci\u00f3n del Acueducto y Alcantarillado de Santo [&hellip;]<\/p>\n","protected":false},"author":3,"featured_media":0,"comment_status":"open","ping_status":"open","sticky":false,"template":"","format":"standard","meta":{"footnotes":""},"categories":[20],"tags":[],"class_list":["post-261267","post","type-post","status-publish","format-standard","hentry","category-dominicana-hoy"],"_links":{"self":[{"href":"https:\/\/diariodominicano.com\/index.php?rest_route=\/wp\/v2\/posts\/261267","targetHints":{"allow":["GET"]}}],"collection":[{"href":"https:\/\/diariodominicano.com\/index.php?rest_route=\/wp\/v2\/posts"}],"about":[{"href":"https:\/\/diariodominicano.com\/index.php?rest_route=\/wp\/v2\/types\/post"}],"author":[{"embeddable":true,"href":"https:\/\/diariodominicano.com\/index.php?rest_route=\/wp\/v2\/users\/3"}],"replies":[{"embeddable":true,"href":"https:\/\/diariodominicano.com\/index.php?rest_route=%2Fwp%2Fv2%2Fcomments&post=261267"}],"version-history":[{"count":0,"href":"https:\/\/diariodominicano.com\/index.php?rest_route=\/wp\/v2\/posts\/261267\/revisions"}],"wp:attachment":[{"href":"https:\/\/diariodominicano.com\/index.php?rest_route=%2Fwp%2Fv2%2Fmedia&parent=261267"}],"wp:term":[{"taxonomy":"category","embeddable":true,"href":"https:\/\/diariodominicano.com\/index.php?rest_route=%2Fwp%2Fv2%2Fcategories&post=261267"},{"taxonomy":"post_tag","embeddable":true,"href":"https:\/\/diariodominicano.com\/index.php?rest_route=%2Fwp%2Fv2%2Ftags&post=261267"}],"curies":[{"name":"wp","href":"https:\/\/api.w.org\/{rel}","templated":true}]}}