{"id":261265,"date":"2020-12-04T17:13:34","date_gmt":"2020-12-04T17:13:34","guid":{"rendered":"http:\/\/diariodominicano.ddns.net\/?p=261265"},"modified":"2020-12-04T17:13:34","modified_gmt":"2020-12-04T17:13:34","slug":"presidente-abinader-inaugura-complejo-turistico-hilton-en-la-romana","status":"publish","type":"post","link":"https:\/\/diariodominicano.com\/?p=261265","title":{"rendered":"Presidente Abinader inaugura complejo tur\u00edstico Hilton, en La Romana"},"content":{"rendered":"<p><body><\/p>\n<p><img decoding=\"async\" src=\"http:\/\/localhost:8080\/img3\/PteHilton4-12-20.jpeg\" \/>  <\/p>\n<p><span class=\"text1noticias\"> <\/span><\/p>\n<p><span class=\"text1noticias\">diariodominicano.com<\/span><\/p>\n<p><span class=\"text1noticias\"> <\/span><\/p>\n<p><span class=\"text1noticias\">Santo Domingo, R. D., 4 de diceimbre, 2020.- El presidente Luis Abinader asisti\u00f3 este viernes al acto de inauguraci\u00f3n del complejo hotelero Hilton La Romana All Inclusive Adults &amp; Family Resort, ubicado en Bayahibe.<\/span><\/p>\n<p><span class=\"text1noticias\"> <\/span><\/p>\n<p><span class=\"text1noticias\">Abinader hizo un recorrido acompa\u00f1ado del ministro de Turismo, David Collado, y los principales ejecutivos de la cadena hotelera, Bruce Wardinski, presidente y consejero delegado de Playa Hotels and Resorts; Fernando Mulet, vicepresidente ejecutivo de Desarrollo y Adquisiciones; Gregori Maliassas, vicepresidente ejecutivo y director de Operaciones.<\/span><\/p>\n<p><span class=\"text1noticias\"> <\/span><\/p>\n<p><span class=\"text1noticias\">En el discurso central del acto, el mandatario agradeci\u00f3 a la cadena Playa por la confianza puesta en nuestro pa\u00eds y aprovech\u00f3 para reiterar que \u00abhay razones hoy para confiar que ustedes tienen un aliado en el Gobierno. Un aliado donde lo que queremos es m\u00e1s desarrollo, m\u00e1s empleos, con mucha m\u00e1s transparencia que nos permita agilizar los procesos para que haya un clima de negocio m\u00e1s transparente\u00bb.<\/span><\/p>\n<p><span class=\"text1noticias\"> <\/span><\/p>\n<p><span class=\"text1noticias\">Afirm\u00f3 tambi\u00e9n que, como jefe de Estado, trabaja para crear un clima de negocio en el que el Gobierno y el sector privado sean aliados en el desarrollo y la creaci\u00f3n de nuevos empleos.<\/span><\/p>\n<p><span class=\"text1noticias\"> <\/span><\/p>\n<p><span class=\"text1noticias\">Abinader dijo que \u00abeste es el mejor momento para invertir en Rep\u00fablica Dominicana. Tengan la certeza de que no s\u00f3lo vamos a salir de esta crisis, sino que saldremos m\u00e1s fuertes que nunca\u00bb.<\/span><\/p>\n<p><span class=\"text1noticias\"> <\/span><\/p>\n<p><span class=\"text1noticias\">Turismo seguro: protocolo ante COVID-19<\/span><\/p>\n<p><span class=\"text1noticias\"> <\/span><\/p>\n<p><span class=\"text1noticias\">El presidente Luis Abinader destac\u00f3 los logros del Gobierno en el sector Turismo que, pese a todos los problemas que sigue generando la pandemia, contin\u00faa avanzando y creciendo.<\/span><\/p>\n<p><span class=\"text1noticias\"> <\/span><\/p>\n<p><span class=\"text1noticias\">\u00abHemos logrado bajar el nivel de riesgo que los norteamericanos informan a sus viajeros, de 4 a 3. Lo cual va a ayudar bastante en el mercadeo y la visita de turistas a nuestro pa\u00eds\u00bb, asegur\u00f3 el mandatario.<\/span><\/p>\n<p><span class=\"text1noticias\"> <\/span><\/p>\n<p><span class=\"text1noticias\">Resalt\u00f3 las acciones que ha hecho el Gabinete de Salud, dirigido por la vicepresidenta Raquel Pe\u00f1a, que han permitido mantener la COVID-19 bajo control en Rep\u00fablica Dominicana.<\/span><\/p>\n<p><span class=\"text1noticias\"> <\/span><\/p>\n<p><span class=\"text1noticias\">\u00abSiempre entendiendo que, bajo control, a los t\u00e9rminos de una pandemia. Pero estamos tomando todas las medidas y recomendaciones que han hecho los organismos y especialistas\u00bb.<\/span><\/p>\n<p><span class=\"text1noticias\"> <\/span><\/p>\n<p><span class=\"text1noticias\">El presidente Abinader asegur\u00f3 tambi\u00e9n que el pa\u00eds cuenta con un protocolo de seguridad que permite garantizar la salud y la vida de nuestros turistas.<\/span><\/p>\n<p><span class=\"text1noticias\"> <\/span><\/p>\n<p><span class=\"text1noticias\">David Collado, ministro de Turismo, enfatiz\u00f3 el gran compromiso que ha asumido el Gobierno con el turismo y destac\u00f3 que \u00abse ha hecho un gran trabajo; se han logrado conquistas que ten\u00edan m\u00e1s de un a\u00f1o en espera\u00bb.<\/span><\/p>\n<p><span class=\"text1noticias\"> <\/span><\/p>\n<p><span class=\"text1noticias\">Collado, igualmente, comunic\u00f3 que el a\u00f1o pr\u00f3ximo augura a\u00fan m\u00e1s \u00e9xitos para el turismo y el trabajo de recuperaci\u00f3n que se est\u00e1 llevando a cabo.<\/span><\/p>\n<p><span class=\"text1noticias\"> <\/span><\/p>\n<p><span class=\"text1noticias\">De su lado, Bruce Wardinski, presidente de Playa Hotels &amp; Resorts, dijo que \u00abcon siete resorts y casi 3 mil habitaciones hoteleras en el pa\u00eds, estamos comprometidos, hoy m\u00e1s que nunca, con el \u00e9xito a largo plazo de la industria tur\u00edstica en Rep\u00fablica Dominicana\u00bb.<\/span><\/p>\n<p><span class=\"text1noticias\"> <\/span><\/p>\n<p><span class=\"text1noticias\">Observ\u00f3 que siguen buscando activamente nuevas oportunidades de crecimiento y nuevas formas de traer la hospitalidad que caracteriza a la cadena hotelera que representa.<\/span><\/p>\n<p><span class=\"text1noticias\"> <\/span><\/p>\n<p><span class=\"text1noticias\">Este complejo hotelero, totalmente redise\u00f1ado, tiene inversi\u00f3n de m\u00e1s de 40 millones de d\u00f3lares en la zona de Bayahibe, y eleva la inversi\u00f3n de la cadena en 325 millones de d\u00f3lares, desde el a\u00f1o 2018.<\/span><\/p>\n<p><span class=\"text1noticias\"> <\/span><\/p>\n<p><span class=\"text1noticias\">En el acto, igualmente estuvieron presentes las gobernadoras Martina Pep\u00e9n, de la provincia La Altagracia y Jacqueline Fern\u00e1ndez Brito, de La Romana.<\/span><\/p>\n<p><span class=\"text1noticias\"> <\/span><\/p>\n<p><span class=\"text1noticias\">774 habitaciones y m\u00e1s de 500 empleos para la industria hotelera<\/span><\/p>\n<p><span class=\"text1noticias\"> <\/span><\/p>\n<p><span class=\"text1noticias\">oEl complejo hotelero est\u00e1 conformado por dos hoteles, el Hilton All Inclusive Adults Only (solo para adultos) y el Hilton All Inclusive Family Resort, dirigido a la familia. Ambas instalaciones aportan 774 nuevas habitaciones y m\u00e1s de 500 empleos.<\/span><\/p>\n<p><span class=\"text1noticias\"> <\/span><\/p>\n<p><span class=\"text1noticias\">Los hoteles est\u00e1n ubicados estrat\u00e9gicamente a 45 minutos del Aeropuerto Internacional de Punta Cana, y cerca de los principales campos de golf de la zona.<\/span><\/p>\n<p><span class=\"text1noticias\"> <\/span><\/p>\n<p><span class=\"text1noticias\">Actualmente, la cadena cuenta con 1,500 empleados en el sector hotelero de la regi\u00f3n, y a medida que contin\u00fae la tendencia en aumento, el crecimiento del empleo se doblar\u00e1 a m\u00e1s de 4 mil puestos de trabajo, aseguran sus ejecutivos.<\/span><\/p>\n<p><span class=\"text1noticias\"> <\/span><\/p>\n<p><span class=\"text1noticias\">La corporaci\u00f3n Playa Hotels &amp; Resorts es propietaria de varios hoteles en Rep\u00fablica Dominicana, entre ellos, el Hyatt Ziva Punta Cana, Hyatt Zilara Cap C<\/span>ana y Hilton La Romana.<\/p>\n<h6> 2020-12-04 17:13:34 <\/h6>\n<p><!--\n<link rel=\"stylesheet\" href=\"css\/bootstrap.min.css\">\n\n\n<ul class=\"pagination\">\n\t    \n\t\n\n<li >\n\t<a href='?page_no=149'>Previous<\/a>\n\t<\/li>\n\n\n       \n    \n\n<li><a href='?page_no=1'>1<\/a><\/li>\n\n\n\n<li><a href='?page_no=2'>2<\/a><\/li>\n\n\n\n<li><a>...<\/a><\/li>\n\n\n\n<li><a href='?page_no=148'>148<\/a><\/li>\n\n\n\n<li><a href='?page_no=149'>149<\/a><\/li>\n\n\n\n<li class='active'><a>150<\/a><\/li>\n\n\n\n<li><a href='?page_no=151'>151<\/a><\/li>\n\n\n\n<li><a href='?page_no=152'>152<\/a><\/li>\n\n\n\n<li><a>...<\/a><\/li>\n\n\n\n<li><a href='?page_no=181'>181<\/a><\/li>\n\n\n\n<li><a href='?page_no=182'>182<\/a><\/li>\n\n    \n\t\n\n<li >\n\t<a href='?page_no=151'>Next<\/a>\n\t<\/li>\n\n\n    \n\n<li><a href='?page_no=182'>Last &rsaquo;&rsaquo;<\/a><\/li>\n\n<\/ul>\n\n\n--><br \/>\n<\/body><\/p>\n","protected":false},"excerpt":{"rendered":"<p>diariodominicano.com Santo Domingo, R. D., 4 de diceimbre, 2020.- El presidente Luis Abinader asisti\u00f3 este viernes al acto de inauguraci\u00f3n del complejo hotelero Hilton La Romana All Inclusive Adults &amp; Family Resort, ubicado en Bayahibe. Abinader hizo un recorrido acompa\u00f1ado del ministro de Turismo, David Collado, y los principales ejecutivos de la cadena hotelera, Bruce [&hellip;]<\/p>\n","protected":false},"author":3,"featured_media":0,"comment_status":"open","ping_status":"open","sticky":false,"template":"","format":"standard","meta":{"footnotes":""},"categories":[20],"tags":[],"class_list":["post-261265","post","type-post","status-publish","format-standard","hentry","category-dominicana-hoy"],"_links":{"self":[{"href":"https:\/\/diariodominicano.com\/index.php?rest_route=\/wp\/v2\/posts\/261265","targetHints":{"allow":["GET"]}}],"collection":[{"href":"https:\/\/diariodominicano.com\/index.php?rest_route=\/wp\/v2\/posts"}],"about":[{"href":"https:\/\/diariodominicano.com\/index.php?rest_route=\/wp\/v2\/types\/post"}],"author":[{"embeddable":true,"href":"https:\/\/diariodominicano.com\/index.php?rest_route=\/wp\/v2\/users\/3"}],"replies":[{"embeddable":true,"href":"https:\/\/diariodominicano.com\/index.php?rest_route=%2Fwp%2Fv2%2Fcomments&post=261265"}],"version-history":[{"count":0,"href":"https:\/\/diariodominicano.com\/index.php?rest_route=\/wp\/v2\/posts\/261265\/revisions"}],"wp:attachment":[{"href":"https:\/\/diariodominicano.com\/index.php?rest_route=%2Fwp%2Fv2%2Fmedia&parent=261265"}],"wp:term":[{"taxonomy":"category","embeddable":true,"href":"https:\/\/diariodominicano.com\/index.php?rest_route=%2Fwp%2Fv2%2Fcategories&post=261265"},{"taxonomy":"post_tag","embeddable":true,"href":"https:\/\/diariodominicano.com\/index.php?rest_route=%2Fwp%2Fv2%2Ftags&post=261265"}],"curies":[{"name":"wp","href":"https:\/\/api.w.org\/{rel}","templated":true}]}}