{"id":261263,"date":"2020-12-04T22:01:35","date_gmt":"2020-12-04T22:01:35","guid":{"rendered":"http:\/\/diariodominicano.ddns.net\/?p=261263"},"modified":"2020-12-04T22:01:35","modified_gmt":"2020-12-04T22:01:35","slug":"agricultura-acuerda-con-supermercados-disminucion-ganancias-en-productos-de-la-canasta-basica","status":"publish","type":"post","link":"https:\/\/diariodominicano.com\/?p=261263","title":{"rendered":"Agricultura acuerda con supermercados disminuci\u00f3n  ganancias en productos de la canasta b\u00e1sica"},"content":{"rendered":"<p><body><\/p>\n<p><img decoding=\"async\" src=\"http:\/\/localhost:8080\/img3\/Agricultura-Supermercados4-12-20.jpg\" \/>  <\/p>\n<p><span class=\"text1noticias\">diariodominicano.com <\/span><\/p>\n<p><span class=\"text1noticias\"> <\/span><\/p>\n<p><span class=\"text1noticias\">Santo Domingo, R. D., 4 de diciembre, 2020.- El ministro de Agricultura, Limber Cruz sostuvo una reuni\u00f3n de trabajo con los representantes de los supermercados del pa\u00eds, con el objetivo que estos establecimientos disminuyan las ganancias en algunos productos de consumo masivo y sensibles de la canasta b\u00e1sica.  <\/span><\/p>\n<p><span class=\"text1noticias\"> <\/span><\/p>\n<p><span class=\"text1noticias\">La medida busca estabilizar los precios de productos sensibles como el arroz, habichuelas, pollo, leche, huevos y el az\u00facar, los cuales presentar\u00edan bajas en sus precios de anaquel a fin de garantizar la seguridad alimentaria de los dominicanos. <\/span><\/p>\n<p><span class=\"text1noticias\"> <\/span><\/p>\n<p><span class=\"text1noticias\">El encuentro con los comerciantes permiti\u00f3 que el Ministerio lograra pactar acuerdos para la implementaci\u00f3n de acciones que ayuden a paliar el incremento de precios de los alimentos en la poblaci\u00f3n, as\u00ed como planificar un aumento en la productividad de rubros agr\u00edcolas y de esta manera beneficiar, tanto a los comerciantes como a los productores nacionales.  <\/span><\/p>\n<p><span class=\"text1noticias\"> <\/span><\/p>\n<p><span class=\"text1noticias\">\u00abDebemos trabajar en uni\u00f3n, ayudarnos mutuamente, logrando as\u00ed avanzar en lo personal y, sobre todo para ayudar al campo dominicano, y nosotros como pa\u00eds a seguir mejorando la econom\u00eda nacional\u00bb sostuvo el Ministro. <\/span><\/p>\n<p><span class=\"text1noticias\"> <\/span><\/p>\n<p><span class=\"text1noticias\">El titular de la cartera agr\u00edcola agreg\u00f3 que es la segunda reuni\u00f3n de muchas que sostendr\u00e1 con tan importante sector empresarial a fin de disminuir los precios de los alimentos al pueblo. <\/span><\/p>\n<p><span class=\"text1noticias\"> <\/span><\/p>\n<p><span class=\"text1noticias\">En tanto, Mario Lama hijo, representante de Plaza Lama, resalt\u00f3 que algunos productos ya han disminuido de precios, como es el caso de las cebollas roja y blancas, e indic\u00f3 que a partir del pr\u00f3ximo lunes otros productos sensitivos disminuir\u00edan de precios. <\/span><\/p>\n<p><span class=\"text1noticias\"> <\/span><\/p>\n<p><span class=\"text1noticias\">\u00a8Pueden contar con nosotros para mantener precios bajos en los productos de primera necesidad\u00bb, dijo el empresario hablando en nombre de sus colegas. <\/span><\/p>\n<p><span class=\"text1noticias\"> <\/span><\/p>\n<p><span class=\"text1noticias\">Dentro del acuerdo, el Ministerio de Industria, Comercio y MIPYMES, brindar\u00e1 apoyo desde el gobierno a las medidas de flexibilizaci\u00f3n de los nuevos precios y mejoramiento de la comercializaci\u00f3n de los productos del campo. <\/span><\/p>\n<p><span class=\"text1noticias\"> <\/span><\/p>\n<p><span class=\"text1noticias\">En la reuni\u00f3n tambi\u00e9n participaron, Nicol\u00e1s Ramos y H\u00e9ctor Olivero, de supermercados La Cadena, Jorge Jenkins, del Grupo Ramos, Leopoldo Gonz\u00e1lez, de Plaza Lama. <\/span><\/p>\n<p><span class=\"text1noticias\"> <\/span><\/p>\n<p><span class=\"text1noticias\">En un primer encuentro realizado la semana pasada se iniciaron los procesos para estas medidas y en ese encuentro participaron: Miguel Gonz\u00e1lez, del Centro Cuesta Nacional; Daniel Batista y Yeuri Alfonso, de la cadena Bravo, Juan Luis Tav\u00e1rez, del Grupo Ramos, entre <\/span>otros. <\/p>\n<\/p>\n<p>Fuente:  Prensa Agricultura<\/p>\n<h6> 2020-12-04 22:01:35 <\/h6>\n<p><!--\n<link rel=\"stylesheet\" href=\"css\/bootstrap.min.css\">\n\n\n<ul class=\"pagination\">\n\t    \n\t\n\n<li >\n\t<a href='?page_no=148'>Previous<\/a>\n\t<\/li>\n\n\n       \n    \n\n<li><a href='?page_no=1'>1<\/a><\/li>\n\n\n\n<li><a href='?page_no=2'>2<\/a><\/li>\n\n\n\n<li><a>...<\/a><\/li>\n\n\n\n<li><a href='?page_no=147'>147<\/a><\/li>\n\n\n\n<li><a href='?page_no=148'>148<\/a><\/li>\n\n\n\n<li class='active'><a>149<\/a><\/li>\n\n\n\n<li><a href='?page_no=150'>150<\/a><\/li>\n\n\n\n<li><a href='?page_no=151'>151<\/a><\/li>\n\n\n\n<li><a>...<\/a><\/li>\n\n\n\n<li><a href='?page_no=181'>181<\/a><\/li>\n\n\n\n<li><a href='?page_no=182'>182<\/a><\/li>\n\n    \n\t\n\n<li >\n\t<a href='?page_no=150'>Next<\/a>\n\t<\/li>\n\n\n    \n\n<li><a href='?page_no=182'>Last &rsaquo;&rsaquo;<\/a><\/li>\n\n<\/ul>\n\n\n--><br \/>\n<\/body><\/p>\n","protected":false},"excerpt":{"rendered":"<p>diariodominicano.com Santo Domingo, R. D., 4 de diciembre, 2020.- El ministro de Agricultura, Limber Cruz sostuvo una reuni\u00f3n de trabajo con los representantes de los supermercados del pa\u00eds, con el objetivo que estos establecimientos disminuyan las ganancias en algunos productos de consumo masivo y sensibles de la canasta b\u00e1sica. La medida busca estabilizar los precios [&hellip;]<\/p>\n","protected":false},"author":3,"featured_media":0,"comment_status":"open","ping_status":"open","sticky":false,"template":"","format":"standard","meta":{"footnotes":""},"categories":[20],"tags":[],"class_list":["post-261263","post","type-post","status-publish","format-standard","hentry","category-dominicana-hoy"],"_links":{"self":[{"href":"https:\/\/diariodominicano.com\/index.php?rest_route=\/wp\/v2\/posts\/261263","targetHints":{"allow":["GET"]}}],"collection":[{"href":"https:\/\/diariodominicano.com\/index.php?rest_route=\/wp\/v2\/posts"}],"about":[{"href":"https:\/\/diariodominicano.com\/index.php?rest_route=\/wp\/v2\/types\/post"}],"author":[{"embeddable":true,"href":"https:\/\/diariodominicano.com\/index.php?rest_route=\/wp\/v2\/users\/3"}],"replies":[{"embeddable":true,"href":"https:\/\/diariodominicano.com\/index.php?rest_route=%2Fwp%2Fv2%2Fcomments&post=261263"}],"version-history":[{"count":0,"href":"https:\/\/diariodominicano.com\/index.php?rest_route=\/wp\/v2\/posts\/261263\/revisions"}],"wp:attachment":[{"href":"https:\/\/diariodominicano.com\/index.php?rest_route=%2Fwp%2Fv2%2Fmedia&parent=261263"}],"wp:term":[{"taxonomy":"category","embeddable":true,"href":"https:\/\/diariodominicano.com\/index.php?rest_route=%2Fwp%2Fv2%2Fcategories&post=261263"},{"taxonomy":"post_tag","embeddable":true,"href":"https:\/\/diariodominicano.com\/index.php?rest_route=%2Fwp%2Fv2%2Ftags&post=261263"}],"curies":[{"name":"wp","href":"https:\/\/api.w.org\/{rel}","templated":true}]}}