{"id":261262,"date":"2020-12-04T23:39:16","date_gmt":"2020-12-04T23:39:16","guid":{"rendered":"http:\/\/diariodominicano.ddns.net\/?p=261262"},"modified":"2020-12-04T23:39:16","modified_gmt":"2020-12-04T23:39:16","slug":"fallece-ligia-leroux-presidenta-de-la-cruz-roja-dominicana","status":"publish","type":"post","link":"https:\/\/diariodominicano.com\/?p=261262","title":{"rendered":"Fallece Ligia Leroux presidenta de la Cruz Roja Dominicana"},"content":{"rendered":"<p><body><\/p>\n<p><img decoding=\"async\" src=\"http:\/\/localhost:8080\/img3\/Ligia-Leroux4-12-20.jpg\" \/>  <\/p>\n<p><span class=\"text1noticias\">diariodominicano.com<\/span><\/p>\n<\/p>\n<p><span class=\"text1noticias\">Santo Domingo, 4 dic (Prensa Latina) La presidenta de la Cruz Roja Dominicana, Ligia Leroux, falleci\u00f3 hoy en esta capital, desconoci\u00e9ndose hasta el momento los detalles de su muerte.<\/span><\/p>\n<p><span class=\"text1noticias\"> <\/span><\/p>\n<p><span class=\"text1noticias\">Leroux, natural de esta capital, era m\u00e9dico de profesi\u00f3n y profesora de la Universidad Aut\u00f3noma de Santo Domingo por 37 a\u00f1os.<\/span><\/p>\n<p><span class=\"text1noticias\"> <\/span><\/p>\n<p><span class=\"text1noticias\">Personalidades e instituciones dominicanas y extranjeras expresaron por diversas v\u00edas el pesar por la muerte de la titular de la Cruz Roja, quien llevaba 19 a\u00f1os en esa instituci\u00f3n.<\/span><\/p>\n<p><span class=\"text1noticias\"> <\/span><\/p>\n<p><span class=\"text1noticias\">oda\/<\/span>ema<\/p>\n<h6> 2020-12-04 23:39:16 <\/h6>\n<p><!--\n<link rel=\"stylesheet\" href=\"css\/bootstrap.min.css\">\n\n\n<ul class=\"pagination\">\n\t    \n\t\n\n<li >\n\t<a href='?page_no=147'>Previous<\/a>\n\t<\/li>\n\n\n       \n    \n\n<li><a href='?page_no=1'>1<\/a><\/li>\n\n\n\n<li><a href='?page_no=2'>2<\/a><\/li>\n\n\n\n<li><a>...<\/a><\/li>\n\n\n\n<li><a href='?page_no=146'>146<\/a><\/li>\n\n\n\n<li><a href='?page_no=147'>147<\/a><\/li>\n\n\n\n<li class='active'><a>148<\/a><\/li>\n\n\n\n<li><a href='?page_no=149'>149<\/a><\/li>\n\n\n\n<li><a href='?page_no=150'>150<\/a><\/li>\n\n\n\n<li><a>...<\/a><\/li>\n\n\n\n<li><a href='?page_no=181'>181<\/a><\/li>\n\n\n\n<li><a href='?page_no=182'>182<\/a><\/li>\n\n    \n\t\n\n<li >\n\t<a href='?page_no=149'>Next<\/a>\n\t<\/li>\n\n\n    \n\n<li><a href='?page_no=182'>Last &rsaquo;&rsaquo;<\/a><\/li>\n\n<\/ul>\n\n\n--><br \/>\n<\/body><\/p>\n","protected":false},"excerpt":{"rendered":"<p>diariodominicano.com Santo Domingo, 4 dic (Prensa Latina) La presidenta de la Cruz Roja Dominicana, Ligia Leroux, falleci\u00f3 hoy en esta capital, desconoci\u00e9ndose hasta el momento los detalles de su muerte. Leroux, natural de esta capital, era m\u00e9dico de profesi\u00f3n y profesora de la Universidad Aut\u00f3noma de Santo Domingo por 37 a\u00f1os. Personalidades e instituciones dominicanas [&hellip;]<\/p>\n","protected":false},"author":3,"featured_media":0,"comment_status":"open","ping_status":"open","sticky":false,"template":"","format":"standard","meta":{"footnotes":""},"categories":[20],"tags":[],"class_list":["post-261262","post","type-post","status-publish","format-standard","hentry","category-dominicana-hoy"],"_links":{"self":[{"href":"https:\/\/diariodominicano.com\/index.php?rest_route=\/wp\/v2\/posts\/261262","targetHints":{"allow":["GET"]}}],"collection":[{"href":"https:\/\/diariodominicano.com\/index.php?rest_route=\/wp\/v2\/posts"}],"about":[{"href":"https:\/\/diariodominicano.com\/index.php?rest_route=\/wp\/v2\/types\/post"}],"author":[{"embeddable":true,"href":"https:\/\/diariodominicano.com\/index.php?rest_route=\/wp\/v2\/users\/3"}],"replies":[{"embeddable":true,"href":"https:\/\/diariodominicano.com\/index.php?rest_route=%2Fwp%2Fv2%2Fcomments&post=261262"}],"version-history":[{"count":0,"href":"https:\/\/diariodominicano.com\/index.php?rest_route=\/wp\/v2\/posts\/261262\/revisions"}],"wp:attachment":[{"href":"https:\/\/diariodominicano.com\/index.php?rest_route=%2Fwp%2Fv2%2Fmedia&parent=261262"}],"wp:term":[{"taxonomy":"category","embeddable":true,"href":"https:\/\/diariodominicano.com\/index.php?rest_route=%2Fwp%2Fv2%2Fcategories&post=261262"},{"taxonomy":"post_tag","embeddable":true,"href":"https:\/\/diariodominicano.com\/index.php?rest_route=%2Fwp%2Fv2%2Ftags&post=261262"}],"curies":[{"name":"wp","href":"https:\/\/api.w.org\/{rel}","templated":true}]}}