{"id":261261,"date":"2020-12-05T20:40:05","date_gmt":"2020-12-05T20:40:05","guid":{"rendered":"http:\/\/diariodominicano.ddns.net\/?p=261261"},"modified":"2020-12-05T20:40:05","modified_gmt":"2020-12-05T20:40:05","slug":"ayuntamiento-de-boca-chica-declaro-dos-dias-de-duelo-municipal-por-la-muerte-de-uno-de-sus-hijos-meritorios","status":"publish","type":"post","link":"https:\/\/diariodominicano.com\/?p=261261","title":{"rendered":"Ayuntamiento de Boca Chica declar\u00f3 dos d\u00edas de duelo municipal por la muerte de uno de sus hijos meritorios"},"content":{"rendered":"<p><body><\/p>\n<p><img decoding=\"async\" src=\"http:\/\/localhost:8080\/img3\/Julio Cesar Hichez Telleria.jpeg\" \/>  <\/p>\n<p><strong>Diariodominicano.com<\/strong><\/p>\n<p><strong>Ayuntamiento de Boca Chica declar\u00f3 dos d\u00edas de duelo municipal por la muerte de uno de sus hijos meritorios<\/strong><\/p>\n<p><strong> <\/strong><\/p>\n<p><strong> <\/strong><\/p>\n<p><strong>BOCA CHICA.-<\/strong>El ayuntamiento Municipal de Boca Chica, declar\u00f3 dos d\u00edas de duelo, por la muerte de uno de sus mun\u00edcipes, el doctor Julio Cesar Hichez Telleria quien falleci\u00f3 el pasado jueves, luego de permanecer varios d\u00edas postrados por un c\u00e1ncer de pr\u00f3stata.<\/p>\n<\/p>\n<\/p>\n<p>Los d\u00edas de duelo municipal iniciaron desde el viernes, luego que la Sala Capitular aprobara mediante resoluci\u00f3n la petici\u00f3n que fue hecha por el alcalde de Boca Chica, ingeniero Ferm\u00edn Brito Rinc\u00f3n.<\/p>\n<\/p>\n<\/p>\n<p>Para la aprobaci\u00f3n fue preciso convocar a una sesi\u00f3n extraordinaria del Consejo de Regidores, v\u00eda la plataforma digital de Zoom y cont\u00f3 con la conexi\u00f3n de 7 regidores, dicha petici\u00f3n fue acogida por el regidor Paulino P\u00e9rez Ortiz y secundada por el tambi\u00e9n regidor Leonardo Araujo Antigua, aprobada a unanimidad.<\/p>\n<\/p>\n<\/p>\n<p>Para esto se design\u00f3 una comisi\u00f3n que fue encabezada por la vicepresidenta de la Sala Capitular Carolina Alburquerque, e integrada por Enrique Guzm\u00e1n y Paulino P\u00e9rez quienes se hicieron cargo de llevar la comunicaci\u00f3n a los familiares del distinguido jurista e historiador de Boca Chica.<\/p>\n<\/p>\n<\/p>\n<p> El deceso de Hichez Teller\u00eda, quien se hizo apodar Frank Hichez, se produjo pasado las 3 de esta tarde en su residencia de Andr\u00e9s Boca Chica, en compa\u00f1\u00eda de sus familiares.<\/p>\n<\/p>\n<\/p>\n<p>La informaci\u00f3n de la muerte del reputado abogado fue dada a conocer por el comunicador Jos\u00e9 Altagracia Castro, relacionista p\u00fablica de la Fundaci\u00f3n Julio C\u00e9sar Hichez, entidad que lleva su mismo nombre.<\/p>\n<\/p>\n<\/p>\n<p>Se dio a conocer que padeci\u00f3 un voraz C\u00e1ncer de Pr\u00f3stata y tuvo otras complicaciones que lo manten\u00eda en cama desde hace unos meses.<\/p>\n<\/p>\n<\/p>\n<p>El doctor Julio C\u00e9sar Hichez, fue un importante comerciante de la zona, gestor cultural e investigador social.<\/p>\n<\/p>\n<\/p>\n<p>Adem\u00e1s hab\u00eda escrito varios libros sobre los or\u00edgenes de Andr\u00e9s, Boca Chica y la Caleta, as\u00ed como dos tomos sobre legislaci\u00f3n municipal.<\/p>\n<\/p>\n<\/p>\n<p>M\u00e1s de 10 a\u00f1os ocup\u00f3 la presidencia de la Junta Electoral Municipal de Boca Chica, donde goz\u00f3 de un gran respeto y credibilidad entre los candidatos locales y provinciales al igual que en los partidos pol\u00edticos.<\/p>\n<\/p>\n<\/p>\n<p>Dedic\u00f3 gran parte de su dinero a la investigaci\u00f3n social por la identidad de Boca Chica y al momento de su fallecimiento constru\u00eda un museo hist\u00f3rico que pondr\u00eda al servicio de la comunidad.<\/p>\n<\/p>\n<p> Divisi\u00f3n de Prensa<\/p>\n<\/p>\n<p>Alcald\u00eda Municipal de Boca Chica<\/p>\n<h6> 2020-12-05 20:40:05 <\/h6>\n<p><!--\n<link rel=\"stylesheet\" href=\"css\/bootstrap.min.css\">\n\n\n<ul class=\"pagination\">\n\t    \n\t\n\n<li >\n\t<a href='?page_no=146'>Previous<\/a>\n\t<\/li>\n\n\n       \n    \n\n<li><a href='?page_no=1'>1<\/a><\/li>\n\n\n\n<li><a href='?page_no=2'>2<\/a><\/li>\n\n\n\n<li><a>...<\/a><\/li>\n\n\n\n<li><a href='?page_no=145'>145<\/a><\/li>\n\n\n\n<li><a href='?page_no=146'>146<\/a><\/li>\n\n\n\n<li class='active'><a>147<\/a><\/li>\n\n\n\n<li><a href='?page_no=148'>148<\/a><\/li>\n\n\n\n<li><a href='?page_no=149'>149<\/a><\/li>\n\n\n\n<li><a>...<\/a><\/li>\n\n\n\n<li><a href='?page_no=181'>181<\/a><\/li>\n\n\n\n<li><a href='?page_no=182'>182<\/a><\/li>\n\n    \n\t\n\n<li >\n\t<a href='?page_no=148'>Next<\/a>\n\t<\/li>\n\n\n    \n\n<li><a href='?page_no=182'>Last &rsaquo;&rsaquo;<\/a><\/li>\n\n<\/ul>\n\n\n--><br \/>\n<\/body><\/p>\n","protected":false},"excerpt":{"rendered":"<p>Diariodominicano.com Ayuntamiento de Boca Chica declar\u00f3 dos d\u00edas de duelo municipal por la muerte de uno de sus hijos meritorios BOCA CHICA.-El ayuntamiento Municipal de Boca Chica, declar\u00f3 dos d\u00edas de duelo, por la muerte de uno de sus mun\u00edcipes, el doctor Julio Cesar Hichez Telleria quien falleci\u00f3 el pasado jueves, luego de permanecer varios [&hellip;]<\/p>\n","protected":false},"author":3,"featured_media":0,"comment_status":"open","ping_status":"open","sticky":false,"template":"","format":"standard","meta":{"footnotes":""},"categories":[20],"tags":[],"class_list":["post-261261","post","type-post","status-publish","format-standard","hentry","category-dominicana-hoy"],"_links":{"self":[{"href":"https:\/\/diariodominicano.com\/index.php?rest_route=\/wp\/v2\/posts\/261261","targetHints":{"allow":["GET"]}}],"collection":[{"href":"https:\/\/diariodominicano.com\/index.php?rest_route=\/wp\/v2\/posts"}],"about":[{"href":"https:\/\/diariodominicano.com\/index.php?rest_route=\/wp\/v2\/types\/post"}],"author":[{"embeddable":true,"href":"https:\/\/diariodominicano.com\/index.php?rest_route=\/wp\/v2\/users\/3"}],"replies":[{"embeddable":true,"href":"https:\/\/diariodominicano.com\/index.php?rest_route=%2Fwp%2Fv2%2Fcomments&post=261261"}],"version-history":[{"count":0,"href":"https:\/\/diariodominicano.com\/index.php?rest_route=\/wp\/v2\/posts\/261261\/revisions"}],"wp:attachment":[{"href":"https:\/\/diariodominicano.com\/index.php?rest_route=%2Fwp%2Fv2%2Fmedia&parent=261261"}],"wp:term":[{"taxonomy":"category","embeddable":true,"href":"https:\/\/diariodominicano.com\/index.php?rest_route=%2Fwp%2Fv2%2Fcategories&post=261261"},{"taxonomy":"post_tag","embeddable":true,"href":"https:\/\/diariodominicano.com\/index.php?rest_route=%2Fwp%2Fv2%2Ftags&post=261261"}],"curies":[{"name":"wp","href":"https:\/\/api.w.org\/{rel}","templated":true}]}}