{"id":261258,"date":"2020-12-06T23:43:58","date_gmt":"2020-12-06T23:43:58","guid":{"rendered":"http:\/\/diariodominicano.ddns.net\/?p=261258"},"modified":"2020-12-06T23:43:58","modified_gmt":"2020-12-06T23:43:58","slug":"presidente-abinader-anuncia-1600-viviendas-para-azua-y-entrega-centro-de-aislamiento-para-pacientes-de-covid-19","status":"publish","type":"post","link":"https:\/\/diariodominicano.com\/?p=261258","title":{"rendered":"Presidente Abinader anuncia 1,600 viviendas para Azua y entrega centro de aislamiento para pacientes de COVID-19"},"content":{"rendered":"<p><body><\/p>\n<p><img decoding=\"async\" src=\"http:\/\/localhost:8080\/img3\/abiander6-12-20.jpeg\" \/>  <\/p>\n<p><span class=\"text1noticias\"> <\/span><\/p>\n<p><span class=\"text1noticias\">diariodominicano.com<\/span><\/p>\n<p><span class=\"text1noticias\"> <\/span><\/p>\n<p><span class=\"text1noticias\">Azua, R. D., 6 de diciembre, 2020.- El Presidente de la Rep\u00fablica, Luis Abinader, junto al director del Instituto Nacional de la Vivienda (INVI), Carlos Bonilla, hicieron entrega de 6 viviendas y un centro de aislamiento en los Jovillos, en Azua.<\/span><\/p>\n<p><span class=\"text1noticias\"> <\/span><\/p>\n<p><span class=\"text1noticias\">Precisamente en Azua, el Gobierno, a trav\u00e9s del INVI, tiene previsto entregar m\u00e1s de 1,600 viviendas para familias que vivan en estado de vulnerabilidad en el territorio nacional, como parte del Plan Dominicana Se Reconstruye.<\/span><\/p>\n<p><span class=\"text1noticias\"> <\/span><\/p>\n<p><span class=\"text1noticias\">El presidente Abinader expres\u00f3 su inter\u00e9s en llevar tranquilidad a los comunitarios. \u00abEl bienestar de la poblaci\u00f3n viene acompa\u00f1ado de varias pol\u00edticas p\u00fablicas. Mejorar la vivienda, tener agua potable y buscar un sustento para que puedan vivir de manera digna trabajando para sostener a sus familias. Y yo quiero que Azua, y esos lugares donde hay un alto porcentaje de pobreza absoluta, pueda saltar y avanzar\u00bb, dijo el presidente.<\/span><\/p>\n<p><span class=\"text1noticias\"> <\/span><\/p>\n<p><span class=\"text1noticias\">\u00abNo importa partido pol\u00edtico, ni color, sino que ustedes, como familias, determinen lo que m\u00e1s necesiten. Azua necesita la ayuda del Gobierno y le vamos a dar la ayuda del Gobierno\u00bb, expres\u00f3 el mandatario en las palabras centrales.<\/span><\/p>\n<p><span class=\"text1noticias\"> <\/span><\/p>\n<p><span class=\"text1noticias\">Mientras que, Carlos Bonilla, director del INVI, manifest\u00f3 que: \u00abHemos venido avanzando con firmeza, trabajando con compromiso y entregando obras en distintas demarcaciones del pa\u00eds, sin excusas ni pretextos. Nos esforzamos para hacerlo con eficiencia y con total transparencia, y esto nos ha tra\u00eddo hoy hasta Azua. Hemos llegado con el compromiso de seguir recuperando el sentido de la vida que merecen los dominicanos, cumpliendo as\u00ed con la misi\u00f3n que nos ha encomendado nuestro presidente, Luis Abinader\u00bb.<\/span><\/p>\n<p><span class=\"text1noticias\"> <\/span><\/p>\n<p><span class=\"text1noticias\">Acompa\u00f1aron al presidente en este acto, Limber Cruz, ministro de Agricultura; \u00c1ngela P\u00e9rez, gobernadora; Lia D\u00edaz, senadora; Yadhira Henr\u00edquez, directora del Plan de Asistencia Social de la Presidencia; Ruddy Gonz\u00e1lez, alcalde de Azua; Olmedo Caba, director del Instituto Nacional de Recursos Hidra\u00falicos (INDRHI); Carlos Ram\u00edrez, diputado Azua y Tom\u00e1s Contreras, director Junta municipal de Los Jovillos.<\/span><\/p>\n<p><span class=\"text1noticias\"> <\/span><\/p>\n<p><span class=\"text1noticias\">El cura Dub\u00e1n L\u00f3pez Castro, p\u00e1rroco de la Iglesia Nuestra Se\u00f1ora de Los Remedios, tuvo a su cargo la bendici\u00f3n del acto.<\/span><\/p>\n<p><span class=\"text1noticias\"> <\/span><\/p>\n<p><span class=\"text1noticias\">Un centro de aislamiento para pacientes de COVID-19<\/span><\/p>\n<p><span class=\"text1noticias\"> <\/span><\/p>\n<p><span class=\"text1noticias\">El presidente Abinader encabez\u00f3 tambi\u00e9n el acto de entrega del Centro de Aislamiento COVID-19, que funcionar\u00e1 dentro de las instalaciones del Hospital Sim\u00f3n Striddels, en esta provincia de Azua.<\/span><\/p>\n<p><span class=\"text1noticias\"> <\/span><\/p>\n<p><span class=\"text1noticias\">\u00abEste centro de aislamiento hac\u00eda falta desde hace mucho y desde que llegamos al Gobierno nos empe\u00f1amos en llevarlo a cabo. Lo importante es que en estos meses que nos quedan de pandemia, tendremos este centro para los pacientes que as\u00ed lo necesiten\u00bb, expres\u00f3 el mandatario en las palabras centrales del acto.<\/span><\/p>\n<p><span class=\"text1noticias\"> <\/span><\/p>\n<p><span class=\"text1noticias\">Dicho espacio cuenta con 26 camas, de las que 12 pertenecen a la unidad de cuidados intensivos, cuatro para recuperaci\u00f3n y 14 para internamiento leve.<\/span><\/p>\n<p><span class=\"text1noticias\"> <\/span><\/p>\n<p><span class=\"text1noticias\">Igualmente, cuenta con \u00e1reas de esclusa, triaje, esterilizaci\u00f3n y de servicios; adem\u00e1s de cocina, comedor, lavander\u00eda, entre otras.<\/span><\/p>\n<p><span class=\"text1noticias\"> <\/span><\/p>\n<p><span class=\"text1noticias\">Acompa\u00f1aron al presidente en este acto, el ministro de Salud P\u00fablica, Plutarco Arias; ministro de Agricultura, Limber Cruz; el director del INVI, Carlos Bonilla; el director del Servicio Nacional de Salud (SNS), Mario Lama y Fernando Dur\u00e1n, administrador del Banco Agr\u00edcola.<\/span><\/p>\n<p><span class=\"text1noticias\"> <\/span><\/p>\n<p><span class=\"text1noticias\">Tambi\u00e9n presentes, \u00c1ngela P\u00e9rez, gobernadora, L\u00eda D\u00edaz, senadora y Brenda Ogando, diputada de la provincia.<\/span><\/p>\n<p><span class=\"text1noticias\"> <\/span><\/p>\n<p><span class=\"text1noticias\">Centro de Atenci\u00f3n Integral a la Primera Infancia<\/span><\/p>\n<p><span class=\"text1noticias\"> <\/span><\/p>\n<p><span class=\"text1noticias\">Como parte del recorrido por esta provincia, que lleva a cabo este domingo el presidente Luis Abinader, visit\u00f3 las instalaciones del Centro de Atenci\u00f3n Integral a la Primera Infancia El Prado, para entregar raciones alimenticias a m\u00e1s de 250 familias.<\/span><\/p>\n<p><span class=\"text1noticias\"> <\/span><\/p>\n<p><span class=\"text1noticias\">El centro brinda atenci\u00f3n a 250 ni\u00f1as y ni\u00f1os, de 0 a 5 a\u00f1os, a trav\u00e9s de la educaci\u00f3n inicial y la estimulaci\u00f3n temprana.<\/span><\/p>\n<p><span class=\"text1noticias\"> <\/span><\/p>\n<p><span class=\"text1noticias\">A raz\u00f3n de la pandemia y las medidas adoptadas para evitar la propagaci\u00f3n del virus, los ni\u00f1os y ni\u00f1as del Centro de Atenci\u00f3n Integral a la Primera Infancia El Prado, no asisten al centro, sin embargo, el Gobierno les brinda el apoyo necesario para que no falte alimentos a los infantes y sus familias.<\/span><\/p>\n<p><span class=\"text1noticias\"> <\/span><\/p>\n<p><span class=\"text1noticias\">Supervisi\u00f3n a trabajos de Plan Social y Comedores Econ\u00f3micos<\/span><\/p>\n<p><span class=\"text1noticias\"> <\/span><\/p>\n<p><span class=\"text1noticias\">Siguiendo la agenda de trabajo, el presidente Abinader aprovech\u00f3 tambi\u00e9n para dar seguimiento a los trabajos que realizan el Plan Nacional de Asistencia Social de la Presidencia y los Comedores Econ\u00f3micos en esta provincia de Azua.<\/span><\/p>\n<p><span class=\"text1noticias\"> <\/span><\/p>\n<p><span class=\"text1noticias\">El mandatario tambi\u00e9n hizo entrega de raciones alimenticias a los ciudadanos presentes.<\/span><\/p>\n<p><span class=\"text1noticias\"> <\/span><\/p>\n<p><span class=\"text1noticias\">En la actividad del Plan Social, estuvo presente el director de los Comedores Econ\u00f3micos, Edgar Feliz.<\/span><\/p>\n<p><span class=\"text1noticias\"> <\/span><\/p>\n<p><span class=\"text1noticias\">Fuente: Presidencia de la Rep\u00fab<\/span>lica Dominicana<\/p>\n<p>Noticias<\/p>\n<h6> 2020-12-06 23:43:58 <\/h6>\n<p><!--\n<link rel=\"stylesheet\" href=\"css\/bootstrap.min.css\">\n\n\n<ul class=\"pagination\">\n\t    \n\t\n\n<li >\n\t<a href='?page_no=143'>Previous<\/a>\n\t<\/li>\n\n\n       \n    \n\n<li><a href='?page_no=1'>1<\/a><\/li>\n\n\n\n<li><a href='?page_no=2'>2<\/a><\/li>\n\n\n\n<li><a>...<\/a><\/li>\n\n\n\n<li><a href='?page_no=142'>142<\/a><\/li>\n\n\n\n<li><a href='?page_no=143'>143<\/a><\/li>\n\n\n\n<li class='active'><a>144<\/a><\/li>\n\n\n\n<li><a href='?page_no=145'>145<\/a><\/li>\n\n\n\n<li><a href='?page_no=146'>146<\/a><\/li>\n\n\n\n<li><a>...<\/a><\/li>\n\n\n\n<li><a href='?page_no=181'>181<\/a><\/li>\n\n\n\n<li><a href='?page_no=182'>182<\/a><\/li>\n\n    \n\t\n\n<li >\n\t<a href='?page_no=145'>Next<\/a>\n\t<\/li>\n\n\n    \n\n<li><a href='?page_no=182'>Last &rsaquo;&rsaquo;<\/a><\/li>\n\n<\/ul>\n\n\n--><br \/>\n<\/body><\/p>\n","protected":false},"excerpt":{"rendered":"<p>diariodominicano.com Azua, R. D., 6 de diciembre, 2020.- El Presidente de la Rep\u00fablica, Luis Abinader, junto al director del Instituto Nacional de la Vivienda (INVI), Carlos Bonilla, hicieron entrega de 6 viviendas y un centro de aislamiento en los Jovillos, en Azua. Precisamente en Azua, el Gobierno, a trav\u00e9s del INVI, tiene previsto entregar m\u00e1s [&hellip;]<\/p>\n","protected":false},"author":3,"featured_media":0,"comment_status":"open","ping_status":"open","sticky":false,"template":"","format":"standard","meta":{"footnotes":""},"categories":[20],"tags":[],"class_list":["post-261258","post","type-post","status-publish","format-standard","hentry","category-dominicana-hoy"],"_links":{"self":[{"href":"https:\/\/diariodominicano.com\/index.php?rest_route=\/wp\/v2\/posts\/261258","targetHints":{"allow":["GET"]}}],"collection":[{"href":"https:\/\/diariodominicano.com\/index.php?rest_route=\/wp\/v2\/posts"}],"about":[{"href":"https:\/\/diariodominicano.com\/index.php?rest_route=\/wp\/v2\/types\/post"}],"author":[{"embeddable":true,"href":"https:\/\/diariodominicano.com\/index.php?rest_route=\/wp\/v2\/users\/3"}],"replies":[{"embeddable":true,"href":"https:\/\/diariodominicano.com\/index.php?rest_route=%2Fwp%2Fv2%2Fcomments&post=261258"}],"version-history":[{"count":0,"href":"https:\/\/diariodominicano.com\/index.php?rest_route=\/wp\/v2\/posts\/261258\/revisions"}],"wp:attachment":[{"href":"https:\/\/diariodominicano.com\/index.php?rest_route=%2Fwp%2Fv2%2Fmedia&parent=261258"}],"wp:term":[{"taxonomy":"category","embeddable":true,"href":"https:\/\/diariodominicano.com\/index.php?rest_route=%2Fwp%2Fv2%2Fcategories&post=261258"},{"taxonomy":"post_tag","embeddable":true,"href":"https:\/\/diariodominicano.com\/index.php?rest_route=%2Fwp%2Fv2%2Ftags&post=261258"}],"curies":[{"name":"wp","href":"https:\/\/api.w.org\/{rel}","templated":true}]}}