{"id":261257,"date":"2020-12-06T23:53:01","date_gmt":"2020-12-06T23:53:01","guid":{"rendered":"http:\/\/diariodominicano.ddns.net\/?p=261257"},"modified":"2020-12-06T23:53:01","modified_gmt":"2020-12-06T23:53:01","slug":"presidente-abinader-entrega-uci-hospital-de-azua-tras-15-anos-sin-servicio","status":"publish","type":"post","link":"https:\/\/diariodominicano.com\/?p=261257","title":{"rendered":"Presidente Abinader entrega UCI hospital de Azua, tras 15 a\u00f1os sin servicio"},"content":{"rendered":"<p><body><\/p>\n<p><img decoding=\"async\" src=\"http:\/\/localhost:8080\/img3\/HospitalAzua6-12-20.jpeg\" \/>  <\/p>\n<p><span class=\"text1noticias\"> diariodominicano.com<\/span><\/p>\n<p><span class=\"text1noticias\"> <\/span><\/p>\n<p><span class=\"text1noticias\">Azua, R. D., 6 de diciembre, 2020.- El presidente Luis Abinader inaugur\u00f3 este domingo una nueva y moderna unidad de cuidados intensivos (UCI) en el hospital Regional Taiw\u00e1n 19 de marzo, en la provincia sure\u00f1a, la cual ten\u00eda 15 a\u00f1os fuera de funcionamiento por falta de equipamiento.<\/span><\/p>\n<p><span class=\"text1noticias\"> <\/span><\/p>\n<p><span class=\"text1noticias\">La anhelada UCI, entregada por el Gobierno a trav\u00e9s del Servicio Nacional de Salud (SNS), cuenta con siete camas, cada una equipada con su ventilador y monitor, adem\u00e1s del personal necesario, reci\u00e9n designado por el SNS.<\/span><\/p>\n<p><span class=\"text1noticias\"> <\/span><\/p>\n<p><span class=\"text1noticias\">Entre los nuevos colaboradores que brindar\u00e1n servicios en la referida unidad, hay diez enfermeras, ocho de atenci\u00f3n directa y dos auxiliares; nueve m\u00e9dicos, cuatro generales y un internista; un ortopeda, un pediatra, un pediatra endocrin\u00f3logo y un radi\u00f3logo.<\/span><\/p>\n<p><span class=\"text1noticias\"> <\/span><\/p>\n<p><span class=\"text1noticias\">El director del SNS, doctor Mario Lama, destac\u00f3 la importancia de esta UCI tan esperada por los azuanos y otros comunitarios desde hace m\u00e1s de 15 a\u00f1os, cuando fue inaugurado el centro sin poner en funcionamiento un \u00e1rea tan vital como la unidad de cuidados intensivos.<\/span><\/p>\n<p><span class=\"text1noticias\"> <\/span><\/p>\n<p><span class=\"text1noticias\">\u00abGracias a la apertura de esta unidad, el hospital Taiw\u00e1n no tendr\u00e1 que referir pacientes cr\u00edticos que acuden mayormente afectados por traumas, lo que ayudar\u00e1 a descongestionar otros hospitales y lo m\u00e1s importante, a preservar la vida de estos pacientes con una atenci\u00f3n oportuna y de calidad\u00bb, destac\u00f3 el doctor Lama.<\/span><\/p>\n<p><span class=\"text1noticias\"> <\/span><\/p>\n<p><span class=\"text1noticias\">La referida UCI beneficiar\u00e1 a los azuanos as\u00ed como a residentes de Ocoa, Ban\u00ed y provincias del sur profundo, quienes tambi\u00e9n acuden en demanda de servicios de salud al hospital Taiw\u00e1n.<\/span><\/p>\n<p><span class=\"text1noticias\"> <\/span><\/p>\n<p><span class=\"text1noticias\">Nueva unidad COVID-19 en Azua<\/span><\/p>\n<p><span class=\"text1noticias\"> <\/span><\/p>\n<p><span class=\"text1noticias\">De manera simult\u00e1nea, el presidente Abinader, junto al director del SNS, tambi\u00e9n dej\u00f3 inaugurada la nueva unidad para atenci\u00f3n a pacientes cr\u00edticos, afectados por COVID-19, en el hospital Sim\u00f3n Stridel de Azua.<\/span><\/p>\n<p><span class=\"text1noticias\"> <\/span><\/p>\n<p><span class=\"text1noticias\">La nueva \u00e1rea COVID-19 cuenta con cinco camas para cuidados cr\u00edticos, totalmente equipadas con monitores y bombas de infusi\u00f3n, que garantizar\u00e1 la respuesta oportuna para las personas de la zona a los que se les complique su estado de salud a causa de la<\/span> pandemia.<\/p>\n<h6> 2020-12-06 23:53:01 <\/h6>\n<p><!--\n<link rel=\"stylesheet\" href=\"css\/bootstrap.min.css\">\n\n\n<ul class=\"pagination\">\n\t    \n\t\n\n<li >\n\t<a href='?page_no=142'>Previous<\/a>\n\t<\/li>\n\n\n       \n    \n\n<li><a href='?page_no=1'>1<\/a><\/li>\n\n\n\n<li><a href='?page_no=2'>2<\/a><\/li>\n\n\n\n<li><a>...<\/a><\/li>\n\n\n\n<li><a href='?page_no=141'>141<\/a><\/li>\n\n\n\n<li><a href='?page_no=142'>142<\/a><\/li>\n\n\n\n<li class='active'><a>143<\/a><\/li>\n\n\n\n<li><a href='?page_no=144'>144<\/a><\/li>\n\n\n\n<li><a href='?page_no=145'>145<\/a><\/li>\n\n\n\n<li><a>...<\/a><\/li>\n\n\n\n<li><a href='?page_no=181'>181<\/a><\/li>\n\n\n\n<li><a href='?page_no=182'>182<\/a><\/li>\n\n    \n\t\n\n<li >\n\t<a href='?page_no=144'>Next<\/a>\n\t<\/li>\n\n\n    \n\n<li><a href='?page_no=182'>Last &rsaquo;&rsaquo;<\/a><\/li>\n\n<\/ul>\n\n\n--><br \/>\n<\/body><\/p>\n","protected":false},"excerpt":{"rendered":"<p>diariodominicano.com Azua, R. D., 6 de diciembre, 2020.- El presidente Luis Abinader inaugur\u00f3 este domingo una nueva y moderna unidad de cuidados intensivos (UCI) en el hospital Regional Taiw\u00e1n 19 de marzo, en la provincia sure\u00f1a, la cual ten\u00eda 15 a\u00f1os fuera de funcionamiento por falta de equipamiento. La anhelada UCI, entregada por el Gobierno [&hellip;]<\/p>\n","protected":false},"author":3,"featured_media":0,"comment_status":"open","ping_status":"open","sticky":false,"template":"","format":"standard","meta":{"footnotes":""},"categories":[20],"tags":[],"class_list":["post-261257","post","type-post","status-publish","format-standard","hentry","category-dominicana-hoy"],"_links":{"self":[{"href":"https:\/\/diariodominicano.com\/index.php?rest_route=\/wp\/v2\/posts\/261257","targetHints":{"allow":["GET"]}}],"collection":[{"href":"https:\/\/diariodominicano.com\/index.php?rest_route=\/wp\/v2\/posts"}],"about":[{"href":"https:\/\/diariodominicano.com\/index.php?rest_route=\/wp\/v2\/types\/post"}],"author":[{"embeddable":true,"href":"https:\/\/diariodominicano.com\/index.php?rest_route=\/wp\/v2\/users\/3"}],"replies":[{"embeddable":true,"href":"https:\/\/diariodominicano.com\/index.php?rest_route=%2Fwp%2Fv2%2Fcomments&post=261257"}],"version-history":[{"count":0,"href":"https:\/\/diariodominicano.com\/index.php?rest_route=\/wp\/v2\/posts\/261257\/revisions"}],"wp:attachment":[{"href":"https:\/\/diariodominicano.com\/index.php?rest_route=%2Fwp%2Fv2%2Fmedia&parent=261257"}],"wp:term":[{"taxonomy":"category","embeddable":true,"href":"https:\/\/diariodominicano.com\/index.php?rest_route=%2Fwp%2Fv2%2Fcategories&post=261257"},{"taxonomy":"post_tag","embeddable":true,"href":"https:\/\/diariodominicano.com\/index.php?rest_route=%2Fwp%2Fv2%2Ftags&post=261257"}],"curies":[{"name":"wp","href":"https:\/\/api.w.org\/{rel}","templated":true}]}}