{"id":261255,"date":"2020-12-07T11:00:33","date_gmt":"2020-12-07T11:00:33","guid":{"rendered":"http:\/\/diariodominicano.ddns.net\/?p=261255"},"modified":"2020-12-07T11:00:33","modified_gmt":"2020-12-07T11:00:33","slug":"continuan-altas-cifras-de-contagiados-con-la-covid-19-en-dominicana","status":"publish","type":"post","link":"https:\/\/diariodominicano.com\/?p=261255","title":{"rendered":"Contin\u00faan altas cifras de contagiados con la Covid-19 en Dominicana"},"content":{"rendered":"<p><body><\/p>\n<p><img decoding=\"async\" src=\"http:\/\/localhost:8080\/img3\/Covid19-6-12-20.jpg\" \/>  <\/p>\n<p><span class=\"text1noticias\">diariodominicano.com<\/span><\/p>\n<\/p>\n<p><span class=\"text1noticias\">Santo Domingo, 7 dic (Prensa Latina) Contin\u00faan altas las cifras de contagiados con la Covid-19 en Dominicana, al reportar hoy el Ministerio de Salud P\u00fablica 685 nuevos casos en las \u00faltimas 24 horas y as\u00ed llegar a los 149 mil 138.<\/span><\/p>\n<p><span class=\"text1noticias\"> <\/span><\/p>\n<p><span class=\"text1noticias\">Seg\u00fan el bolet\u00edn especial de este lunes, existen en el pa\u00eds 29 mil 390 casos activos, se recuperaron 117 mil 402 enfermos y fueron descartadas 607 mil 905 personas despu\u00e9s de efectuarse las pruebas.<\/span><\/p>\n<p><span class=\"text1noticias\"> <\/span><\/p>\n<p><span class=\"text1noticias\">En cuanto a los fallecidos las autoridades sanitarias reportaron un solo caso y el total se ubic\u00f3 en dos mil 346.<\/span><\/p>\n<p><span class=\"text1noticias\"> <\/span><\/p>\n<p><span class=\"text1noticias\">Contin\u00faa el Distrito Nacional con la mayor cantidad de casos registrados con 38 mil 922, seguido de la provincia de Santo Domingo con 30 mil 583 y Santiago con 15 mil 479.<\/span><\/p>\n<p><span class=\"text1noticias\"> <\/span><\/p>\n<p><span class=\"text1noticias\">La ocupaci\u00f3n hospitalaria para la atenci\u00f3n de la Covid-19 est\u00e1 al 29 por ciento y creci\u00f3 en el caso de las Unidades de Cuidados Intensivos al llegar al 43.<\/span><\/p>\n<p><span class=\"text1noticias\"> <\/span><\/p>\n<p><span class=\"text1noticias\">Por su parte, de los 385 ventiladores que existen en el pa\u00eds, est\u00e1n ocupados 110 para un 29 por ciento.<\/span><\/p>\n<p><span class=\"text1noticias\"> <\/span><\/p>\n<p><span class=\"text1noticias\">j<\/span>cm\/ema<\/p>\n<h6> 2020-12-07 11:00:33 <\/h6>\n<p><!--\n<link rel=\"stylesheet\" href=\"css\/bootstrap.min.css\">\n\n\n<ul class=\"pagination\">\n\t    \n\t\n\n<li >\n\t<a href='?page_no=140'>Previous<\/a>\n\t<\/li>\n\n\n       \n    \n\n<li><a href='?page_no=1'>1<\/a><\/li>\n\n\n\n<li><a href='?page_no=2'>2<\/a><\/li>\n\n\n\n<li><a>...<\/a><\/li>\n\n\n\n<li><a href='?page_no=139'>139<\/a><\/li>\n\n\n\n<li><a href='?page_no=140'>140<\/a><\/li>\n\n\n\n<li class='active'><a>141<\/a><\/li>\n\n\n\n<li><a href='?page_no=142'>142<\/a><\/li>\n\n\n\n<li><a href='?page_no=143'>143<\/a><\/li>\n\n\n\n<li><a>...<\/a><\/li>\n\n\n\n<li><a href='?page_no=181'>181<\/a><\/li>\n\n\n\n<li><a href='?page_no=182'>182<\/a><\/li>\n\n    \n\t\n\n<li >\n\t<a href='?page_no=142'>Next<\/a>\n\t<\/li>\n\n\n    \n\n<li><a href='?page_no=182'>Last &rsaquo;&rsaquo;<\/a><\/li>\n\n<\/ul>\n\n\n--><br \/>\n<\/body><\/p>\n","protected":false},"excerpt":{"rendered":"<p>diariodominicano.com Santo Domingo, 7 dic (Prensa Latina) Contin\u00faan altas las cifras de contagiados con la Covid-19 en Dominicana, al reportar hoy el Ministerio de Salud P\u00fablica 685 nuevos casos en las \u00faltimas 24 horas y as\u00ed llegar a los 149 mil 138. Seg\u00fan el bolet\u00edn especial de este lunes, existen en el pa\u00eds 29 mil [&hellip;]<\/p>\n","protected":false},"author":3,"featured_media":0,"comment_status":"open","ping_status":"open","sticky":false,"template":"","format":"standard","meta":{"footnotes":""},"categories":[20],"tags":[],"class_list":["post-261255","post","type-post","status-publish","format-standard","hentry","category-dominicana-hoy"],"_links":{"self":[{"href":"https:\/\/diariodominicano.com\/index.php?rest_route=\/wp\/v2\/posts\/261255","targetHints":{"allow":["GET"]}}],"collection":[{"href":"https:\/\/diariodominicano.com\/index.php?rest_route=\/wp\/v2\/posts"}],"about":[{"href":"https:\/\/diariodominicano.com\/index.php?rest_route=\/wp\/v2\/types\/post"}],"author":[{"embeddable":true,"href":"https:\/\/diariodominicano.com\/index.php?rest_route=\/wp\/v2\/users\/3"}],"replies":[{"embeddable":true,"href":"https:\/\/diariodominicano.com\/index.php?rest_route=%2Fwp%2Fv2%2Fcomments&post=261255"}],"version-history":[{"count":0,"href":"https:\/\/diariodominicano.com\/index.php?rest_route=\/wp\/v2\/posts\/261255\/revisions"}],"wp:attachment":[{"href":"https:\/\/diariodominicano.com\/index.php?rest_route=%2Fwp%2Fv2%2Fmedia&parent=261255"}],"wp:term":[{"taxonomy":"category","embeddable":true,"href":"https:\/\/diariodominicano.com\/index.php?rest_route=%2Fwp%2Fv2%2Fcategories&post=261255"},{"taxonomy":"post_tag","embeddable":true,"href":"https:\/\/diariodominicano.com\/index.php?rest_route=%2Fwp%2Fv2%2Ftags&post=261255"}],"curies":[{"name":"wp","href":"https:\/\/api.w.org\/{rel}","templated":true}]}}