{"id":261252,"date":"2020-12-07T11:20:35","date_gmt":"2020-12-07T11:20:35","guid":{"rendered":"http:\/\/diariodominicano.ddns.net\/?p=261252"},"modified":"2020-12-07T11:20:35","modified_gmt":"2020-12-07T11:20:35","slug":"presidente-abinader-asiste-a-primer-palazo-e-inauguracion-de-dos-complejos-residenciales-en-bani","status":"publish","type":"post","link":"https:\/\/diariodominicano.com\/?p=261252","title":{"rendered":"Presidente Abinader asiste a primer palazo e inauguraci\u00f3n de dos complejos residenciales en Ban\u00ed"},"content":{"rendered":"<p><body><\/p>\n<p><img decoding=\"async\" src=\"http:\/\/localhost:8080\/img3\/abinaderViviendas Bani.jpeg\" \/>  <\/p>\n<p><span class=\"text1noticias\">diariodominicano.com<\/span><\/p>\n<p><span class=\"text1noticias\"> <\/span><\/p>\n<p><span class=\"text1noticias\">Ban\u00ed, Peravia, R. D., 7 de diciembre, 2020.- El presidente Luis Abinader asisti\u00f3 al primer palazo que dejar\u00e1 iniciados los trabajos de construcci\u00f3n del residencial Marcelo II, y de igual forma realiz\u00f3 el corte de cinta para inaugurar el residencial Marcelo, ambos proyectos en esta provincia de Peravia, con una inversi\u00f3n de 1,000 millones de pesos.<\/span><\/p>\n<p><span class=\"text1noticias\"> <\/span><\/p>\n<p><span class=\"text1noticias\">La construcci\u00f3n de estos complejos habitacionales est\u00e1 a cargo del Grupo Servinta, que lleva m\u00e1s de diez a\u00f1os construyendo viviendas en Rep\u00fablica Dominicana.<\/span><\/p>\n<p><span class=\"text1noticias\"> <\/span><\/p>\n<p><span class=\"text1noticias\">Al mandatario lo acompa\u00f1aron, Jes\u00fas -Ch\u00fa- V\u00e1squez Mart\u00ednez, ministro de Interior y Polic\u00eda; mayor general Edward S\u00e1nchez, director de la Polic\u00eda Nacional y Milton Morrison, gerente general de Edesur. Adem\u00e1s, Jos\u00e9 Guti\u00e9rrez, gerente general de Grupo Servinta; Alberto Torres y Pedro Ander Fern\u00e1ndez, socios inversionistas.<\/span><\/p>\n<p><span class=\"text1noticias\"> <\/span><\/p>\n<p><span class=\"text1noticias\">En las palabras centrales, Jos\u00e9 Guti\u00e9rrez, destac\u00f3 el apoyo recibido por el Gobierno del presidente Luis Abinader y el impulso que han recibido en estos primeros 100 d\u00edas las alianzas p\u00fablico-privadas.<\/span><\/p>\n<p><span class=\"text1noticias\"> <\/span><\/p>\n<p><span class=\"text1noticias\">Guti\u00e9rrez anunci\u00f3 tambi\u00e9n la disposici\u00f3n del grupo inmobiliario de construir unas 10 mil viviendas m\u00e1s, y asegur\u00f3 que cuentan con el terreno, los fondos de inversi\u00f3n y el apoyo de la banca nac<\/span>ional.<\/p>\n<h6> 2020-12-07 11:20:35 <\/h6>\n<p><!--\n<link rel=\"stylesheet\" href=\"css\/bootstrap.min.css\">\n\n\n<ul class=\"pagination\">\n\t    \n\t\n\n<li >\n\t<a href='?page_no=138'>Previous<\/a>\n\t<\/li>\n\n\n       \n    \n\n<li><a href='?page_no=1'>1<\/a><\/li>\n\n\n\n<li><a href='?page_no=2'>2<\/a><\/li>\n\n\n\n<li><a>...<\/a><\/li>\n\n\n\n<li><a href='?page_no=137'>137<\/a><\/li>\n\n\n\n<li><a href='?page_no=138'>138<\/a><\/li>\n\n\n\n<li class='active'><a>139<\/a><\/li>\n\n\n\n<li><a href='?page_no=140'>140<\/a><\/li>\n\n\n\n<li><a href='?page_no=141'>141<\/a><\/li>\n\n\n\n<li><a>...<\/a><\/li>\n\n\n\n<li><a href='?page_no=181'>181<\/a><\/li>\n\n\n\n<li><a href='?page_no=182'>182<\/a><\/li>\n\n    \n\t\n\n<li >\n\t<a href='?page_no=140'>Next<\/a>\n\t<\/li>\n\n\n    \n\n<li><a href='?page_no=182'>Last &rsaquo;&rsaquo;<\/a><\/li>\n\n<\/ul>\n\n\n--><br \/>\n<\/body><\/p>\n","protected":false},"excerpt":{"rendered":"<p>diariodominicano.com Ban\u00ed, Peravia, R. D., 7 de diciembre, 2020.- El presidente Luis Abinader asisti\u00f3 al primer palazo que dejar\u00e1 iniciados los trabajos de construcci\u00f3n del residencial Marcelo II, y de igual forma realiz\u00f3 el corte de cinta para inaugurar el residencial Marcelo, ambos proyectos en esta provincia de Peravia, con una inversi\u00f3n de 1,000 millones [&hellip;]<\/p>\n","protected":false},"author":3,"featured_media":0,"comment_status":"open","ping_status":"open","sticky":false,"template":"","format":"standard","meta":{"footnotes":""},"categories":[20],"tags":[],"class_list":["post-261252","post","type-post","status-publish","format-standard","hentry","category-dominicana-hoy"],"_links":{"self":[{"href":"https:\/\/diariodominicano.com\/index.php?rest_route=\/wp\/v2\/posts\/261252","targetHints":{"allow":["GET"]}}],"collection":[{"href":"https:\/\/diariodominicano.com\/index.php?rest_route=\/wp\/v2\/posts"}],"about":[{"href":"https:\/\/diariodominicano.com\/index.php?rest_route=\/wp\/v2\/types\/post"}],"author":[{"embeddable":true,"href":"https:\/\/diariodominicano.com\/index.php?rest_route=\/wp\/v2\/users\/3"}],"replies":[{"embeddable":true,"href":"https:\/\/diariodominicano.com\/index.php?rest_route=%2Fwp%2Fv2%2Fcomments&post=261252"}],"version-history":[{"count":0,"href":"https:\/\/diariodominicano.com\/index.php?rest_route=\/wp\/v2\/posts\/261252\/revisions"}],"wp:attachment":[{"href":"https:\/\/diariodominicano.com\/index.php?rest_route=%2Fwp%2Fv2%2Fmedia&parent=261252"}],"wp:term":[{"taxonomy":"category","embeddable":true,"href":"https:\/\/diariodominicano.com\/index.php?rest_route=%2Fwp%2Fv2%2Fcategories&post=261252"},{"taxonomy":"post_tag","embeddable":true,"href":"https:\/\/diariodominicano.com\/index.php?rest_route=%2Fwp%2Fv2%2Ftags&post=261252"}],"curies":[{"name":"wp","href":"https:\/\/api.w.org\/{rel}","templated":true}]}}