{"id":261251,"date":"2020-12-07T13:08:53","date_gmt":"2020-12-07T13:08:53","guid":{"rendered":"http:\/\/diariodominicano.ddns.net\/?p=261251"},"modified":"2020-12-07T13:08:53","modified_gmt":"2020-12-07T13:08:53","slug":"gabinete-presidencial-de-salud-que-dirige-la-vicepresidenta-visita-hospital-ney-arias-lora","status":"publish","type":"post","link":"https:\/\/diariodominicano.com\/?p=261251","title":{"rendered":"&#13;Gabinete Presidencial de Salud que dirige la vicepresidenta visita hospital Ney Arias Lora"},"content":{"rendered":"<p><body><\/p>\n<p><img decoding=\"async\" src=\"http:\/\/localhost:8080\/img3\/NeyAriasHosp7-12-20.JPG\" \/>  <\/p>\n<p><span class=\"text1noticias\"> diariodominicano.com<\/span><\/p>\n<p><span class=\"text1noticias\">Santo Domingo, R. D., 7 de diciembre, 2020.- El Gabinete presidencial de Salud encabezado por la excelent\u00edsima Vicepresidenta de la Rep\u00fablica, Raquel Pe\u00f1a, junto al ministro de Salud, Plutarco Arias, el director del Servicio Nacional de Salud, Mario Lama, el director del Seguro Nacional de Salud, Santiago Hazim as\u00ed como el director de Promese\/Cal, Adolfo P\u00e9rez, visitaron este lunes el hospital Ney Arias Lora y toda la ciudad sanitaria Evangelina Rodr\u00edguez Perozo.   <\/span><\/p>\n<p><span class=\"text1noticias\"> <\/span><\/p>\n<p><span class=\"text1noticias\">La vicepresidenta Raquel Pe\u00f1a, escuch\u00f3 al director del hospital Traumatol\u00f3gico doctor Ney Arias Lora, doctor Julio Landr\u00f3n, quien  extern\u00f3 las principales necesidades que tiene el centro de salud en la actualidad.<\/span><\/p>\n<p><span class=\"text1noticias\"> <\/span><\/p>\n<p><span class=\"text1noticias\">Tras escuchar las necesidades del centro la vicepresidenta dijo conocer los avances y logros obtenidos en la nueva gesti\u00f3n y asegur\u00f3 que pueden continuar con su apoyo para seguir mejorando los servicios de atenci\u00f3n en dicho establecimiento.  <\/span><\/p>\n<p><span class=\"text1noticias\"> <\/span><\/p>\n<p><span class=\"text1noticias\">En el encuentro Landr\u00f3n,  solicit\u00f3 buscar las soluciones a los principales problemas del establecimiento de salud, con el objetivo de brindar un mejor servicio a los usuarios. <\/span><\/p>\n<p><span class=\"text1noticias\"> <\/span><\/p>\n<p><span class=\"text1noticias\">Landr\u00f3n extern\u00f3 al gabinete de Salud que preside la Vicepresidenta otras situaciones que se presentan en el complejo y que pueden ser resuelta de manera colectiva, as\u00ed como su propuesta para construir un helipuerto que permita que aquellos pacientes que necesiten traslado al complejo v\u00eda a\u00e9rea tengan la facilidad de llegar de manera r\u00e1pida y recibir atenci\u00f3n de manera oportuna.<\/span><\/p>\n<p><span class=\"text1noticias\"> <\/span><\/p>\n<p><span class=\"text1noticias\">\u00abEn estos dos \u00faltimos meses el hospital ha aumentado en un 40 % la asistencia de la poblaci\u00f3n en busca de servicios, debido a la confianza que tienen los usuarios y luego de la habilitaci\u00f3n y rescate de \u00e1reas importantes del centro\u00bb agreg\u00f3 el especialista quien tambi\u00e9n es presidente de la Sociedad Dominicana de Ortopedia.  <\/span><\/p>\n<p><span class=\"text1noticias\"> <\/span><\/p>\n<p><span class=\"text1noticias\">Previo a finalizar el encuentro la vicepresidenta plasm\u00f3 su firma en el libro de visitas de la instituci\u00f3n <\/span><\/p>\n<p><span class=\"text1noticias\"> <\/span><\/p>\n<p><span class=\"text1noticias\">En el encuentro tambi\u00e9n participaron los directores de los dem\u00e1s hospitales del centro sanitario. <\/span><\/p>\n<p><span class=\"text1noticias\"> <\/span><\/p>\n<p><span class=\"text1noticias\"> Fuente: PRENSA HOSPITAL NEY ARIAS LORA <\/span><\/p>\n<p><span class=\"text1noticias\">HOSPITAL TRAUMATOL\u00d3GICO NEY ARIAS LORA<\/span><\/p>\n<p><span class=\"text1noticias\">GERENCIA DE COMUNICACI\u00d3N Y RELACIO<\/span>NES P\u00daBLICAS<\/p>\n<h6> 2020-12-07 13:08:53 <\/h6>\n<p><!--\n<link rel=\"stylesheet\" href=\"css\/bootstrap.min.css\">\n\n\n<ul class=\"pagination\">\n\t    \n\t\n\n<li >\n\t<a href='?page_no=137'>Previous<\/a>\n\t<\/li>\n\n\n       \n    \n\n<li><a href='?page_no=1'>1<\/a><\/li>\n\n\n\n<li><a href='?page_no=2'>2<\/a><\/li>\n\n\n\n<li><a>...<\/a><\/li>\n\n\n\n<li><a href='?page_no=136'>136<\/a><\/li>\n\n\n\n<li><a href='?page_no=137'>137<\/a><\/li>\n\n\n\n<li class='active'><a>138<\/a><\/li>\n\n\n\n<li><a href='?page_no=139'>139<\/a><\/li>\n\n\n\n<li><a href='?page_no=140'>140<\/a><\/li>\n\n\n\n<li><a>...<\/a><\/li>\n\n\n\n<li><a href='?page_no=181'>181<\/a><\/li>\n\n\n\n<li><a href='?page_no=182'>182<\/a><\/li>\n\n    \n\t\n\n<li >\n\t<a href='?page_no=139'>Next<\/a>\n\t<\/li>\n\n\n    \n\n<li><a href='?page_no=182'>Last &rsaquo;&rsaquo;<\/a><\/li>\n\n<\/ul>\n\n\n--><br \/>\n<\/body><\/p>\n","protected":false},"excerpt":{"rendered":"<p>diariodominicano.com Santo Domingo, R. D., 7 de diciembre, 2020.- El Gabinete presidencial de Salud encabezado por la excelent\u00edsima Vicepresidenta de la Rep\u00fablica, Raquel Pe\u00f1a, junto al ministro de Salud, Plutarco Arias, el director del Servicio Nacional de Salud, Mario Lama, el director del Seguro Nacional de Salud, Santiago Hazim as\u00ed como el director de Promese\/Cal, [&hellip;]<\/p>\n","protected":false},"author":3,"featured_media":0,"comment_status":"open","ping_status":"open","sticky":false,"template":"","format":"standard","meta":{"footnotes":""},"categories":[20],"tags":[],"class_list":["post-261251","post","type-post","status-publish","format-standard","hentry","category-dominicana-hoy"],"_links":{"self":[{"href":"https:\/\/diariodominicano.com\/index.php?rest_route=\/wp\/v2\/posts\/261251","targetHints":{"allow":["GET"]}}],"collection":[{"href":"https:\/\/diariodominicano.com\/index.php?rest_route=\/wp\/v2\/posts"}],"about":[{"href":"https:\/\/diariodominicano.com\/index.php?rest_route=\/wp\/v2\/types\/post"}],"author":[{"embeddable":true,"href":"https:\/\/diariodominicano.com\/index.php?rest_route=\/wp\/v2\/users\/3"}],"replies":[{"embeddable":true,"href":"https:\/\/diariodominicano.com\/index.php?rest_route=%2Fwp%2Fv2%2Fcomments&post=261251"}],"version-history":[{"count":0,"href":"https:\/\/diariodominicano.com\/index.php?rest_route=\/wp\/v2\/posts\/261251\/revisions"}],"wp:attachment":[{"href":"https:\/\/diariodominicano.com\/index.php?rest_route=%2Fwp%2Fv2%2Fmedia&parent=261251"}],"wp:term":[{"taxonomy":"category","embeddable":true,"href":"https:\/\/diariodominicano.com\/index.php?rest_route=%2Fwp%2Fv2%2Fcategories&post=261251"},{"taxonomy":"post_tag","embeddable":true,"href":"https:\/\/diariodominicano.com\/index.php?rest_route=%2Fwp%2Fv2%2Ftags&post=261251"}],"curies":[{"name":"wp","href":"https:\/\/api.w.org\/{rel}","templated":true}]}}