{"id":261250,"date":"2020-12-08T11:17:52","date_gmt":"2020-12-08T11:17:52","guid":{"rendered":"http:\/\/diariodominicano.ddns.net\/?p=261250"},"modified":"2020-12-08T11:17:52","modified_gmt":"2020-12-08T11:17:52","slug":"ministerio-de-agricultura-realiza-pagos-de-salarios-atrasados-desde-pasada-gestion-a-mas-de-400-tecnicos-contratados-del-area-agropecuaria","status":"publish","type":"post","link":"https:\/\/diariodominicano.com\/?p=261250","title":{"rendered":"Ministerio de Agricultura realiza pagos de salarios atrasados desde pasada gesti\u00f3n a m\u00e1s de 400 t\u00e9cnicos contratados del \u00e1rea agropecuaria"},"content":{"rendered":"<p><body><\/p>\n<p><img decoding=\"async\" src=\"http:\/\/localhost:8080\/img3\/agricultura8-12-20.jpeg\" \/>  <\/p>\n<p><span class=\"text1noticias\"> <\/span><\/p>\n<p><span class=\"text1noticias\">diariodominicano.com<\/span><\/p>\n<p><span class=\"text1noticias\"> <\/span><\/p>\n<p><span class=\"text1noticias\"> Santo Domingo, R. D., 8 de diciembre de 2020.- El ministro de Agricultura, Limber Cruz dispuso el pago y la regularizaci\u00f3n de 400 t\u00e9cnicos de diversas especialidades del \u00e1rea agropecuaria que ten\u00edan a\u00f1os designados por contrato y hab\u00edan acumulado varios meses sin cobrar.  <\/span><\/p>\n<p><span class=\"text1noticias\"> <\/span><\/p>\n<p><span class=\"text1noticias\">Durante un encuentro con los trabajadores, encabezado por el jefe de Gabinete del Ministerio, Freddy Fern\u00e1ndez, el titular de la cartera dispuso el pago inmediato de los meses atrasados y la renovaci\u00f3n de los contratos para que los t\u00e9cnicos puedan seguir laborando y recibiendo sus merecidos salarios.  <\/span><\/p>\n<p><span class=\"text1noticias\"> <\/span><\/p>\n<p><span class=\"text1noticias\">Los especialistas que ser\u00e1n recontratados pertenecen a los departamentos de Sanidad Vegetal de los Aeropuertos de Las Am\u00e9ricas, Punta Canta, El Catey, La Romana, Santiago y otros. Tambi\u00e9n de Inocuidad Alimentaria, Micro Biolog\u00eda, Caminos Vecinales, de las diversas Regionales y Subregionales Agropecuaria; y de las distintas \u00e1reas administrativas de la sede central. <\/span><\/p>\n<p><span class=\"text1noticias\">  <\/span><\/p>\n<p><span class=\"text1noticias\">Un caso que llam\u00f3 la atenci\u00f3n durante el encuentro es la de seis t\u00e9cnicos de Inocuidad Vegetal que fueron designados por contrato desde el 2013, y que fue el Ministerio de Agricultura que les cubri\u00f3 los cursos de especializaci\u00f3n, los cuales ten\u00edan cuatro meses sin cobrar y con los contratos en una situaci\u00f3n indefinida. <\/span><\/p>\n<p><span class=\"text1noticias\"> <\/span><\/p>\n<p><span class=\"text1noticias\">Los contratados no acumulaban derechos adquiridos como regal\u00eda pascual, seguro m\u00e9dico, bonificaci\u00f3n ni ning\u00fan otro beneficio laboral, adem\u00e1s de que viv\u00edan en la incertidumbre de no saber si al finalizar el per\u00edodo contractual se le renovar\u00eda. Todo esto ser\u00e1 sometido a un proceso de revisi\u00f3n para <\/span>su soluci\u00f3n.  <\/p>\n<h6> 2020-12-08 11:17:52 <\/h6>\n<p><!--\n<link rel=\"stylesheet\" href=\"css\/bootstrap.min.css\">\n\n\n<ul class=\"pagination\">\n\t    \n\t\n\n<li >\n\t<a href='?page_no=136'>Previous<\/a>\n\t<\/li>\n\n\n       \n    \n\n<li><a href='?page_no=1'>1<\/a><\/li>\n\n\n\n<li><a href='?page_no=2'>2<\/a><\/li>\n\n\n\n<li><a>...<\/a><\/li>\n\n\n\n<li><a href='?page_no=135'>135<\/a><\/li>\n\n\n\n<li><a href='?page_no=136'>136<\/a><\/li>\n\n\n\n<li class='active'><a>137<\/a><\/li>\n\n\n\n<li><a href='?page_no=138'>138<\/a><\/li>\n\n\n\n<li><a href='?page_no=139'>139<\/a><\/li>\n\n\n\n<li><a>...<\/a><\/li>\n\n\n\n<li><a href='?page_no=181'>181<\/a><\/li>\n\n\n\n<li><a href='?page_no=182'>182<\/a><\/li>\n\n    \n\t\n\n<li >\n\t<a href='?page_no=138'>Next<\/a>\n\t<\/li>\n\n\n    \n\n<li><a href='?page_no=182'>Last &rsaquo;&rsaquo;<\/a><\/li>\n\n<\/ul>\n\n\n--><br \/>\n<\/body><\/p>\n","protected":false},"excerpt":{"rendered":"<p>diariodominicano.com Santo Domingo, R. D., 8 de diciembre de 2020.- El ministro de Agricultura, Limber Cruz dispuso el pago y la regularizaci\u00f3n de 400 t\u00e9cnicos de diversas especialidades del \u00e1rea agropecuaria que ten\u00edan a\u00f1os designados por contrato y hab\u00edan acumulado varios meses sin cobrar. Durante un encuentro con los trabajadores, encabezado por el jefe de [&hellip;]<\/p>\n","protected":false},"author":3,"featured_media":0,"comment_status":"open","ping_status":"open","sticky":false,"template":"","format":"standard","meta":{"footnotes":""},"categories":[20],"tags":[],"class_list":["post-261250","post","type-post","status-publish","format-standard","hentry","category-dominicana-hoy"],"_links":{"self":[{"href":"https:\/\/diariodominicano.com\/index.php?rest_route=\/wp\/v2\/posts\/261250","targetHints":{"allow":["GET"]}}],"collection":[{"href":"https:\/\/diariodominicano.com\/index.php?rest_route=\/wp\/v2\/posts"}],"about":[{"href":"https:\/\/diariodominicano.com\/index.php?rest_route=\/wp\/v2\/types\/post"}],"author":[{"embeddable":true,"href":"https:\/\/diariodominicano.com\/index.php?rest_route=\/wp\/v2\/users\/3"}],"replies":[{"embeddable":true,"href":"https:\/\/diariodominicano.com\/index.php?rest_route=%2Fwp%2Fv2%2Fcomments&post=261250"}],"version-history":[{"count":0,"href":"https:\/\/diariodominicano.com\/index.php?rest_route=\/wp\/v2\/posts\/261250\/revisions"}],"wp:attachment":[{"href":"https:\/\/diariodominicano.com\/index.php?rest_route=%2Fwp%2Fv2%2Fmedia&parent=261250"}],"wp:term":[{"taxonomy":"category","embeddable":true,"href":"https:\/\/diariodominicano.com\/index.php?rest_route=%2Fwp%2Fv2%2Fcategories&post=261250"},{"taxonomy":"post_tag","embeddable":true,"href":"https:\/\/diariodominicano.com\/index.php?rest_route=%2Fwp%2Fv2%2Ftags&post=261250"}],"curies":[{"name":"wp","href":"https:\/\/api.w.org\/{rel}","templated":true}]}}