{"id":261249,"date":"2020-12-08T11:32:42","date_gmt":"2020-12-08T11:32:42","guid":{"rendered":"http:\/\/diariodominicano.ddns.net\/?p=261249"},"modified":"2020-12-08T11:32:42","modified_gmt":"2020-12-08T11:32:42","slug":"federacion-internacional-de-sociedades-de-la-cruz-roja-y-media-luna-roja-lamenta-fallecimiento-de-ligia-leroux","status":"publish","type":"post","link":"https:\/\/diariodominicano.com\/?p=261249","title":{"rendered":"Federaci\u00f3n Internacional de Sociedades de la Cruz Roja y Media Luna Roja lamenta Fallecimiento de Ligia Leroux"},"content":{"rendered":"<p><body><\/p>\n<p><img decoding=\"async\" src=\"http:\/\/localhost:8080\/img3\/ligia-leroux8-12-20.jpeg\" \/>  <\/p>\n<p><span class=\"text1noticias\">diariodominicano.com <\/span><\/p>\n<\/p>\n<p><span class=\"text1noticias\">Santo Domingo, 8 de Diciembre 2020.- La Federaci\u00f3n Internacional de Sociedades de la Cruz Roja y de la Media Luna Roja lamenta la p\u00e9rdida de la Dra. Ligia Leroux de Ram\u00edrez, Presidenta de la Cruz Roja Dominicana y ex miembro de la Junta de Gobierno de la Federaci\u00f3n.<\/span><\/p>\n<\/p>\n<p><span class=\"text1noticias\">La Dra. Leroux de Ram\u00edrez se desempe\u00f1\u00f3 como Presidenta de la Cruz Roja de Rep\u00fablica Dominicana entre 2000 y 2020. Durante este tiempo, dirigi\u00f3 a su Sociedad Nacional a trav\u00e9s de una serie de desaf\u00edos, incluida la respuesta masiva al terremoto de Hait\u00ed de 2010 y, m\u00e1s recientemente, la compleja y crucial respuesta a la pandemia de COVID-19.<\/span><\/p>\n<\/p>\n<p><span class=\"text1noticias\">Dentro de la familia m\u00e1s amplia de la Cruz Roja y de la Media Luna Roja, se desempe\u00f1\u00f3 como Presidenta del Comit\u00e9 Regional Interamericano entre 2007-2011, as\u00ed como miembro de la Junta de Gobierno de la Federaci\u00f3n Internacional. En 2018 se convirti\u00f3 en miembro del Comit\u00e9 de Mediaci\u00f3n y Cumplimiento de la Federaci\u00f3n Internacional.<\/span><\/p>\n<\/p>\n<p><span class=\"text1noticias\">El presidente de la IFRC, Francesco Rocca, dijo: \u00abEn nombre de la IFRC, expreso nuestro p\u00e9same a la familia y amigos de la Dra. Ligia Leroux de Ram\u00edrez, as\u00ed como al voluntariado y el personal de la Cruz Roja Dominicana.<\/span><\/p>\n<\/p>\n<p><span class=\"text1noticias\">\u00abLigia no solo era una humanitaria comprometida: Ligia fue para m\u00ed una amiga cercana, una mentora sabia y un ejemplo incre\u00edble para el Movimiento de la Cruz Roja y de la Media Luna Roja. Nunca la olvidaremos: su nombre y su liderazgo nos guiar\u00e1n en nuestras actividades humanitarias\u00bb.<\/span><\/p>\n<p><span class=\"text1noticias\">Fue una l\u00edder apasionada e hizo contribuciones significativas al desarrollo de las Sociedades Nacionales de la Cruz Roja en el Caribe. \u00abSus constantes esfuerzos por fortalecer la cohesi\u00f3n entre las Sociedades Nacionales del Caribe y de las Am\u00e9ricas sirvieron como un gran ejemplo de solidaridad humana y fuerza en acci\u00f3n\u00bb, agreg\u00f3 el Presidente Rocca.<\/span><\/p>\n<\/p>\n<p><span class=\"text1noticias\">Miguel Villarroel, vicepresidente de la Federaci\u00f3n Internacional, tambi\u00e9n rindi\u00f3 homenaje, diciendo:<\/span><\/p>\n<p><span class=\"text1noticias\">\u00abQuerida Do\u00f1a Ligia -como siempre la llam\u00e9 durante todos estos largos a\u00f1os de amistad- no puedo imaginarme una reuni\u00f3n  internacional sin verla  y sentarme a o\u00edrla. Usted siempre me dec\u00eda \u00aba ver, Miguel, cu\u00e9ntame \u00bfc\u00f3mo van las cosas? \u00aby habl\u00e1bamos por horas.\u00bb<\/span><\/p>\n<\/p>\n<p><span class=\"text1noticias\">\u00abFuiste una mujer de rectos principios, intachable y total honestidad. Compa\u00f1era de grandes batallas y comprometida con la labor humanitaria, dedicaste muy buena parte de tu vida a ayudar a los m\u00e1s vulnerables, a salvar vidas y a proteger la dignidad humana. Tus sabios consejos nos hicieron lograr la uni\u00f3n de las Sociedades Nacionales de nuestro continente, dejando as\u00ed un gran legado. Do\u00f1a Ligia siempre estar\u00e1s en mi coraz\u00f3n, te extra\u00f1are much\u00edsimo.<\/span><\/p>\n<\/p>\n<p><span class=\"text1noticias\">La Directora Regional de la IFRC para las Am\u00e9ricas, Martha Keays, dijo: \u00abLa Dra. Leroux de Ram\u00edrez ten\u00eda un compromiso incansable con el trabajo humanitario en Cuba, Hait\u00ed y Rep\u00fablica Dominicana. Su contribuci\u00f3n personal a la respuesta al terremoto de Hait\u00ed y al corredor humanitario en la Hispaniola es parte de su rico legado. Nuestros pensamientos est\u00e1n con su familia y colegas.<\/span><\/p>\n<\/p>\n<p><span class=\"text1noticias\">La Dra. Leroux de Ram\u00edrez se desempe\u00f1\u00f3 como funcionaria p\u00fablica en su pa\u00eds, donde fue designada Subsecretaria de Salud P\u00fablica y Directora General del Instituto Dominicano de Seguridad Social.<\/span><\/p>\n<\/p>\n<p><span class=\"text1noticias\"> Contaba con un Doctorado en Farmacia y Ciencias Qu\u00edmicas, con especialidad en Bioqu\u00edmica, y se gradu\u00f3 de la Universidad Aut\u00f3noma de Santo Domingo. Ense\u00f1\u00f3 bioqu\u00edmica en la Universidad durante 37 a\u00f1os.<\/span><\/p>\n<\/p>\n<p><span class=\"text1noticias\">La Dra. Leroux de Ram\u00edrez falleci\u00f3 el 4 de diciembre en Santo Domingo, Rep\u00fablica Dominicana. Le sobreviven sus hermanos, su hija Ligia Mar\u00eda Ram\u00edrez Leroux y el resto de su familia<\/span>.<\/p>\n<h6> 2020-12-08 11:32:42 <\/h6>\n<p><!--\n<link rel=\"stylesheet\" href=\"css\/bootstrap.min.css\">\n\n\n<ul class=\"pagination\">\n\t    \n\t\n\n<li >\n\t<a href='?page_no=135'>Previous<\/a>\n\t<\/li>\n\n\n       \n    \n\n<li><a href='?page_no=1'>1<\/a><\/li>\n\n\n\n<li><a href='?page_no=2'>2<\/a><\/li>\n\n\n\n<li><a>...<\/a><\/li>\n\n\n\n<li><a href='?page_no=134'>134<\/a><\/li>\n\n\n\n<li><a href='?page_no=135'>135<\/a><\/li>\n\n\n\n<li class='active'><a>136<\/a><\/li>\n\n\n\n<li><a href='?page_no=137'>137<\/a><\/li>\n\n\n\n<li><a href='?page_no=138'>138<\/a><\/li>\n\n\n\n<li><a>...<\/a><\/li>\n\n\n\n<li><a href='?page_no=181'>181<\/a><\/li>\n\n\n\n<li><a href='?page_no=182'>182<\/a><\/li>\n\n    \n\t\n\n<li >\n\t<a href='?page_no=137'>Next<\/a>\n\t<\/li>\n\n\n    \n\n<li><a href='?page_no=182'>Last &rsaquo;&rsaquo;<\/a><\/li>\n\n<\/ul>\n\n\n--><br \/>\n<\/body><\/p>\n","protected":false},"excerpt":{"rendered":"<p>diariodominicano.com Santo Domingo, 8 de Diciembre 2020.- La Federaci\u00f3n Internacional de Sociedades de la Cruz Roja y de la Media Luna Roja lamenta la p\u00e9rdida de la Dra. Ligia Leroux de Ram\u00edrez, Presidenta de la Cruz Roja Dominicana y ex miembro de la Junta de Gobierno de la Federaci\u00f3n. La Dra. Leroux de Ram\u00edrez se [&hellip;]<\/p>\n","protected":false},"author":3,"featured_media":0,"comment_status":"open","ping_status":"open","sticky":false,"template":"","format":"standard","meta":{"footnotes":""},"categories":[20],"tags":[],"class_list":["post-261249","post","type-post","status-publish","format-standard","hentry","category-dominicana-hoy"],"_links":{"self":[{"href":"https:\/\/diariodominicano.com\/index.php?rest_route=\/wp\/v2\/posts\/261249","targetHints":{"allow":["GET"]}}],"collection":[{"href":"https:\/\/diariodominicano.com\/index.php?rest_route=\/wp\/v2\/posts"}],"about":[{"href":"https:\/\/diariodominicano.com\/index.php?rest_route=\/wp\/v2\/types\/post"}],"author":[{"embeddable":true,"href":"https:\/\/diariodominicano.com\/index.php?rest_route=\/wp\/v2\/users\/3"}],"replies":[{"embeddable":true,"href":"https:\/\/diariodominicano.com\/index.php?rest_route=%2Fwp%2Fv2%2Fcomments&post=261249"}],"version-history":[{"count":0,"href":"https:\/\/diariodominicano.com\/index.php?rest_route=\/wp\/v2\/posts\/261249\/revisions"}],"wp:attachment":[{"href":"https:\/\/diariodominicano.com\/index.php?rest_route=%2Fwp%2Fv2%2Fmedia&parent=261249"}],"wp:term":[{"taxonomy":"category","embeddable":true,"href":"https:\/\/diariodominicano.com\/index.php?rest_route=%2Fwp%2Fv2%2Fcategories&post=261249"},{"taxonomy":"post_tag","embeddable":true,"href":"https:\/\/diariodominicano.com\/index.php?rest_route=%2Fwp%2Fv2%2Ftags&post=261249"}],"curies":[{"name":"wp","href":"https:\/\/api.w.org\/{rel}","templated":true}]}}