{"id":261246,"date":"2020-12-08T22:12:19","date_gmt":"2020-12-08T22:12:19","guid":{"rendered":"http:\/\/diariodominicano.ddns.net\/?p=261246"},"modified":"2020-12-08T22:12:19","modified_gmt":"2020-12-08T22:12:19","slug":"primera-dama-preside-primera-reunion-de-gabinete-de-ninez-y-adolescencia","status":"publish","type":"post","link":"https:\/\/diariodominicano.com\/?p=261246","title":{"rendered":"Primera dama preside primera reuni\u00f3n de Gabinete de Ni\u00f1ez y Adolescencia"},"content":{"rendered":"<p><body><\/p>\n<p><img decoding=\"async\" src=\"http:\/\/localhost:8080\/img3\/Raque Arbaje 8-12-20.jpg\" \/>  <\/p>\n<p><span class=\"text1noticias\">diariodominicano.com<\/span><\/p>\n<p><span class=\"text1noticias\"> <\/span><\/p>\n<p><span class=\"text1noticias\">Santo Domingo, R. D., 8 de diciembre, 2020.- La primera dama Raquel Arbaje afirm\u00f3 este martes que a partir de la entrada en vigor del Gabinete de la Ni\u00f1ez y la Adolescencia, cuya primera reuni\u00f3n se efectu\u00f3 hoy, la poblaci\u00f3n infantil y adolescente contar\u00e1 con la protecci\u00f3n efectiva de sus derechos y con planes que favorezcan su pleno desarrollo personal y social.<\/span><\/p>\n<p><span class=\"text1noticias\"> <\/span><\/p>\n<p><span class=\"text1noticias\">La nueva instituci\u00f3n, creada por el presidente Luis Abinader el pasado 16 de noviembre, est\u00e1 presidida por Arbaje y coordinada por el Consejo Nacional de la Ni\u00f1ez (CONANI), en la persona de la presidenta ejecutiva, Paula Disla. Tiene por objetivo, en un primer momento, dise\u00f1ar, consensuar y ejecutar pol\u00edticas sobre el matrimonio infantil, el embarazo adolescente y otros problemas que ata\u00f1en a los ni\u00f1os, ni\u00f1as y adolescentes.<\/span><\/p>\n<p><span class=\"text1noticias\"> <\/span><\/p>\n<p><span class=\"text1noticias\">Completan el Gabinete los ministerios Administrativo de la Presidencia, de la Mujer, de Trabajo, de Salud, de Educaci\u00f3n, de la Juventud, de Deportes y de Cultura, la Procuradur\u00eda General de la Rep\u00fablica, Progresando con Solidaridad (PROSOLI), el Instituto Nacional Atenci\u00f3n Integral a la Primera Infancia (Inaipi), el Consejo Nacional de Discapacidad y el Servicio Nacional de Salud.      <\/span><\/p>\n<p><span class=\"text1noticias\"> <\/span><\/p>\n<p><span class=\"text1noticias\">Al presidir el inicio de los trabajos, Arbaje resalt\u00f3 la complejidad de los temas en agenda, y plante\u00f3 como tarea inmediata levantar y sistematizar la informaci\u00f3n disponible sobre el matrimonio infantil y el embarazo adolescente en el pa\u00eds.<\/span><\/p>\n<p><span class=\"text1noticias\"> <\/span><\/p>\n<p><span class=\"text1noticias\">\u00abEsto implica saber qu\u00e9 se ha hecho en cada caso, y la calidad y resultado de esas intervenciones, lo que nos permitir\u00e1 determinar el tama\u00f1o del reto que tenemos por delante y, por tanto, dise\u00f1ar pol\u00edticas m\u00e1s eficaces en favor de nuestros ni\u00f1os, ni\u00f1as y adolescentes\u00bb, precis\u00f3.<\/span><\/p>\n<p><span class=\"text1noticias\"> <\/span><\/p>\n<p><span class=\"text1noticias\">Asimismo, se identificar\u00e1n las acciones, programas y proyectos relacionados con este grupo de poblaci\u00f3n que ejecutan los ministerios que forman parte del gabinete.<\/span><\/p>\n<p><span class=\"text1noticias\"> <\/span><\/p>\n<p><span class=\"text1noticias\">Arbaje exhort\u00f3 a las instituciones miembro del gabinete a imbuirse del esp\u00edritu de equipo, y a trabajar mancomunadamente para terminar con el matrimonio infantil y disminuir sustancialmente la maternidad precoz, problema social en el cual la Rep\u00fablica Dominicana ocupa el primer lugar entre los pa\u00edses del continente.<\/span><\/p>\n<p><span class=\"text1noticias\"> <\/span><\/p>\n<p><span class=\"text1noticias\">Termin\u00f3 resaltando el inter\u00e9s primordial del Gobierno del presidente Abinader en saldar la deuda social con los ni\u00f1os, ni\u00f1as y adolescentes, cuyos problemas se han agravado a trav\u00e9s del tiempo producto de la dejaci\u00f3n por el Estado de sus responsabilidades en la de protecci\u00f3n de derechos.<\/span><\/p>\n<p><span class=\"text1noticias\"> <\/span><\/p>\n<p><span class=\"text1noticias\">En la reuni\u00f3n de este martes, los representantes de las instituciones miembro tambi\u00e9n discutieron una propuesta preliminar de actividades que deber\u00e1n ejecutarse entre diciembre de este a\u00f1o y mayo del a\u00f1o pr\u00f3ximo, y que incluye, entre otras, la formaci\u00f3n de mesas de trabajo y sus medios operativos.<\/span><\/p>\n<p><span class=\"text1noticias\"> <\/span><\/p>\n<p><span class=\"text1noticias\">Al concluir la reuni\u00f3n, todas las instituciones parte del gabinete firmaron un documento como se\u00f1al del compromiso de cada uno de los miembros, quienes con su r\u00fabrica confirman su disposici\u00f3n y empe\u00f1o para trabajar en favor de la protecci\u00f3n y ampliaci\u00f3n de los derechos de ni\u00f1os, ni\u00f1as y adol<\/span>escentes.<\/p>\n<h6> 2020-12-08 22:12:19 <\/h6>\n<p><!--\n<link rel=\"stylesheet\" href=\"css\/bootstrap.min.css\">\n\n\n<ul class=\"pagination\">\n\t    \n\t\n\n<li >\n\t<a href='?page_no=132'>Previous<\/a>\n\t<\/li>\n\n\n       \n    \n\n<li><a href='?page_no=1'>1<\/a><\/li>\n\n\n\n<li><a href='?page_no=2'>2<\/a><\/li>\n\n\n\n<li><a>...<\/a><\/li>\n\n\n\n<li><a href='?page_no=131'>131<\/a><\/li>\n\n\n\n<li><a href='?page_no=132'>132<\/a><\/li>\n\n\n\n<li class='active'><a>133<\/a><\/li>\n\n\n\n<li><a href='?page_no=134'>134<\/a><\/li>\n\n\n\n<li><a href='?page_no=135'>135<\/a><\/li>\n\n\n\n<li><a>...<\/a><\/li>\n\n\n\n<li><a href='?page_no=181'>181<\/a><\/li>\n\n\n\n<li><a href='?page_no=182'>182<\/a><\/li>\n\n    \n\t\n\n<li >\n\t<a href='?page_no=134'>Next<\/a>\n\t<\/li>\n\n\n    \n\n<li><a href='?page_no=182'>Last &rsaquo;&rsaquo;<\/a><\/li>\n\n<\/ul>\n\n\n--><br \/>\n<\/body><\/p>\n","protected":false},"excerpt":{"rendered":"<p>diariodominicano.com Santo Domingo, R. D., 8 de diciembre, 2020.- La primera dama Raquel Arbaje afirm\u00f3 este martes que a partir de la entrada en vigor del Gabinete de la Ni\u00f1ez y la Adolescencia, cuya primera reuni\u00f3n se efectu\u00f3 hoy, la poblaci\u00f3n infantil y adolescente contar\u00e1 con la protecci\u00f3n efectiva de sus derechos y con planes [&hellip;]<\/p>\n","protected":false},"author":3,"featured_media":0,"comment_status":"open","ping_status":"open","sticky":false,"template":"","format":"standard","meta":{"footnotes":""},"categories":[20],"tags":[],"class_list":["post-261246","post","type-post","status-publish","format-standard","hentry","category-dominicana-hoy"],"_links":{"self":[{"href":"https:\/\/diariodominicano.com\/index.php?rest_route=\/wp\/v2\/posts\/261246","targetHints":{"allow":["GET"]}}],"collection":[{"href":"https:\/\/diariodominicano.com\/index.php?rest_route=\/wp\/v2\/posts"}],"about":[{"href":"https:\/\/diariodominicano.com\/index.php?rest_route=\/wp\/v2\/types\/post"}],"author":[{"embeddable":true,"href":"https:\/\/diariodominicano.com\/index.php?rest_route=\/wp\/v2\/users\/3"}],"replies":[{"embeddable":true,"href":"https:\/\/diariodominicano.com\/index.php?rest_route=%2Fwp%2Fv2%2Fcomments&post=261246"}],"version-history":[{"count":0,"href":"https:\/\/diariodominicano.com\/index.php?rest_route=\/wp\/v2\/posts\/261246\/revisions"}],"wp:attachment":[{"href":"https:\/\/diariodominicano.com\/index.php?rest_route=%2Fwp%2Fv2%2Fmedia&parent=261246"}],"wp:term":[{"taxonomy":"category","embeddable":true,"href":"https:\/\/diariodominicano.com\/index.php?rest_route=%2Fwp%2Fv2%2Fcategories&post=261246"},{"taxonomy":"post_tag","embeddable":true,"href":"https:\/\/diariodominicano.com\/index.php?rest_route=%2Fwp%2Fv2%2Ftags&post=261246"}],"curies":[{"name":"wp","href":"https:\/\/api.w.org\/{rel}","templated":true}]}}