{"id":261147,"date":"2020-11-30T11:13:42","date_gmt":"2020-11-30T11:13:42","guid":{"rendered":"http:\/\/diariodominicano.ddns.net\/?p=261147"},"modified":"2020-11-30T11:13:42","modified_gmt":"2020-11-30T11:13:42","slug":"biden-se-fractura-el-pie-jugando-con-su-perro-2","status":"publish","type":"post","link":"https:\/\/diariodominicano.com\/?p=261147","title":{"rendered":"Biden se fractura el pie jugando con su perro"},"content":{"rendered":"<p><body><\/p>\n<p><img decoding=\"async\" src=\"img3\/biden30-11-20.jpg\" \/>  <\/p>\n<p><span class=\"text1noticias\">diariodominicano.com <\/span><\/p>\n<p><span class=\"text1noticias\"> <\/span><\/p>\n<p><span class=\"text1noticias\">WASHINGTON, 30 nov (Xinhua) &#8212; El presidente electo de Estados Unidos, Joe Biden, se fractur\u00f3 el pie jugando con su perro, inform\u00f3 el domingo su m\u00e9dico tras revisarlo.<\/span><\/p>\n<p><span class=\"text1noticias\"> <\/span><\/p>\n<p><span class=\"text1noticias\">La lesi\u00f3n, sufrida el s\u00e1bado, le provoc\u00f3 peque\u00f1as fracturas en el pie que probablemente requieran que use una bota para caminar durante varias semanas, seg\u00fan el m\u00e9dico.<\/span><\/p>\n<p><span class=\"text1noticias\"> <\/span><\/p>\n<p><span class=\"text1noticias\">\u00abLas radiograf\u00edas iniciales no mostraron ninguna fractura obvia, pero su examen cl\u00ednico justific\u00f3 im\u00e1genes m\u00e1s detalladas\u00bb, dijo Kevin O&#8217;Connor, m\u00e9dico de atenci\u00f3n primaria de Biden.<\/span><\/p>\n<p><span class=\"text1noticias\"> <\/span><\/p>\n<p><span class=\"text1noticias\">\u00abLa tomograf\u00eda computarizada de seguimiento confirm\u00f3 las fracturas finas (peque\u00f1as) de los huesos cuneiformes laterales e intermedios del presidente electo Biden, que se encuentran en la parte media del pie. Se prev\u00e9 que probablemente necesitar\u00e1 una bota para caminar durante varias semanas\u00bb, abund\u00f3 el doctor.<\/span><\/p>\n<p><span class=\"text1noticias\"> <\/span><\/p>\n<p><span class=\"text1noticias\">M\u00e1s temprano el domingo, la oficina de Biden inform\u00f3 a trav\u00e9s de un comunicado que el exvicepresidente iba a ser examinado por un ortopedista \u00abpor precauci\u00f3n\u00bb luego de que se torciera el tobillo jugando con su perro Major.<\/span><\/p>\n<p><span class=\"text1noticias\"> <\/span><\/p>\n<p><span class=\"text1noticias\">El presidente Donald Trump retuite\u00f3 un videoclip que mostraba a Biden saliendo de la cl\u00ednica ortop\u00e9dica en Delaware despu\u00e9s del tratamiento y le dese\u00f3 que se mejore prontamente.<\/span><\/p>\n<p><span class=\"text1noticias\"> <\/span><\/p>\n<p><span class=\"text1noticias\">La familia Biden tiene dos perros, Major y Champ, ambos pastores alemanes.<\/span><\/p>\n<p><span class=\"text1noticias\"> <\/span><\/p>\n<p><span class=\"text1noticias\">Los Biden adoptaron oficialmente a la mascota Major en la Asociaci\u00f3n Humanitaria de Delaware en noviembre de 2018, mientras que Champ se uni\u00f3 a la familia Biden en diciembre de 2008, semanas despu\u00e9s de que Biden se convirtiera en vicepresid<\/span>ente electo.<\/p>\n<\/p>\n<p><span class=\"text1noticias\">(Multimedia)  <\/span><\/p>\n<p><span class=\"text1noticias\">Imagen de archivo del 18 de mayo de 2019 del exvicepresidente estadounidense, Joe Biden, asistiendo a un mitin de campa\u00f1a, en Filadelfia, Estados Unidos. (Xinhua\/Liu Jie)<\/span><\/p>\n<h6> 2020-11-30 11:13:42 <\/h6>\n<p><!--\n<link rel=\"stylesheet\" href=\"css\/bootstrap.min.css\">\n\n\n<ul class=\"pagination\">\n\t    \n\t\n\n<li >\n\t<a href='?page_no=446'>Previous<\/a>\n\t<\/li>\n\n\n       \n    \n\n<li><a href='?page_no=1'>1<\/a><\/li>\n\n\n\n<li><a href='?page_no=2'>2<\/a><\/li>\n\n\n\n<li><a>...<\/a><\/li>\n\n\n\n<li><a href='?page_no=441'>441<\/a><\/li>\n\n\n\n<li><a href='?page_no=442'>442<\/a><\/li>\n\n\n\n<li><a href='?page_no=443'>443<\/a><\/li>\n\n\n\n<li><a href='?page_no=444'>444<\/a><\/li>\n\n\n\n<li><a href='?page_no=445'>445<\/a><\/li>\n\n\n\n<li><a href='?page_no=446'>446<\/a><\/li>\n\n\n\n<li class='active'><a>447<\/a><\/li>\n\n    \n\t\n\n<li class='disabled'>\n\t<a >Next<\/a>\n\t<\/li>\n\n\n    <\/ul>\n\n\n--><br \/>\n<\/body><\/p>\n","protected":false},"excerpt":{"rendered":"<p>diariodominicano.com WASHINGTON, 30 nov (Xinhua) &#8212; El presidente electo de Estados Unidos, Joe Biden, se fractur\u00f3 el pie jugando con su perro, inform\u00f3 el domingo su m\u00e9dico tras revisarlo. La lesi\u00f3n, sufrida el s\u00e1bado, le provoc\u00f3 peque\u00f1as fracturas en el pie que probablemente requieran que use una bota para caminar durante varias semanas, seg\u00fan el [&hellip;]<\/p>\n","protected":false},"author":3,"featured_media":0,"comment_status":"open","ping_status":"open","sticky":false,"template":"","format":"standard","meta":{"footnotes":""},"categories":[23],"tags":[],"class_list":["post-261147","post","type-post","status-publish","format-standard","hentry","category-internacional"],"_links":{"self":[{"href":"https:\/\/diariodominicano.com\/index.php?rest_route=\/wp\/v2\/posts\/261147","targetHints":{"allow":["GET"]}}],"collection":[{"href":"https:\/\/diariodominicano.com\/index.php?rest_route=\/wp\/v2\/posts"}],"about":[{"href":"https:\/\/diariodominicano.com\/index.php?rest_route=\/wp\/v2\/types\/post"}],"author":[{"embeddable":true,"href":"https:\/\/diariodominicano.com\/index.php?rest_route=\/wp\/v2\/users\/3"}],"replies":[{"embeddable":true,"href":"https:\/\/diariodominicano.com\/index.php?rest_route=%2Fwp%2Fv2%2Fcomments&post=261147"}],"version-history":[{"count":0,"href":"https:\/\/diariodominicano.com\/index.php?rest_route=\/wp\/v2\/posts\/261147\/revisions"}],"wp:attachment":[{"href":"https:\/\/diariodominicano.com\/index.php?rest_route=%2Fwp%2Fv2%2Fmedia&parent=261147"}],"wp:term":[{"taxonomy":"category","embeddable":true,"href":"https:\/\/diariodominicano.com\/index.php?rest_route=%2Fwp%2Fv2%2Fcategories&post=261147"},{"taxonomy":"post_tag","embeddable":true,"href":"https:\/\/diariodominicano.com\/index.php?rest_route=%2Fwp%2Fv2%2Ftags&post=261147"}],"curies":[{"name":"wp","href":"https:\/\/api.w.org\/{rel}","templated":true}]}}