{"id":261145,"date":"2020-11-30T11:44:46","date_gmt":"2020-11-30T11:44:46","guid":{"rendered":"http:\/\/diariodominicano.ddns.net\/?p=261145"},"modified":"2020-11-30T11:44:46","modified_gmt":"2020-11-30T11:44:46","slug":"medicos-haitianos-solo-mantendran-abiertos-los-servicios-de-emergencia-debido-a-niveoles-de-inseguridad-2","status":"publish","type":"post","link":"https:\/\/diariodominicano.com\/?p=261145","title":{"rendered":"M\u00e9dicos haitianos s\u00f3lo mantendr\u00e1n abiertos los servicios de emergencia debido a niveoles de inseguridad"},"content":{"rendered":"<p><body><\/p>\n<p><img decoding=\"async\" src=\"img3\/Medico-haiti30-11-20.jpg\" \/>  <\/p>\n<p><span class=\"text1noticias\"> diariodominicano.com<\/span><\/p>\n<p><span class=\"text1noticias\"> <\/span><\/p>\n<p><span class=\"text1noticias\">Puerto Pr\u00edncipe, 30 nov (Prensa Latina) Varios hospitales en la capital de Hait\u00ed y otros departamentos cerrar\u00e1n hoy sus puertas en protesta contra el aumento de la inseguridad.<\/span><\/p>\n<p><span class=\"text1noticias\"> <\/span><\/p>\n<p><span class=\"text1noticias\">En Puerto Pr\u00edncipe los nosocomios Bernard Mevs, Canap\u00e9-Vert y Espoir solo mantendr\u00e1n abiertos los servicios de emergencia, y un escenario similar ocurrir\u00e1 en el Justinien de Cabo Haitiano.<\/span><\/p>\n<p><span class=\"text1noticias\"> <\/span><\/p>\n<p><span class=\"text1noticias\">Tambi\u00e9n las instituciones de salud del centro de Desarrollo de Actividades Sanitarias en Hait\u00ed, el complejo m\u00e9dico Ephata y la cl\u00ednica de salud Avenue Christophe se unir\u00e1n al movimiento.<\/span><\/p>\n<p><span class=\"text1noticias\"> <\/span><\/p>\n<p><span class=\"text1noticias\">En un comunicado, el hospital de Canap\u00e9-Vert calific\u00f3 de inaceptables los niveles de inseguridad, mientras que el Bernad Mevs exigi\u00f3 la liberaci\u00f3n sin condiciones del m\u00e9dico Hans T\u00e9l\u00e9maque, secuestrado en la madrugada del s\u00e1bado en el coraz\u00f3n de esta capital, aunque horas despu\u00e9s el galeno fue puesto en libertad tras negociaciones con sus familiares.<\/span><\/p>\n<p><span class=\"text1noticias\"> <\/span><\/p>\n<p><span class=\"text1noticias\">No obstante, el gremio asegur\u00f3 que mantendr\u00e1 el movimiento de protesta para denunciar la multiplicaci\u00f3n de estos casos en el pa\u00eds.<\/span><\/p>\n<p><span class=\"text1noticias\"> <\/span><\/p>\n<p><span class=\"text1noticias\">Durante el pasado fin de semana, m\u00e9dicos, enfermeras y simpatizantes se movilizaron en la principal ciudad del pa\u00eds para reclamar a las autoridades medidas concretas contra el flagelo, cuando fueron reprimidos con gases lacrim\u00f3genos.<\/span><\/p>\n<p><span class=\"text1noticias\"> <\/span><\/p>\n<p><span class=\"text1noticias\">El Comit\u00e9 Nacional de M\u00e9dicos en Residencia Hospitalaria conden\u00f3 en\u00e9rgicamente el accionar de la polic\u00eda y amenaz\u00f3 con cesar todos los servicios en los hospitales p\u00fablicos.<\/span><\/p>\n<p><span class=\"text1noticias\"> <\/span><\/p>\n<p><span class=\"text1noticias\">El secuestro del galeno regresa a la agenda medi\u00e1tica el fen\u00f3meno de la inseguridad en Hait\u00ed, agudizado particularmente en los \u00faltimos meses.<\/span><\/p>\n<p><span class=\"text1noticias\"> <\/span><\/p>\n<p><span class=\"text1noticias\">Antes, el rapto y posterior asesinato de la estudiante Evelyne Sinc\u00e8re o el homicidio del presidente del Colegio de Abogados, Moferrier Dorval, tambi\u00e9n conmocionaron al pa\u00eds.<\/span><\/p>\n<p><span class=\"text1noticias\"> <\/span><\/p>\n<p><span class=\"text1noticias\">A la ya larga lista se suman las incursiones de bandas armadas en los barrios vulnerables, o los asesinatos sin causas aparentes, mientras el nuevo director policial, Le\u00f3n Charles, promete que restaurar\u00e1 la p<\/span>az.<\/p>\n<\/p>\n<p>jf\/ane<\/p>\n<h6> 2020-11-30 11:44:46 <\/h6>\n<p><!--\n<link rel=\"stylesheet\" href=\"css\/bootstrap.min.css\">\n\n\n<ul class=\"pagination\">\n\t    \n\t\n\n<li >\n\t<a href='?page_no=444'>Previous<\/a>\n\t<\/li>\n\n\n       \n    \n\n<li><a href='?page_no=1'>1<\/a><\/li>\n\n\n\n<li><a href='?page_no=2'>2<\/a><\/li>\n\n\n\n<li><a>...<\/a><\/li>\n\n\n\n<li><a href='?page_no=441'>441<\/a><\/li>\n\n\n\n<li><a href='?page_no=442'>442<\/a><\/li>\n\n\n\n<li><a href='?page_no=443'>443<\/a><\/li>\n\n\n\n<li><a href='?page_no=444'>444<\/a><\/li>\n\n\n\n<li class='active'><a>445<\/a><\/li>\n\n\n\n<li><a href='?page_no=446'>446<\/a><\/li>\n\n\n\n<li><a href='?page_no=447'>447<\/a><\/li>\n\n    \n\t\n\n<li >\n\t<a href='?page_no=446'>Next<\/a>\n\t<\/li>\n\n\n    \n\n<li><a href='?page_no=447'>Last &rsaquo;&rsaquo;<\/a><\/li>\n\n<\/ul>\n\n\n--><br \/>\n<\/body><\/p>\n","protected":false},"excerpt":{"rendered":"<p>diariodominicano.com Puerto Pr\u00edncipe, 30 nov (Prensa Latina) Varios hospitales en la capital de Hait\u00ed y otros departamentos cerrar\u00e1n hoy sus puertas en protesta contra el aumento de la inseguridad. En Puerto Pr\u00edncipe los nosocomios Bernard Mevs, Canap\u00e9-Vert y Espoir solo mantendr\u00e1n abiertos los servicios de emergencia, y un escenario similar ocurrir\u00e1 en el Justinien de [&hellip;]<\/p>\n","protected":false},"author":3,"featured_media":0,"comment_status":"open","ping_status":"open","sticky":false,"template":"","format":"standard","meta":{"footnotes":""},"categories":[23],"tags":[],"class_list":["post-261145","post","type-post","status-publish","format-standard","hentry","category-internacional"],"_links":{"self":[{"href":"https:\/\/diariodominicano.com\/index.php?rest_route=\/wp\/v2\/posts\/261145","targetHints":{"allow":["GET"]}}],"collection":[{"href":"https:\/\/diariodominicano.com\/index.php?rest_route=\/wp\/v2\/posts"}],"about":[{"href":"https:\/\/diariodominicano.com\/index.php?rest_route=\/wp\/v2\/types\/post"}],"author":[{"embeddable":true,"href":"https:\/\/diariodominicano.com\/index.php?rest_route=\/wp\/v2\/users\/3"}],"replies":[{"embeddable":true,"href":"https:\/\/diariodominicano.com\/index.php?rest_route=%2Fwp%2Fv2%2Fcomments&post=261145"}],"version-history":[{"count":0,"href":"https:\/\/diariodominicano.com\/index.php?rest_route=\/wp\/v2\/posts\/261145\/revisions"}],"wp:attachment":[{"href":"https:\/\/diariodominicano.com\/index.php?rest_route=%2Fwp%2Fv2%2Fmedia&parent=261145"}],"wp:term":[{"taxonomy":"category","embeddable":true,"href":"https:\/\/diariodominicano.com\/index.php?rest_route=%2Fwp%2Fv2%2Fcategories&post=261145"},{"taxonomy":"post_tag","embeddable":true,"href":"https:\/\/diariodominicano.com\/index.php?rest_route=%2Fwp%2Fv2%2Ftags&post=261145"}],"curies":[{"name":"wp","href":"https:\/\/api.w.org\/{rel}","templated":true}]}}