{"id":261144,"date":"2020-11-30T12:39:01","date_gmt":"2020-11-30T12:39:01","guid":{"rendered":"http:\/\/diariodominicano.ddns.net\/?p=261144"},"modified":"2020-11-30T12:39:01","modified_gmt":"2020-11-30T12:39:01","slug":"presidente-de-egipto-subraya-apoyo-total-a-opciones-palestinas-2","status":"publish","type":"post","link":"https:\/\/diariodominicano.com\/?p=261144","title":{"rendered":"Presidente de Egipto subraya apoyo total a opciones palestinas"},"content":{"rendered":"<p><body><\/p>\n<p><span class=\"text1noticias\">diariodominicano.com<\/span><\/p>\n<\/p>\n<p><span class=\"text1noticias\">   EL CAIRO, 30 nov (Xinhua) &#8212; El presidente egipcio, Abdel-Fattah al-Sisi, destac\u00f3 hoy que la causa palestina seguir\u00e1 siendo una prioridad en las pol\u00edticas egipcias, dijo la presidencia en un comunicado.<\/span><\/p>\n<\/p>\n<p><span class=\"text1noticias\">   Durante su reuni\u00f3n con el presidente palestino, Mahmoud Abbas, de visita en El Cairo, al-Sisi dijo que la posici\u00f3n de Egipto sobre el tema palestino es fija, lo que confirma el apoyo total de Egipto a las opciones palestinas.<\/span><\/p>\n<\/p>\n<p><span class=\"text1noticias\">   A la reuni\u00f3n asistieron el ministro de Relaciones Exteriores egipcio, Sameh Shoukry, el director del Servicio General de Inteligencia de Egipto, Abbas Kamel, y el jefe del Servicio General de Inteligencia Palestina, Maged Farag.<\/span><\/p>\n<\/p>\n<p><span class=\"text1noticias\">   La reuni\u00f3n abord\u00f3 los recientes acontecimientos en la causa palestina y el proceso de paz en Medio Oriente, agrega el comunicado.<\/span><\/p>\n<\/p>\n<p><span class=\"text1noticias\">   El domingo, al-Sisi y el rey Abdullah II de Jordania tambi\u00e9n discutieron los acontecimientos recientes en Palestina en una llamada telef\u00f3nica e intercambiaron puntos de vista sobre los medios para impulsar y reactivar el proceso de paz en Medio Oriente. Fin<\/span><\/p>\n<h6> 2020-11-30 12:39:01 <\/h6>\n<p><!--\n<link rel=\"stylesheet\" href=\"css\/bootstrap.min.css\">\n\n\n<ul class=\"pagination\">\n\t    \n\t\n\n<li >\n\t<a href='?page_no=443'>Previous<\/a>\n\t<\/li>\n\n\n       \n    \n\n<li><a href='?page_no=1'>1<\/a><\/li>\n\n\n\n<li><a href='?page_no=2'>2<\/a><\/li>\n\n\n\n<li><a>...<\/a><\/li>\n\n\n\n<li><a href='?page_no=441'>441<\/a><\/li>\n\n\n\n<li><a href='?page_no=442'>442<\/a><\/li>\n\n\n\n<li><a href='?page_no=443'>443<\/a><\/li>\n\n\n\n<li class='active'><a>444<\/a><\/li>\n\n\n\n<li><a href='?page_no=445'>445<\/a><\/li>\n\n\n\n<li><a href='?page_no=446'>446<\/a><\/li>\n\n\n\n<li><a href='?page_no=447'>447<\/a><\/li>\n\n    \n\t\n\n<li >\n\t<a href='?page_no=445'>Next<\/a>\n\t<\/li>\n\n\n    \n\n<li><a href='?page_no=447'>Last &rsaquo;&rsaquo;<\/a><\/li>\n\n<\/ul>\n\n\n--><br \/>\n<\/body><\/p>\n","protected":false},"excerpt":{"rendered":"<p>diariodominicano.com EL CAIRO, 30 nov (Xinhua) &#8212; El presidente egipcio, Abdel-Fattah al-Sisi, destac\u00f3 hoy que la causa palestina seguir\u00e1 siendo una prioridad en las pol\u00edticas egipcias, dijo la presidencia en un comunicado. Durante su reuni\u00f3n con el presidente palestino, Mahmoud Abbas, de visita en El Cairo, al-Sisi dijo que la posici\u00f3n de Egipto sobre el [&hellip;]<\/p>\n","protected":false},"author":3,"featured_media":0,"comment_status":"open","ping_status":"open","sticky":false,"template":"","format":"standard","meta":{"footnotes":""},"categories":[23],"tags":[],"class_list":["post-261144","post","type-post","status-publish","format-standard","hentry","category-internacional"],"_links":{"self":[{"href":"https:\/\/diariodominicano.com\/index.php?rest_route=\/wp\/v2\/posts\/261144","targetHints":{"allow":["GET"]}}],"collection":[{"href":"https:\/\/diariodominicano.com\/index.php?rest_route=\/wp\/v2\/posts"}],"about":[{"href":"https:\/\/diariodominicano.com\/index.php?rest_route=\/wp\/v2\/types\/post"}],"author":[{"embeddable":true,"href":"https:\/\/diariodominicano.com\/index.php?rest_route=\/wp\/v2\/users\/3"}],"replies":[{"embeddable":true,"href":"https:\/\/diariodominicano.com\/index.php?rest_route=%2Fwp%2Fv2%2Fcomments&post=261144"}],"version-history":[{"count":0,"href":"https:\/\/diariodominicano.com\/index.php?rest_route=\/wp\/v2\/posts\/261144\/revisions"}],"wp:attachment":[{"href":"https:\/\/diariodominicano.com\/index.php?rest_route=%2Fwp%2Fv2%2Fmedia&parent=261144"}],"wp:term":[{"taxonomy":"category","embeddable":true,"href":"https:\/\/diariodominicano.com\/index.php?rest_route=%2Fwp%2Fv2%2Fcategories&post=261144"},{"taxonomy":"post_tag","embeddable":true,"href":"https:\/\/diariodominicano.com\/index.php?rest_route=%2Fwp%2Fv2%2Ftags&post=261144"}],"curies":[{"name":"wp","href":"https:\/\/api.w.org\/{rel}","templated":true}]}}