{"id":261135,"date":"2020-12-01T11:15:17","date_gmt":"2020-12-01T11:15:17","guid":{"rendered":"http:\/\/diariodominicano.ddns.net\/?p=261135"},"modified":"2020-12-01T11:15:17","modified_gmt":"2020-12-01T11:15:17","slug":"programas-ecologicos-de-china-sacan-de-la-pobreza-a-mas-de-20-millones-de-personas","status":"publish","type":"post","link":"https:\/\/diariodominicano.com\/?p=261135","title":{"rendered":"Programas ecol\u00f3gicos de China sacan de la pobreza a m\u00e1s de 20 millones de personas"},"content":{"rendered":"<p><body><\/p>\n<p><img decoding=\"async\" src=\"http:\/\/localhost:8080\/img3\/chinaforeta1-11-20.jpg\" \/>  <\/p>\n<p> diariodominicano.com<\/p>\n<p><span class=\"text1noticias\"> <\/span><\/p>\n<p><span class=\"text1noticias\">BEIJING, 1 dic (Xinhua) &#8212; M\u00e1s de 20 millones de personas que viv\u00edan por debajo de la l\u00ednea de la pobreza en China se libraron de este flagelo a trav\u00e9s de programas ecol\u00f3gicos relacionados con la reducci\u00f3n de la pobreza, seg\u00fan la Administraci\u00f3n Nacional de Silvicultura y Praderas.<\/span><\/p>\n<p><span class=\"text1noticias\"> <\/span><\/p>\n<p><span class=\"text1noticias\">Hasta la fecha el pa\u00eds ha completado todas las tareas de sus programas ecol\u00f3gicos tendientes a librar a la gente de la pobreza implementando una coordinaci\u00f3n de la reducci\u00f3n de la pobreza con la protecci\u00f3n ecol\u00f3gica, dijo hoy martes Li Chunliang, subdirector de la administraci\u00f3n, en una conferencia de prensa.<\/span><\/p>\n<p><span class=\"text1noticias\"> <\/span><\/p>\n<p><span class=\"text1noticias\">La entidad ha llevado a cabo varios programas de este tipo, tales como proyectos de compensaci\u00f3n ecol\u00f3gica y reforestaci\u00f3n patrocinados por el Gobierno, con el fin de ayudar a la poblaci\u00f3n de escasos recursos del pa\u00eds a salir de esta situaci\u00f3n, detall\u00f3 Li.<\/span><\/p>\n<p><span class=\"text1noticias\"> <\/span><\/p>\n<p><span class=\"text1noticias\">Como parte del mecanismo de compensaci\u00f3n ecol\u00f3gica, las autoridades forestales de todo el pa\u00eds han reclutado en total a cerca de 1,1 millones de guardabosques provenientes de hogares pobres desde 2016. El programa ha ayudado a los grupos afectados por la pobreza ofreci\u00e9ndoles un empleo estable, al tiempo que ha contribuido a la protecci\u00f3n ecol\u00f3gica.<\/span><\/p>\n<p><span class=\"text1noticias\"> <\/span><\/p>\n<p><span class=\"text1noticias\">China aspira a eliminar la pobreza absoluta y alcanzar su objetivo de culminar la construcci\u00f3n integral de una sociedad modestamente acomodada para el final<\/span> de 2020.<\/p>\n<\/p>\n<p><span class=\"text1noticias\">(Multimedia)  <\/span><\/p>\n<p><span class=\"text1noticias\">Un miembro del personal rema en un bote en un \u00e1rea esc\u00e9nica del poblado de Canggou, en el distrito de Wulong de Chongqing, en el suroeste de China, el 4 de septiembre de 2020. (Xinhua \/ Wang Quanchao)<\/span><\/p>\n<h6> 2020-12-01 11:15:17 <\/h6>\n<p><!--\n<link rel=\"stylesheet\" href=\"css\/bootstrap.min.css\">\n\n\n<ul class=\"pagination\">\n\t    \n\t\n\n<li >\n\t<a href='?page_no=435'>Previous<\/a>\n\t<\/li>\n\n\n       \n    \n\n<li><a href='?page_no=1'>1<\/a><\/li>\n\n\n\n<li><a href='?page_no=2'>2<\/a><\/li>\n\n\n\n<li><a>...<\/a><\/li>\n\n\n\n<li><a href='?page_no=434'>434<\/a><\/li>\n\n\n\n<li><a href='?page_no=435'>435<\/a><\/li>\n\n\n\n<li class='active'><a>436<\/a><\/li>\n\n\n\n<li><a href='?page_no=437'>437<\/a><\/li>\n\n\n\n<li><a href='?page_no=438'>438<\/a><\/li>\n\n\n\n<li><a>...<\/a><\/li>\n\n\n\n<li><a href='?page_no=446'>446<\/a><\/li>\n\n\n\n<li><a href='?page_no=447'>447<\/a><\/li>\n\n    \n\t\n\n<li >\n\t<a href='?page_no=437'>Next<\/a>\n\t<\/li>\n\n\n    \n\n<li><a href='?page_no=447'>Last &rsaquo;&rsaquo;<\/a><\/li>\n\n<\/ul>\n\n\n--><br \/>\n<\/body><\/p>\n","protected":false},"excerpt":{"rendered":"<p>diariodominicano.com BEIJING, 1 dic (Xinhua) &#8212; M\u00e1s de 20 millones de personas que viv\u00edan por debajo de la l\u00ednea de la pobreza en China se libraron de este flagelo a trav\u00e9s de programas ecol\u00f3gicos relacionados con la reducci\u00f3n de la pobreza, seg\u00fan la Administraci\u00f3n Nacional de Silvicultura y Praderas. Hasta la fecha el pa\u00eds ha [&hellip;]<\/p>\n","protected":false},"author":3,"featured_media":0,"comment_status":"open","ping_status":"open","sticky":false,"template":"","format":"standard","meta":{"footnotes":""},"categories":[23],"tags":[],"class_list":["post-261135","post","type-post","status-publish","format-standard","hentry","category-internacional"],"_links":{"self":[{"href":"https:\/\/diariodominicano.com\/index.php?rest_route=\/wp\/v2\/posts\/261135","targetHints":{"allow":["GET"]}}],"collection":[{"href":"https:\/\/diariodominicano.com\/index.php?rest_route=\/wp\/v2\/posts"}],"about":[{"href":"https:\/\/diariodominicano.com\/index.php?rest_route=\/wp\/v2\/types\/post"}],"author":[{"embeddable":true,"href":"https:\/\/diariodominicano.com\/index.php?rest_route=\/wp\/v2\/users\/3"}],"replies":[{"embeddable":true,"href":"https:\/\/diariodominicano.com\/index.php?rest_route=%2Fwp%2Fv2%2Fcomments&post=261135"}],"version-history":[{"count":0,"href":"https:\/\/diariodominicano.com\/index.php?rest_route=\/wp\/v2\/posts\/261135\/revisions"}],"wp:attachment":[{"href":"https:\/\/diariodominicano.com\/index.php?rest_route=%2Fwp%2Fv2%2Fmedia&parent=261135"}],"wp:term":[{"taxonomy":"category","embeddable":true,"href":"https:\/\/diariodominicano.com\/index.php?rest_route=%2Fwp%2Fv2%2Fcategories&post=261135"},{"taxonomy":"post_tag","embeddable":true,"href":"https:\/\/diariodominicano.com\/index.php?rest_route=%2Fwp%2Fv2%2Ftags&post=261135"}],"curies":[{"name":"wp","href":"https:\/\/api.w.org\/{rel}","templated":true}]}}